{"id":17267,"date":"2016-10-18T20:00:57","date_gmt":"2016-10-18T23:00:57","guid":{"rendered":"http:\/\/www.yungayino.cl\/noticias\/?p=17267"},"modified":"2016-10-18T22:11:43","modified_gmt":"2016-10-19T01:11:43","slug":"centro-de-alumnos-del-liceo-a-17-organizo-acto-dia-del-profesor","status":"publish","type":"post","link":"https:\/\/www.yungayino.cl\/noticias\/?p=17267","title":{"rendered":"Centro de Alumnos del Liceo A-17 Organizo Acto \u201cD\u00eda del Profesor\u201d"},"content":{"rendered":"<p><img loading=\"lazy\" decoding=\"async\" class=\"alignnone size-full wp-image-17271\" src=\"http:\/\/www.yungayino.cl\/noticias\/wp-content\/uploads\/2016\/10\/dia_profesor_liceo_2016.jpg\" alt=\"dia_profesor_liceo_2016\" width=\"700\" height=\"350\" srcset=\"https:\/\/www.yungayino.cl\/noticias\/wp-content\/uploads\/2016\/10\/dia_profesor_liceo_2016.jpg 700w, https:\/\/www.yungayino.cl\/noticias\/wp-content\/uploads\/2016\/10\/dia_profesor_liceo_2016-300x150.jpg 300w\" sizes=\"auto, (max-width: 700px) 100vw, 700px\" \/><\/p>\n<p style=\"text-align: justify;\">Yungay, martes 18 de octubre 2016: En las dependencias del Liceo A-17 el pasado viernes 14 de octubre el Centro de Alumnos del Liceo organizo un acto con motivo de la celebraci\u00f3n del \u201cD\u00eda del Profesor\u201d, el cual fue realizado en conjunto con los Asistentes de la Educaci\u00f3n.<\/p>\n<p style=\"text-align: justify;\">El acto estuvo encabezado por su Director Sergio Villalobos, quien en su discurso\u00a0 destaco el acto organizado por el centro de alumnos, y a la vez felicito a todos los profesores adem\u00e1s de destacar el avance que ha tenido el Liceo en estos \u00faltimos a\u00f1os.<\/p>\n<p style=\"text-align: justify;\">\n<p style=\"text-align: justify;\"><iframe loading=\"lazy\" src=\"https:\/\/www.facebook.com\/plugins\/post.php?href=https:\/\/www.facebook.com\/media\/set\/?set=a.1436579279690440.1073742955.159561284058919&#038;type=1&#038;l=c7df69174f&#038;l=a77e327dc6&#038;l=f5951f1994&#038;l=bfecbb8adf&#038;l=687b6bf5da&#038;width=500&#038;show_text=true&#038;height=691&#038;appId\" width=\"500\" height=\"691\" style=\"border:none;overflow:hidden\" scrolling=\"no\" frameborder=\"0\" allowTransparency=\"true\"><\/iframe>\n<\/p>\n<p style=\"text-align: justify;\">\n<p style=\"text-align: justify;\">\n<p style=\"text-align: justify;\">Sebasti\u00e1n Figueroa, Presidente del Centro de Alumnos del Liceo se\u00f1alo al Equipo del Portal Yungayino.cl que fue un acto que se realiz\u00f3 en conjunto con los asistentes de la educaci\u00f3n, donde se organizaron y prepararon un acto con n\u00fameros art\u00edsticos realizados por los propios alumnos, adem\u00e1s de prepararles un rico desayuno.<\/p>\n<p style=\"text-align: justify;\">Por su parte el Profesor de Educaci\u00f3n Tecnol\u00f3gica, Lister Sep\u00falveda destaco y agradeci\u00f3 el acto el cual fue hecho con mucha entrega y amor hacia los profesores por parte de los alumnos, y de reconocimiento a la labor que realizan diariamente en la sala de clases como fuera de ella, tambi\u00e9n destaco las palabras del director, qui\u00e9n hizo reconocimiento al Liceo por haber logrado la Excelencia Acad\u00e9mica.<\/p>\n<p style=\"text-align: justify;\">Finalmente el acto termino con un desayuno para todos los profesores organizado por el Centro de Alumnos, Centro de Padres y los Asistentes de la Educaci\u00f3n.<\/p>\n<p style=\"text-align: justify;\">\n<p style=\"text-align: justify;\"><strong>[su_button url=\u00bbhttps:\/\/www.facebook.com\/media\/set\/?set=a.1436579279690440.1073742955.159561284058919&amp;type=1&amp;l=c7df69174f\u00bb target=\u00bbblank\u00bb size=\u00bb7&#8243; radius=\u00bbround\u00bb icon=\u00bbicon: facebook-square\u00bb]FOTOGRAF\u00cdAS &#8211; Centro de Alumnos del Liceo A-17 Organizo Acto \u201cD\u00eda del Profesor\u201d[\/su_button]<\/strong><\/p>\n","protected":false},"excerpt":{"rendered":"<p>Yungay, martes 18 de octubre 2016: En las dependencias del Liceo A-17 el pasado viernes 14 de octubre el Centro de Alumnos del Liceo organizo un acto con motivo de la celebraci\u00f3n del \u201cD\u00eda&#46;&#46;&#46;<\/p>\n","protected":false},"author":2,"featured_media":17271,"comment_status":"open","ping_status":"open","sticky":false,"template":"","format":"standard","meta":{"footnotes":""},"categories":[1],"tags":[268,89,8,6,117],"class_list":["post-17267","post","type-post","status-publish","format-standard","has-post-thumbnail","hentry","category-noticias","tag-dia-profesor","tag-liceo-yungay","tag-yungay","tag-yungayino","tag-yungayinocl"],"_links":{"self":[{"href":"https:\/\/www.yungayino.cl\/noticias\/index.php?rest_route=\/wp\/v2\/posts\/17267","targetHints":{"allow":["GET"]}}],"collection":[{"href":"https:\/\/www.yungayino.cl\/noticias\/index.php?rest_route=\/wp\/v2\/posts"}],"about":[{"href":"https:\/\/www.yungayino.cl\/noticias\/index.php?rest_route=\/wp\/v2\/types\/post"}],"author":[{"embeddable":true,"href":"https:\/\/www.yungayino.cl\/noticias\/index.php?rest_route=\/wp\/v2\/users\/2"}],"replies":[{"embeddable":true,"href":"https:\/\/www.yungayino.cl\/noticias\/index.php?rest_route=%2Fwp%2Fv2%2Fcomments&post=17267"}],"version-history":[{"count":2,"href":"https:\/\/www.yungayino.cl\/noticias\/index.php?rest_route=\/wp\/v2\/posts\/17267\/revisions"}],"predecessor-version":[{"id":17272,"href":"https:\/\/www.yungayino.cl\/noticias\/index.php?rest_route=\/wp\/v2\/posts\/17267\/revisions\/17272"}],"wp:featuredmedia":[{"embeddable":true,"href":"https:\/\/www.yungayino.cl\/noticias\/index.php?rest_route=\/wp\/v2\/media\/17271"}],"wp:attachment":[{"href":"https:\/\/www.yungayino.cl\/noticias\/index.php?rest_route=%2Fwp%2Fv2%2Fmedia&parent=17267"}],"wp:term":[{"taxonomy":"category","embeddable":true,"href":"https:\/\/www.yungayino.cl\/noticias\/index.php?rest_route=%2Fwp%2Fv2%2Fcategories&post=17267"},{"taxonomy":"post_tag","embeddable":true,"href":"https:\/\/www.yungayino.cl\/noticias\/index.php?rest_route=%2Fwp%2Fv2%2Ftags&post=17267"}],"curies":[{"name":"wp","href":"https:\/\/api.w.org\/{rel}","templated":true}]}}