{"id":17273,"date":"2016-10-18T21:00:05","date_gmt":"2016-10-19T00:00:05","guid":{"rendered":"http:\/\/www.yungayino.cl\/noticias\/?p=17273"},"modified":"2016-10-18T22:17:29","modified_gmt":"2016-10-19T01:17:29","slug":"carabineros-realizo-campanas-preventivas-en-sector-de-pallahuala","status":"publish","type":"post","link":"https:\/\/www.yungayino.cl\/noticias\/?p=17273","title":{"rendered":"Carabineros Realizo Campa\u00f1as Preventivas en Sector de Pallahuala"},"content":{"rendered":"<p><img loading=\"lazy\" decoding=\"async\" class=\"alignnone size-full wp-image-17274\" src=\"http:\/\/www.yungayino.cl\/noticias\/wp-content\/uploads\/2016\/10\/carabineros_charla_20161018.jpg\" alt=\"carabineros_charla_20161018\" width=\"700\" height=\"350\" srcset=\"https:\/\/www.yungayino.cl\/noticias\/wp-content\/uploads\/2016\/10\/carabineros_charla_20161018.jpg 700w, https:\/\/www.yungayino.cl\/noticias\/wp-content\/uploads\/2016\/10\/carabineros_charla_20161018-300x150.jpg 300w\" sizes=\"auto, (max-width: 700px) 100vw, 700px\" \/><\/p>\n<p style=\"text-align: justify;\">Yungay, martes 18 de octubre 2016: La Oficina Asuntos Comunitarios dependiente de la Cuarta Comisaria de Carabineros de Yungay, a cargo del Suboficial Juan Carlos Espinoza Jara, realiz\u00f3 Charlas Preventivas a Vecinos del Sector de Pallahuala.<\/p>\n<p style=\"text-align: justify;\">La jornada que se llev\u00f3 a cabo en la Sede de la Junta de Vecinos de Pallahuala el pasado jueves 13 de octubre a partir de las 16:30 horas, donde se abarcaron las campa\u00f1as de <strong>\u201cPrevenci\u00f3n Delito de Abigeato\u201d<\/strong>, <strong>\u201dCampa\u00f1a Entrega Tu Arma\u201d<\/strong> y la Campa\u00f1a <strong>\u201cNo Dejes que te Roben la Energ\u00eda\u201d.<\/strong><\/p>\n<p style=\"text-align: justify;\">\n<p style=\"text-align: justify;\"><iframe loading=\"lazy\" src=\"https:\/\/www.facebook.com\/plugins\/post.php?href=https:\/\/www.facebook.com\/media\/set\/?set=a.1436586199689748.1073742956.159561284058919&#038;type=1&#038;l=d57b9efb55&#038;l=a77e327dc6&#038;l=f5951f1994&#038;l=bfecbb8adf&#038;l=687b6bf5da&#038;width=500&#038;show_text=true&#038;height=691&#038;appId\" width=\"500\" height=\"691\" style=\"border:none;overflow:hidden\" scrolling=\"no\" frameborder=\"0\" allowTransparency=\"true\"><\/iframe>\n<\/p>\n<p style=\"text-align: justify;\">\n<p style=\"text-align: justify;\"><strong>\u00a0<\/strong><\/p>\n<p style=\"text-align: justify;\"><strong>Prevenci\u00f3n Delito de Abigeato: <\/strong>Con respecto a este tema se le dio mucho \u00e9nfasis ya que el sector es rural por lo tanto se le dio a conocer a los vecinos las medidas para evitar el robo de ganado mayor y menor.<\/p>\n<p style=\"text-align: justify;\"><strong>Campa\u00f1a Entrega Tu Arma: <\/strong>Carabineros les informo a los vecinos para entregar de forma voluntaria y an\u00f3nimamente las armas, inform\u00e1ndole que con la nueva Ley de control de armas hay penas m\u00e1s altas para quienes tengan o porten armas no autorizadas o no inscritas.<\/p>\n<p style=\"text-align: justify;\"><strong>Campa\u00f1a \u201cNo Dejes que te Roben la Energ\u00eda\u201d: <\/strong>En este tema se hizo presente que el robo de cables es un delito, d\u00f3nde se pone en riesgo la seguridad de las personas y de qui\u00e9n roba es por eso que se inst\u00f3 a los vecinos a denunciar cualquier situaci\u00f3n de robo de cable.<\/p>\n<p style=\"text-align: justify;\">Finalmente el Suboficial Juan Carlos Espinoza Jara hizo entrega de d\u00edpticos para reforzar las campa\u00f1as y para que la directiva haga entrega al resto de la comunidad.<\/p>\n<p style=\"text-align: justify;\">[su_button url=\u00bbhttps:\/\/www.facebook.com\/media\/set\/?set=a.1436586199689748.1073742956.159561284058919&amp;type=1&amp;l=d57b9efb55&#8243; target=\u00bbblank\u00bb size=\u00bb7&#8243; radius=\u00bbround\u00bb icon=\u00bbicon: facebook-square\u00bb]FOTOGRAF\u00cdAS &#8211; Carabineros Realizo Campa\u00f1as Preventivas en Sector de Pallahuala[\/su_button]<\/p>\n","protected":false},"excerpt":{"rendered":"<p>Yungay, martes 18 de octubre 2016: La Oficina Asuntos Comunitarios dependiente de la Cuarta Comisaria de Carabineros de Yungay, a cargo del Suboficial Juan Carlos Espinoza Jara, realiz\u00f3 Charlas Preventivas a Vecinos del Sector&#46;&#46;&#46;<\/p>\n","protected":false},"author":2,"featured_media":17274,"comment_status":"open","ping_status":"open","sticky":false,"template":"","format":"standard","meta":{"footnotes":""},"categories":[1],"tags":[1115,8,6,117],"class_list":["post-17273","post","type-post","status-publish","format-standard","has-post-thumbnail","hentry","category-noticias","tag-noticias","tag-yungay","tag-yungayino","tag-yungayinocl"],"_links":{"self":[{"href":"https:\/\/www.yungayino.cl\/noticias\/index.php?rest_route=\/wp\/v2\/posts\/17273","targetHints":{"allow":["GET"]}}],"collection":[{"href":"https:\/\/www.yungayino.cl\/noticias\/index.php?rest_route=\/wp\/v2\/posts"}],"about":[{"href":"https:\/\/www.yungayino.cl\/noticias\/index.php?rest_route=\/wp\/v2\/types\/post"}],"author":[{"embeddable":true,"href":"https:\/\/www.yungayino.cl\/noticias\/index.php?rest_route=\/wp\/v2\/users\/2"}],"replies":[{"embeddable":true,"href":"https:\/\/www.yungayino.cl\/noticias\/index.php?rest_route=%2Fwp%2Fv2%2Fcomments&post=17273"}],"version-history":[{"count":1,"href":"https:\/\/www.yungayino.cl\/noticias\/index.php?rest_route=\/wp\/v2\/posts\/17273\/revisions"}],"predecessor-version":[{"id":17275,"href":"https:\/\/www.yungayino.cl\/noticias\/index.php?rest_route=\/wp\/v2\/posts\/17273\/revisions\/17275"}],"wp:featuredmedia":[{"embeddable":true,"href":"https:\/\/www.yungayino.cl\/noticias\/index.php?rest_route=\/wp\/v2\/media\/17274"}],"wp:attachment":[{"href":"https:\/\/www.yungayino.cl\/noticias\/index.php?rest_route=%2Fwp%2Fv2%2Fmedia&parent=17273"}],"wp:term":[{"taxonomy":"category","embeddable":true,"href":"https:\/\/www.yungayino.cl\/noticias\/index.php?rest_route=%2Fwp%2Fv2%2Fcategories&post=17273"},{"taxonomy":"post_tag","embeddable":true,"href":"https:\/\/www.yungayino.cl\/noticias\/index.php?rest_route=%2Fwp%2Fv2%2Ftags&post=17273"}],"curies":[{"name":"wp","href":"https:\/\/api.w.org\/{rel}","templated":true}]}}