{"id":17287,"date":"2016-10-25T19:00:31","date_gmt":"2016-10-25T22:00:31","guid":{"rendered":"http:\/\/www.yungayino.cl\/noticias\/?p=17287"},"modified":"2016-10-25T21:06:40","modified_gmt":"2016-10-26T00:06:40","slug":"mas-de-5-mil-personas-han-participado-del-programa-mas-adultos-mayores-autovalentes-en-nuble","status":"publish","type":"post","link":"https:\/\/www.yungayino.cl\/noticias\/?p=17287","title":{"rendered":"M\u00e1s de 5 Mil Personas Han Participado del Programa \u201cMas Adultos Mayores Autovalentes\u201d en \u00d1uble"},"content":{"rendered":"<p><img loading=\"lazy\" decoding=\"async\" class=\"alignnone size-full wp-image-17288\" src=\"http:\/\/www.yungayino.cl\/noticias\/wp-content\/uploads\/2016\/10\/salud_20161025.jpg\" alt=\"salud_20161025\" width=\"700\" height=\"393\" srcset=\"https:\/\/www.yungayino.cl\/noticias\/wp-content\/uploads\/2016\/10\/salud_20161025.jpg 700w, https:\/\/www.yungayino.cl\/noticias\/wp-content\/uploads\/2016\/10\/salud_20161025-300x168.jpg 300w, https:\/\/www.yungayino.cl\/noticias\/wp-content\/uploads\/2016\/10\/salud_20161025-267x150.jpg 267w\" sizes=\"auto, (max-width: 700px) 100vw, 700px\" \/><\/p>\n<p style=\"text-align: justify;\">Yungay, martes 25 de octubre 2016: La cantidad de adultos mayores en Chile ha tenido un aumento constante. Se estima que en el pa\u00eds hay m\u00e1s de 2 millones y medio de personas que forman parte de este grupo etario y de ellos, casi el 90% se atiende en el sistema de salud p\u00fablico.<\/p>\n<p style=\"text-align: justify;\">Considerando la realidad nacional que refleja una poblaci\u00f3n envejecida, que tiene asociada una alta carga por enfermedades cr\u00f3nicas y que se atiende en el sector p\u00fablico,\u00a0desde 2015 el Ministerio de Salud desarrolla el programa M\u00e1s Adultos Mayores Autovalentes, cuyo objetivo es contribuir a mejorar<strong>\u00a0<\/strong>la<strong>\u00a0<\/strong>calidad de vida de las personas mayores, apoy\u00e1ndoles para que cuiden su salud, mantengan su autonom\u00eda y participen activamente en la comunidad.<\/p>\n<p style=\"text-align: justify;\">\u201cLa\u00a0preocupaci\u00f3n apunta no s\u00f3lo a que las personas vivan m\u00e1s a\u00f1os, sino que lo hagan de mejor forma. Por ello, uno de los ejes de esta iniciativa y desaf\u00edo de los equipos de salud, es trabajar en la prevenci\u00f3n de enfermedades y mantener su independencia de las personas mayores\u201d, se\u00f1al\u00f3 Andrea Mu\u00f1oz, Kinesi\u00f3loga del Servicio de Salud \u00d1uble, Encargada del M\u00e1s Adultos Mayores Autovalentes en la provincia.<\/p>\n<p style=\"text-align: justify;\">La profesional indic\u00f3 que desde su implementaci\u00f3n, en marzo de 2015, a septiembre de este a\u00f1o, han accedido al programa 5 mil 295 personas en \u00d1uble. La kinesi\u00f3loga explic\u00f3 que \u201cM\u00e1s Adultos Mayores Autovalentes busca mantener la condici\u00f3n funcional de este grupo a trav\u00e9s de dos l\u00edneas de trabajo, la primera est\u00e1 asociada al cuidado de la estimulaci\u00f3n de las \u00e1reas motora y cognitiva. Para lo cual se consideran ciclos de talleres de expresi\u00f3n corporal; estimulaci\u00f3n de la memoria, la comunicaci\u00f3n; sexualidad en el adulto mayor, entre otros\u201d.<\/p>\n<p style=\"text-align: justify;\">La segunda l\u00ednea de acci\u00f3n apunta a fomentar la participaci\u00f3n en la comunidad mediante talleres que fortalezcan los liderazgos comunitarios para que los adultos mayores conozcan y exijan los derechos y beneficios disponibles.<\/p>\n<p style=\"text-align: justify;\">Al programa pueden acceder las personas mayores de 60, beneficiarios de Fonasa, inscritos en un centro de salud familiar y que cuenten con su examen de medicina preventiva vigente.<\/p>\n<p style=\"text-align: justify;\">Actualmente el M\u00e1s Adultos Mayores se ejecuta en seis centros de salud familiar de la provincia: Violeta Parra, San Ram\u00f3n Nonato y Ultraestaci\u00f3n de Chill\u00e1n; Federico Puga de Chill\u00e1n Viejo y; Jos\u00e9 Dur\u00e1n Trujillo y Teresa Baldecchi de la comuna de San Carlos. Sin embargo, los usuarios de otros establecimientos tambi\u00e9n pueden consultar por \u00e9ste.<strong>\u00a0<\/strong><\/p>\n<p style=\"text-align: justify;\"><strong>FERIA DEL ADULTO MAYOR<\/strong>: Con el objetivo de difundir los beneficios de la iniciativa en \u00d1uble, los equipos de salud organizaron la primera Feria del Programa M\u00e1s Adultos Mayores, denominada\u00a0Festiferia.<\/p>\n<p style=\"text-align: justify;\">Seg\u00fan explic\u00f3 Boris B\u00e1ez, Terapeuta Ocupacional del Centro de Salud Familiar Violeta Parra, \u201ca trav\u00e9s de distintos stand y actividades, en las que tambi\u00e9n participar\u00e1n usuarias y usuarios, entregaremos informaci\u00f3n a la comunidad sobre esta y otras iniciativas a las que pueden acceder los adultos mayores. Adem\u00e1s se evaluar\u00e1n signos vitales, se efectuar\u00e1 la demostraci\u00f3n de preparaciones de platos saludables con productos del Plan de Alimentaci\u00f3n Complementaria, entre otras actividades\u201d.<\/p>\n<p style=\"text-align: justify;\">La invitaci\u00f3n es a que las personas participen de este encuentro que se desarrollar\u00e1 el pr\u00f3ximo mi\u00e9rcoles 2 de noviembre, desde las 10 de la ma\u00f1ana en el Paseo Peatonal Arauco de Chill\u00e1n.<\/p>\n","protected":false},"excerpt":{"rendered":"<p>Yungay, martes 25 de octubre 2016: La cantidad de adultos mayores en Chile ha tenido un aumento constante. Se estima que en el pa\u00eds hay m\u00e1s de 2 millones y medio de personas que&#46;&#46;&#46;<\/p>\n","protected":false},"author":2,"featured_media":17288,"comment_status":"open","ping_status":"open","sticky":false,"template":"","format":"standard","meta":{"footnotes":""},"categories":[3,1],"tags":[1115,65,8,6,117],"class_list":["post-17287","post","type-post","status-publish","format-standard","has-post-thumbnail","hentry","category-actualidad","category-noticias","tag-noticias","tag-salud","tag-yungay","tag-yungayino","tag-yungayinocl"],"_links":{"self":[{"href":"https:\/\/www.yungayino.cl\/noticias\/index.php?rest_route=\/wp\/v2\/posts\/17287","targetHints":{"allow":["GET"]}}],"collection":[{"href":"https:\/\/www.yungayino.cl\/noticias\/index.php?rest_route=\/wp\/v2\/posts"}],"about":[{"href":"https:\/\/www.yungayino.cl\/noticias\/index.php?rest_route=\/wp\/v2\/types\/post"}],"author":[{"embeddable":true,"href":"https:\/\/www.yungayino.cl\/noticias\/index.php?rest_route=\/wp\/v2\/users\/2"}],"replies":[{"embeddable":true,"href":"https:\/\/www.yungayino.cl\/noticias\/index.php?rest_route=%2Fwp%2Fv2%2Fcomments&post=17287"}],"version-history":[{"count":2,"href":"https:\/\/www.yungayino.cl\/noticias\/index.php?rest_route=\/wp\/v2\/posts\/17287\/revisions"}],"predecessor-version":[{"id":17290,"href":"https:\/\/www.yungayino.cl\/noticias\/index.php?rest_route=\/wp\/v2\/posts\/17287\/revisions\/17290"}],"wp:featuredmedia":[{"embeddable":true,"href":"https:\/\/www.yungayino.cl\/noticias\/index.php?rest_route=\/wp\/v2\/media\/17288"}],"wp:attachment":[{"href":"https:\/\/www.yungayino.cl\/noticias\/index.php?rest_route=%2Fwp%2Fv2%2Fmedia&parent=17287"}],"wp:term":[{"taxonomy":"category","embeddable":true,"href":"https:\/\/www.yungayino.cl\/noticias\/index.php?rest_route=%2Fwp%2Fv2%2Fcategories&post=17287"},{"taxonomy":"post_tag","embeddable":true,"href":"https:\/\/www.yungayino.cl\/noticias\/index.php?rest_route=%2Fwp%2Fv2%2Ftags&post=17287"}],"curies":[{"name":"wp","href":"https:\/\/api.w.org\/{rel}","templated":true}]}}