{"id":17364,"date":"2016-11-17T10:00:13","date_gmt":"2016-11-17T13:00:13","guid":{"rendered":"http:\/\/www.yungayino.cl\/noticias\/?p=17364"},"modified":"2016-11-17T10:39:32","modified_gmt":"2016-11-17T13:39:32","slug":"carabineros-de-yungay-participo-en-vi-feria-de-orientacion-vocacional","status":"publish","type":"post","link":"https:\/\/www.yungayino.cl\/noticias\/?p=17364","title":{"rendered":"Carabineros de Yungay Participo en \u201cVI Feria de Orientaci\u00f3n Vocacional\u201d"},"content":{"rendered":"<p><img loading=\"lazy\" decoding=\"async\" class=\"alignnone size-full wp-image-17365\" src=\"http:\/\/www.yungayino.cl\/noticias\/wp-content\/uploads\/2016\/11\/carabineros_liceo_201611.jpg\" alt=\"carabineros_liceo_201611\" width=\"700\" height=\"393\" srcset=\"https:\/\/www.yungayino.cl\/noticias\/wp-content\/uploads\/2016\/11\/carabineros_liceo_201611.jpg 700w, https:\/\/www.yungayino.cl\/noticias\/wp-content\/uploads\/2016\/11\/carabineros_liceo_201611-300x168.jpg 300w, https:\/\/www.yungayino.cl\/noticias\/wp-content\/uploads\/2016\/11\/carabineros_liceo_201611-267x150.jpg 267w\" sizes=\"auto, (max-width: 700px) 100vw, 700px\" \/><\/p>\n<p style=\"text-align: justify;\">Yungay, jueves 17 de noviembre 2016: Carabineros de la Cuarta Comisaria de Yungay por intermedio de la Oficina de Asuntos Comunitarios a cargo del Suboficial Juan Carlos Espinoza, participaron activamente en la \u201cVI Feria de Orientaci\u00f3n Vocacional\u201d, realizada el pasado jueves 10 de noviembre en el Liceo A-17 de Yungay donde participaron alumnos de primero a cuarto medio.<\/p>\n<p style=\"text-align: justify;\">\n<p style=\"text-align: justify;\"><iframe loading=\"lazy\" src=\"https:\/\/www.facebook.com\/plugins\/post.php?href=https:\/\/www.facebook.com\/media\/set\/?set=a.1468646649817036.1073742973.159561284058919&#038;type=1&#038;l=2354482752&#038;l=a77e327dc6&#038;l=f5951f1994&#038;l=bfecbb8adf&#038;l=687b6bf5da&#038;width=500&#038;show_text=true&#038;height=691&#038;appId\" width=\"500\" height=\"691\" style=\"border:none;overflow:hidden\" scrolling=\"no\" frameborder=\"0\" allowTransparency=\"true\"><\/iframe>\n<\/p>\n<p style=\"text-align: justify;\">\n<p style=\"text-align: justify;\">\n<p style=\"text-align: justify;\">La actividad que fue organizada por la Direcci\u00f3n del establecimiento educacional en conjunto con la Oficina de Asunto Comunitarios de Carabineros de Yungay con la finalidad de que los j\u00f3venes se interiorizaran de las diversas carreras superiores de las FF.AA y en especial por la Carrera en Carabineros de Chile.<\/p>\n<p style=\"text-align: justify;\">En la ocasi\u00f3n el encargado de la OAC apoyado por la Oficina de Postulaciones de la Prefectura \u00d1uble N\u00b0 17 presento un stand con folletos de diversas materias en cuanto a seguridad como as\u00ed mismo sobre postulaciones a la Escuela de Carabineros de Chile. Paralelo a ello tambi\u00e9n se realiz\u00f3 una exposici\u00f3n con videos sobre el r\u00e9gimen de vida dentro de la formaci\u00f3n, as\u00ed lo se\u00f1al\u00f3 al Portal Yungayino.cl el Suboficial Juan Carlos Espinoza.<\/p>\n<p style=\"text-align: justify;\">\n<p style=\"text-align: justify;\">[su_button url=\u00bbhttps:\/\/www.facebook.com\/media\/set\/?set=a.1468646649817036.1073742973.159561284058919&amp;type=1&amp;l=2354482752&#8243; target=\u00bbblank\u00bb size=\u00bb7&#8243; radius=\u00bbround\u00bb icon=\u00bbicon: facebook-square\u00bb]FOTOGRAF\u00cdAS &#8211; Carabineros de Yungay Participo en \u201cVI Feria de Orientaci\u00f3n Vocacional\u201d[\/su_button]<\/p>\n","protected":false},"excerpt":{"rendered":"<p>Yungay, jueves 17 de noviembre 2016: Carabineros de la Cuarta Comisaria de Yungay por intermedio de la Oficina de Asuntos Comunitarios a cargo del Suboficial Juan Carlos Espinoza, participaron activamente en la \u201cVI Feria&#46;&#46;&#46;<\/p>\n","protected":false},"author":2,"featured_media":17365,"comment_status":"open","ping_status":"open","sticky":false,"template":"","format":"standard","meta":{"footnotes":""},"categories":[1],"tags":[25,89,1115,8,6,117],"class_list":["post-17364","post","type-post","status-publish","format-standard","has-post-thumbnail","hentry","category-noticias","tag-carabineros","tag-liceo-yungay","tag-noticias","tag-yungay","tag-yungayino","tag-yungayinocl"],"_links":{"self":[{"href":"https:\/\/www.yungayino.cl\/noticias\/index.php?rest_route=\/wp\/v2\/posts\/17364","targetHints":{"allow":["GET"]}}],"collection":[{"href":"https:\/\/www.yungayino.cl\/noticias\/index.php?rest_route=\/wp\/v2\/posts"}],"about":[{"href":"https:\/\/www.yungayino.cl\/noticias\/index.php?rest_route=\/wp\/v2\/types\/post"}],"author":[{"embeddable":true,"href":"https:\/\/www.yungayino.cl\/noticias\/index.php?rest_route=\/wp\/v2\/users\/2"}],"replies":[{"embeddable":true,"href":"https:\/\/www.yungayino.cl\/noticias\/index.php?rest_route=%2Fwp%2Fv2%2Fcomments&post=17364"}],"version-history":[{"count":1,"href":"https:\/\/www.yungayino.cl\/noticias\/index.php?rest_route=\/wp\/v2\/posts\/17364\/revisions"}],"predecessor-version":[{"id":17366,"href":"https:\/\/www.yungayino.cl\/noticias\/index.php?rest_route=\/wp\/v2\/posts\/17364\/revisions\/17366"}],"wp:featuredmedia":[{"embeddable":true,"href":"https:\/\/www.yungayino.cl\/noticias\/index.php?rest_route=\/wp\/v2\/media\/17365"}],"wp:attachment":[{"href":"https:\/\/www.yungayino.cl\/noticias\/index.php?rest_route=%2Fwp%2Fv2%2Fmedia&parent=17364"}],"wp:term":[{"taxonomy":"category","embeddable":true,"href":"https:\/\/www.yungayino.cl\/noticias\/index.php?rest_route=%2Fwp%2Fv2%2Fcategories&post=17364"},{"taxonomy":"post_tag","embeddable":true,"href":"https:\/\/www.yungayino.cl\/noticias\/index.php?rest_route=%2Fwp%2Fv2%2Ftags&post=17364"}],"curies":[{"name":"wp","href":"https:\/\/api.w.org\/{rel}","templated":true}]}}