{"id":17367,"date":"2016-11-17T01:30:54","date_gmt":"2016-11-17T04:30:54","guid":{"rendered":"http:\/\/www.yungayino.cl\/noticias\/?p=17367"},"modified":"2016-11-17T10:45:06","modified_gmt":"2016-11-17T13:45:06","slug":"trabajadores-de-las-plantas-de-aserraderos-remanufactura-y-vigas-laminadas-de-arauco-celebraron-un-nuevo-aniversario","status":"publish","type":"post","link":"https:\/\/www.yungayino.cl\/noticias\/?p=17367","title":{"rendered":"Trabajadores de las Plantas de Aserraderos, Remanufactura y Vigas Laminadas de ARAUCO Celebraron un Nuevo Aniversario"},"content":{"rendered":"<p><img loading=\"lazy\" decoding=\"async\" class=\"alignnone size-full wp-image-17368\" src=\"http:\/\/www.yungayino.cl\/noticias\/wp-content\/uploads\/2016\/11\/aserradero_aniversario_2016.jpg\" alt=\"aserradero_aniversario_2016\" width=\"700\" height=\"393\" srcset=\"https:\/\/www.yungayino.cl\/noticias\/wp-content\/uploads\/2016\/11\/aserradero_aniversario_2016.jpg 700w, https:\/\/www.yungayino.cl\/noticias\/wp-content\/uploads\/2016\/11\/aserradero_aniversario_2016-300x168.jpg 300w, https:\/\/www.yungayino.cl\/noticias\/wp-content\/uploads\/2016\/11\/aserradero_aniversario_2016-267x150.jpg 267w\" sizes=\"auto, (max-width: 700px) 100vw, 700px\" \/><\/p>\n<p style=\"text-align: justify;\">Cholgu\u00e1n, jueves 17 de noviembre 2016: En el Complejo Deportivo de Paneles Arauco el pasado s\u00e1bado 12 de noviembre se realiz\u00f3 una gran fiesta que mezcl\u00f3 m\u00fasica, baile y premiaci\u00f3n con motivo de la celebraci\u00f3n de un nuevo aniversario de Aserraderos, Remanufactura y Vigas Laminadas Planta Cholgu\u00e1n pertenecientes al holding Arauco S.A.<\/p>\n<p style=\"text-align: justify;\">\n<p style=\"text-align: justify;\"><iframe loading=\"lazy\" src=\"https:\/\/www.facebook.com\/plugins\/post.php?href=https:\/\/www.facebook.com\/media\/set\/?set=a.1468658379815863.1073742974.159561284058919&#038;type=1&#038;l=07c9d3632f&#038;l=a77e327dc6&#038;l=f5951f1994&#038;l=bfecbb8adf&#038;l=687b6bf5da&#038;width=500&#038;show_text=true&#038;height=691&#038;appId\" width=\"500\" height=\"691\" style=\"border:none;overflow:hidden\" scrolling=\"no\" frameborder=\"0\" allowTransparency=\"true\"><\/iframe>\n<\/p>\n<p style=\"text-align: justify;\">\n<p style=\"text-align: justify;\">\n<p style=\"text-align: justify;\">La jornada se inici\u00f3 con un c\u00f3ctel de bienvenida, el cual estuvo liderado por su Gerente, <strong>Rodrigo Inostroza,<\/strong> adem\u00e1s de subgerentes, colaboradores de servicios, invitados especiales y trabajadores de las distintas \u00e1reas de trabajo del complejo industrial, para posteriormente ingresar a las dependencias del gimnasio y compartir una cena, al mismo tiempo de disfrutar del show especialmente preparado para la ocasi\u00f3n.<\/p>\n<p style=\"text-align: justify;\">\n<p style=\"text-align: justify;\"><strong>Show y Premiaci\u00f3n <\/strong><\/p>\n<p style=\"text-align: justify;\">La cantante nacional Carolina Meneses fue la encargada de amenizar la cena donde adem\u00e1s hubo m\u00fasica, magia, bailes y humor a cargo de \u201cNancho\u201d Parra, quien con sus chistes e historias anecd\u00f3ticas sacaba risas a los presentes.<\/p>\n<p style=\"text-align: justify;\">Finalmente destacar que uno de los momentos m\u00e1s emotivos de este aniversario fue la entrega de premiaci\u00f3n, donde se reconoci\u00f3 a 56 trabajadores (as) por sus a\u00f1os de servicio.<\/p>\n<p style=\"text-align: justify;\">\n<p style=\"text-align: justify;\">[su_button url=\u00bbhttps:\/\/www.facebook.com\/media\/set\/?set=a.1468658379815863.1073742974.159561284058919&amp;type=1&amp;l=07c9d3632f\u00bb target=\u00bbblank\u00bb size=\u00bb7&#8243; radius=\u00bbround\u00bb icon=\u00bbicon: facebook-square\u00bb]FOTOGRAF\u00cdAS &#8211; Trabajadores de las Plantas de Aserraderos, Remanufactura y Vigas Laminadas de ARAUCO Celebraron un Nuevo Aniversario[\/su_button]<\/p>\n","protected":false},"excerpt":{"rendered":"<p>Cholgu\u00e1n, jueves 17 de noviembre 2016: En el Complejo Deportivo de Paneles Arauco el pasado s\u00e1bado 12 de noviembre se realiz\u00f3 una gran fiesta que mezcl\u00f3 m\u00fasica, baile y premiaci\u00f3n con motivo de la&#46;&#46;&#46;<\/p>\n","protected":false},"author":2,"featured_media":17368,"comment_status":"open","ping_status":"open","sticky":false,"template":"","format":"standard","meta":{"footnotes":""},"categories":[5,1],"tags":[298,683,35,8,6,117],"class_list":["post-17367","post","type-post","status-publish","format-standard","has-post-thumbnail","hentry","category-eventos","category-noticias","tag-aniversario","tag-aserraderos","tag-cholguan","tag-yungay","tag-yungayino","tag-yungayinocl"],"_links":{"self":[{"href":"https:\/\/www.yungayino.cl\/noticias\/index.php?rest_route=\/wp\/v2\/posts\/17367","targetHints":{"allow":["GET"]}}],"collection":[{"href":"https:\/\/www.yungayino.cl\/noticias\/index.php?rest_route=\/wp\/v2\/posts"}],"about":[{"href":"https:\/\/www.yungayino.cl\/noticias\/index.php?rest_route=\/wp\/v2\/types\/post"}],"author":[{"embeddable":true,"href":"https:\/\/www.yungayino.cl\/noticias\/index.php?rest_route=\/wp\/v2\/users\/2"}],"replies":[{"embeddable":true,"href":"https:\/\/www.yungayino.cl\/noticias\/index.php?rest_route=%2Fwp%2Fv2%2Fcomments&post=17367"}],"version-history":[{"count":1,"href":"https:\/\/www.yungayino.cl\/noticias\/index.php?rest_route=\/wp\/v2\/posts\/17367\/revisions"}],"predecessor-version":[{"id":17369,"href":"https:\/\/www.yungayino.cl\/noticias\/index.php?rest_route=\/wp\/v2\/posts\/17367\/revisions\/17369"}],"wp:featuredmedia":[{"embeddable":true,"href":"https:\/\/www.yungayino.cl\/noticias\/index.php?rest_route=\/wp\/v2\/media\/17368"}],"wp:attachment":[{"href":"https:\/\/www.yungayino.cl\/noticias\/index.php?rest_route=%2Fwp%2Fv2%2Fmedia&parent=17367"}],"wp:term":[{"taxonomy":"category","embeddable":true,"href":"https:\/\/www.yungayino.cl\/noticias\/index.php?rest_route=%2Fwp%2Fv2%2Fcategories&post=17367"},{"taxonomy":"post_tag","embeddable":true,"href":"https:\/\/www.yungayino.cl\/noticias\/index.php?rest_route=%2Fwp%2Fv2%2Ftags&post=17367"}],"curies":[{"name":"wp","href":"https:\/\/api.w.org\/{rel}","templated":true}]}}