{"id":17371,"date":"2016-11-20T10:00:41","date_gmt":"2016-11-20T13:00:41","guid":{"rendered":"http:\/\/www.yungayino.cl\/noticias\/?p=17371"},"modified":"2016-11-20T20:08:16","modified_gmt":"2016-11-20T23:08:16","slug":"fiesta-de-la-esquila-y-el-canto-popular-se-realizo-en-yungay-3","status":"publish","type":"post","link":"https:\/\/www.yungayino.cl\/noticias\/?p=17371","title":{"rendered":"Fiesta de la Esquila y El Canto Popular se Realiz\u00f3 en Yungay"},"content":{"rendered":"<p><img loading=\"lazy\" decoding=\"async\" class=\"alignnone size-full wp-image-17372\" src=\"http:\/\/www.yungayino.cl\/noticias\/wp-content\/uploads\/2016\/11\/esquila_2016.jpg\" alt=\"esquila_2016\" width=\"700\" height=\"393\" srcset=\"https:\/\/www.yungayino.cl\/noticias\/wp-content\/uploads\/2016\/11\/esquila_2016.jpg 700w, https:\/\/www.yungayino.cl\/noticias\/wp-content\/uploads\/2016\/11\/esquila_2016-300x168.jpg 300w, https:\/\/www.yungayino.cl\/noticias\/wp-content\/uploads\/2016\/11\/esquila_2016-267x150.jpg 267w\" sizes=\"auto, (max-width: 700px) 100vw, 700px\" \/><\/p>\n<p style=\"text-align: justify;\">Yungay, domingo 20 de noviembre 2016: Como es tradicional el Comit\u00e9 Campesino San Francisco El Cardal organizo el pasado domingo 13 de noviembre la \u201cXXII Encuentro de la Esquila y El Canto Popular\u201d el cual cont\u00f3 con el patrocinio de la Ilustre Municipalidad de Yungay.<\/p>\n<p style=\"text-align: justify;\">&nbsp;<\/p>\n<p style=\"text-align: justify;\"><iframe loading=\"lazy\" src=\"https:\/\/www.facebook.com\/plugins\/post.php?href=https:\/\/www.facebook.com\/media\/set\/?set=a.1472324186115949.1073742975.159561284058919&#038;type=1&#038;l=49d950ff81&#038;l=a77e327dc6&#038;l=f5951f1994&#038;l=bfecbb8adf&#038;l=687b6bf5da&#038;width=500&#038;show_text=true&#038;height=691&#038;appId\" width=\"500\" height=\"691\" style=\"border:none;overflow:hidden\" scrolling=\"no\" frameborder=\"0\" allowTransparency=\"true\"><\/iframe>\n<\/p>\n<p style=\"text-align: justify;\">&nbsp;<\/p>\n<p style=\"text-align: justify;\">&nbsp;<\/p>\n<p style=\"text-align: justify;\">Esta tradicional fiesta y encuentro de car\u00e1cter costumbrista busca preservar una de las m\u00e1s antiguas tradiciones de la comuna de Yungay asociadas al manejo de ganado ovino, donde se realizaron concursos de esquila, hilado y tejidos, adem\u00e1s de juegos populares todo acompa\u00f1ado de artesan\u00edas, m\u00fasica y la gastronom\u00eda como el asado de cordero, empanadas, tortillas y arvejado entre otros.<\/p>\n<p style=\"text-align: justify;\">Finalmente se\u00f1alar que esta nueva versi\u00f3n conto con la participaci\u00f3n de destacados Conjuntos Folcl\u00f3ricos, quienes hicieron cantar y bailar a los asistentes.<\/p>\n<p style=\"text-align: justify;\">&nbsp;<\/p>\n<p style=\"text-align: justify;\">[su_button url=\u00bbhttps:\/\/www.facebook.com\/media\/set\/?set=a.1472324186115949.1073742975.159561284058919&amp;type=1&amp;l=49d950ff81&#8243; target=\u00bbblank\u00bb size=\u00bb7&#8243; radius=\u00bbround\u00bb icon=\u00bbicon: facebook-square\u00bb]FOTOGRAF\u00cdAS &#8211; Fiesta de la Esquila y El Canto Popular se Realiz\u00f3 en Yungay[\/su_button]<\/p>\n","protected":false},"excerpt":{"rendered":"<p>Yungay, domingo 20 de noviembre 2016: Como es tradicional el Comit\u00e9 Campesino San Francisco El Cardal organizo el pasado domingo 13 de noviembre la \u201cXXII Encuentro de la Esquila y El Canto Popular\u201d el&#46;&#46;&#46;<\/p>\n","protected":false},"author":2,"featured_media":17372,"comment_status":"open","ping_status":"open","sticky":false,"template":"","format":"standard","meta":{"footnotes":""},"categories":[5,1,15],"tags":[98,1115,8,6,117],"class_list":["post-17371","post","type-post","status-publish","format-standard","has-post-thumbnail","hentry","category-eventos","category-noticias","category-turismo","tag-esquila","tag-noticias","tag-yungay","tag-yungayino","tag-yungayinocl"],"_links":{"self":[{"href":"https:\/\/www.yungayino.cl\/noticias\/index.php?rest_route=\/wp\/v2\/posts\/17371","targetHints":{"allow":["GET"]}}],"collection":[{"href":"https:\/\/www.yungayino.cl\/noticias\/index.php?rest_route=\/wp\/v2\/posts"}],"about":[{"href":"https:\/\/www.yungayino.cl\/noticias\/index.php?rest_route=\/wp\/v2\/types\/post"}],"author":[{"embeddable":true,"href":"https:\/\/www.yungayino.cl\/noticias\/index.php?rest_route=\/wp\/v2\/users\/2"}],"replies":[{"embeddable":true,"href":"https:\/\/www.yungayino.cl\/noticias\/index.php?rest_route=%2Fwp%2Fv2%2Fcomments&post=17371"}],"version-history":[{"count":1,"href":"https:\/\/www.yungayino.cl\/noticias\/index.php?rest_route=\/wp\/v2\/posts\/17371\/revisions"}],"predecessor-version":[{"id":17377,"href":"https:\/\/www.yungayino.cl\/noticias\/index.php?rest_route=\/wp\/v2\/posts\/17371\/revisions\/17377"}],"wp:featuredmedia":[{"embeddable":true,"href":"https:\/\/www.yungayino.cl\/noticias\/index.php?rest_route=\/wp\/v2\/media\/17372"}],"wp:attachment":[{"href":"https:\/\/www.yungayino.cl\/noticias\/index.php?rest_route=%2Fwp%2Fv2%2Fmedia&parent=17371"}],"wp:term":[{"taxonomy":"category","embeddable":true,"href":"https:\/\/www.yungayino.cl\/noticias\/index.php?rest_route=%2Fwp%2Fv2%2Fcategories&post=17371"},{"taxonomy":"post_tag","embeddable":true,"href":"https:\/\/www.yungayino.cl\/noticias\/index.php?rest_route=%2Fwp%2Fv2%2Ftags&post=17371"}],"curies":[{"name":"wp","href":"https:\/\/api.w.org\/{rel}","templated":true}]}}