{"id":17381,"date":"2016-11-20T12:00:40","date_gmt":"2016-11-20T15:00:40","guid":{"rendered":"http:\/\/www.yungayino.cl\/noticias\/?p=17381"},"modified":"2016-11-20T20:22:18","modified_gmt":"2016-11-20T23:22:18","slug":"escuela-fernando-baquedano-organizo-iv-feria-vocacional","status":"publish","type":"post","link":"https:\/\/www.yungayino.cl\/noticias\/?p=17381","title":{"rendered":"Escuela Fernando Baquedano Organiz\u00f3 \u201cIV Feria Vocacional\u201d"},"content":{"rendered":"<p><img loading=\"lazy\" decoding=\"async\" class=\"alignnone size-full wp-image-17374\" src=\"http:\/\/www.yungayino.cl\/noticias\/wp-content\/uploads\/2016\/11\/fernando_baquedano_201611.jpg\" alt=\"fernando_baquedano_201611\" width=\"700\" height=\"350\" srcset=\"https:\/\/www.yungayino.cl\/noticias\/wp-content\/uploads\/2016\/11\/fernando_baquedano_201611.jpg 700w, https:\/\/www.yungayino.cl\/noticias\/wp-content\/uploads\/2016\/11\/fernando_baquedano_201611-300x150.jpg 300w\" sizes=\"auto, (max-width: 700px) 100vw, 700px\" \/><\/p>\n<p style=\"text-align: justify;\">Yungay, domingo 20 de noviembre 2016: El Departamento de Orientaci\u00f3n Psicosocial de la Escuela Fernando Baquedano de Yungay, organiz\u00f3 el d\u00eda jueves 17 de noviembre la \u201cIV Feria de Orientaci\u00f3n Vocacional\u201d, la que se llev\u00f3 a cabo con presentaciones de expositores en el auditorio de la Biblioteca P\u00fablica Oreste Montero, adem\u00e1s de instalaciones de Stand en la Plaza Iquique de nuestra comuna.<\/p>\n<p style=\"text-align: justify;\">&nbsp;<\/p>\n<p style=\"text-align: justify;\"><iframe loading=\"lazy\" src=\"https:\/\/www.facebook.com\/plugins\/post.php?href=https:\/\/www.facebook.com\/media\/set\/?set=a.1472339479447753.1073742977.159561284058919&#038;type=1&#038;l=d527ad0cbc&#038;l=a77e327dc6&#038;l=f5951f1994&#038;l=bfecbb8adf&#038;l=687b6bf5da&#038;width=500&#038;show_text=true&#038;height=691&#038;appId\" width=\"500\" height=\"691\" style=\"border:none;overflow:hidden\" scrolling=\"no\" frameborder=\"0\" allowTransparency=\"true\"><\/iframe>\n<\/p>\n<p style=\"text-align: justify;\">&nbsp;<\/p>\n<p style=\"text-align: justify;\">&nbsp;<\/p>\n<p style=\"text-align: justify;\">Se\u00f1alar que dentro de las instituciones que participaron fueron Carabineros, Polic\u00eda de Investigaciones, Liceo Agr\u00edcola de Chill\u00e1n, Liceo de Campanario y Liceo de Yungay.<\/p>\n<p style=\"text-align: justify;\">Finalmente el profesor Zoilo Irarr\u00e1zaval, destac\u00f3 el esfuerzo del equipo por traer a las diferentes instituciones con el objetivo de entregarles herramientas a los ni\u00f1os, sobre todo a los de octavo b\u00e1sico para su continuidad de estudio, desde las diferentes \u00e1reas t\u00e9cnicas e incluso orden y seguridad como Carabineros y PDI, quienes tambi\u00e9n ofrecen carreras t\u00e9cnicas para los j\u00f3venes.<\/p>\n<p style=\"text-align: justify;\">&nbsp;<\/p>\n<p style=\"text-align: justify;\">&nbsp;<\/p>\n<p style=\"text-align: justify;\"><strong>[su_button url=\u00bbhttps:\/\/www.facebook.com\/media\/set\/?set=a.1472339479447753.1073742977.159561284058919&amp;type=1&amp;l=d527ad0cbc\u00bb target=\u00bbblank\u00bb size=\u00bb7&#8243; radius=\u00bbround\u00bb icon=\u00bbicon: facebook-square\u00bb]FOTOGRAF\u00cdAS &#8211; Escuela Fernando Baquedano Organiz\u00f3 \u201cIV Feria Vocacional\u201d[\/su_button]<\/strong><\/p>\n","protected":false},"excerpt":{"rendered":"<p>Yungay, domingo 20 de noviembre 2016: El Departamento de Orientaci\u00f3n Psicosocial de la Escuela Fernando Baquedano de Yungay, organiz\u00f3 el d\u00eda jueves 17 de noviembre la \u201cIV Feria de Orientaci\u00f3n Vocacional\u201d, la que se&#46;&#46;&#46;<\/p>\n","protected":false},"author":2,"featured_media":17374,"comment_status":"open","ping_status":"open","sticky":false,"template":"","format":"standard","meta":{"footnotes":""},"categories":[1],"tags":[190,1175,1115,8,6,117],"class_list":["post-17381","post","type-post","status-publish","format-standard","has-post-thumbnail","hentry","category-noticias","tag-escuela-fernando-baquedano","tag-feria-vocacional","tag-noticias","tag-yungay","tag-yungayino","tag-yungayinocl"],"_links":{"self":[{"href":"https:\/\/www.yungayino.cl\/noticias\/index.php?rest_route=\/wp\/v2\/posts\/17381","targetHints":{"allow":["GET"]}}],"collection":[{"href":"https:\/\/www.yungayino.cl\/noticias\/index.php?rest_route=\/wp\/v2\/posts"}],"about":[{"href":"https:\/\/www.yungayino.cl\/noticias\/index.php?rest_route=\/wp\/v2\/types\/post"}],"author":[{"embeddable":true,"href":"https:\/\/www.yungayino.cl\/noticias\/index.php?rest_route=\/wp\/v2\/users\/2"}],"replies":[{"embeddable":true,"href":"https:\/\/www.yungayino.cl\/noticias\/index.php?rest_route=%2Fwp%2Fv2%2Fcomments&post=17381"}],"version-history":[{"count":1,"href":"https:\/\/www.yungayino.cl\/noticias\/index.php?rest_route=\/wp\/v2\/posts\/17381\/revisions"}],"predecessor-version":[{"id":17382,"href":"https:\/\/www.yungayino.cl\/noticias\/index.php?rest_route=\/wp\/v2\/posts\/17381\/revisions\/17382"}],"wp:featuredmedia":[{"embeddable":true,"href":"https:\/\/www.yungayino.cl\/noticias\/index.php?rest_route=\/wp\/v2\/media\/17374"}],"wp:attachment":[{"href":"https:\/\/www.yungayino.cl\/noticias\/index.php?rest_route=%2Fwp%2Fv2%2Fmedia&parent=17381"}],"wp:term":[{"taxonomy":"category","embeddable":true,"href":"https:\/\/www.yungayino.cl\/noticias\/index.php?rest_route=%2Fwp%2Fv2%2Fcategories&post=17381"},{"taxonomy":"post_tag","embeddable":true,"href":"https:\/\/www.yungayino.cl\/noticias\/index.php?rest_route=%2Fwp%2Fv2%2Ftags&post=17381"}],"curies":[{"name":"wp","href":"https:\/\/api.w.org\/{rel}","templated":true}]}}