{"id":17383,"date":"2016-11-20T13:00:25","date_gmt":"2016-11-20T16:00:25","guid":{"rendered":"http:\/\/www.yungayino.cl\/noticias\/?p=17383"},"modified":"2016-11-20T20:29:51","modified_gmt":"2016-11-20T23:29:51","slug":"proyecto-permitira-rescatar-la-identidad-de-yungay-al-restaurar-molino-de-agua-en-el-sector-de-santa-lucia","status":"publish","type":"post","link":"https:\/\/www.yungayino.cl\/noticias\/?p=17383","title":{"rendered":"Proyecto Permitir\u00e1 \u201cRescatar la Identidad de Yungay\u201d, al Restaurar Molino de Agua en el Sector de Santa Lucia"},"content":{"rendered":"<p><img loading=\"lazy\" decoding=\"async\" class=\"alignnone size-full wp-image-17375\" src=\"http:\/\/www.yungayino.cl\/noticias\/wp-content\/uploads\/2016\/11\/molino_proyecto_2016.jpg\" alt=\"molino_proyecto_2016\" width=\"700\" height=\"350\" srcset=\"https:\/\/www.yungayino.cl\/noticias\/wp-content\/uploads\/2016\/11\/molino_proyecto_2016.jpg 700w, https:\/\/www.yungayino.cl\/noticias\/wp-content\/uploads\/2016\/11\/molino_proyecto_2016-300x150.jpg 300w\" sizes=\"auto, (max-width: 700px) 100vw, 700px\" \/><\/p>\n<p style=\"text-align: justify;\">Yungay, domingo 20 de noviembre 2016: Un importante proyecto permitir\u00e1 \u201c<strong>Rescatar la Identidad de Yungay<\/strong>\u201d, al Restaurar el Molino de Agua en el Sector de Santa Lucia as\u00ed lo se\u00f1alo al Equipo del Portal Yungayino.cl, Miriam Tapia.<\/p>\n<p style=\"text-align: justify;\"><strong>Miriam Tapia, <\/strong>yungayina y qui\u00e9n se desempe\u00f1a como ejecutiva en la Caja de Compensaci\u00f3n&nbsp;Los H\u00e9roes postulo al concurso Ideas de H\u00e9roes, ni siquiera lo pens\u00f3 dos veces. Cuando recibi\u00f3 un e-mail con la informaci\u00f3n del concurso \u201cIdeas de H\u00e9roes\u201d, Miriam Tapia simplemente inscribi\u00f3 su proyecto y apret\u00f3 Enter.<\/p>\n<p style=\"text-align: justify;\">Esta ejecutiva de cr\u00e9ditos que lleva cerca de 5 a\u00f1os trabajando en Los H\u00e9roes Caja de Compensaci\u00f3n estaba segura de que era necesario \u201crescatar la identidad de Yungay\u201d, as\u00ed como titul\u00f3 su proyecto.<\/p>\n<p style=\"text-align: justify;\">&nbsp;<\/p>\n<p style=\"text-align: justify;\"><iframe loading=\"lazy\" src=\"https:\/\/www.facebook.com\/plugins\/post.php?href=https:\/\/www.facebook.com\/media\/set\/?set=a.1472346542780380.1073742978.159561284058919&#038;type=1&#038;l=0125c63d9e&#038;l=a77e327dc6&#038;l=f5951f1994&#038;l=bfecbb8adf&#038;l=687b6bf5da&#038;width=500&#038;show_text=true&#038;height=691&#038;appId\" width=\"500\" height=\"691\" style=\"border:none;overflow:hidden\" scrolling=\"no\" frameborder=\"0\" allowTransparency=\"true\"><\/iframe>\n<\/p>\n<p style=\"text-align: justify;\">&nbsp;<\/p>\n<p style=\"text-align: justify;\">&nbsp;<\/p>\n<p style=\"text-align: justify;\"><strong>\u00bfDe qu\u00e9 se trata?<\/strong><\/p>\n<p style=\"text-align: justify;\">Restaurar el \u00fanico molino que a\u00fan funciona en el sector de El Valle en Yungay, del que campesinos a\u00fan dependen para generar harina y darles afrecho a los animales, sobre todo en invierno.<\/p>\n<p style=\"text-align: justify;\"><strong>\u00bfPero por qu\u00e9 un proyecto campestre? <\/strong><\/p>\n<p style=\"text-align: justify;\">La idea surgi\u00f3 un poco de lo emocional, del sentimiento que tengo por mi comuna, del sector rural, mi origen, mi infancia fue cerca de donde est\u00e1 el molino. Entonces conozco muy de cerca la realidad del servicio que presta el molino a los vecinos del sector.<\/p>\n<p style=\"text-align: justify;\">Debes tener varios recuerdos de infancia\u2026<\/p>\n<p style=\"text-align: justify;\">Para m\u00ed es un tema de sentimientos, cuando peque\u00f1a el molino era parte del alimento b\u00e1sico que ten\u00edamos los campesinos que es el pan. Y adem\u00e1s de eso el alimento para los animales, porque adicional a la harina se sacaba lo que es el afrecho.<\/p>\n<p style=\"text-align: justify;\"><strong>\u00bfY ahora cu\u00e1l es la realidad del molino? <\/strong><\/p>\n<p style=\"text-align: justify;\">Funciona a\u00fan y presenta servicio a la comunidad, pero ya est\u00e1 deteriorado. Antiguamente exist\u00edan tres molinos en El Valle, el sector donde est\u00e1, pero de los tres el \u00fanico que va quedando es este del que present\u00e9 el proyecto. Los otros se fueron deteriorando y como nadie vio una inversi\u00f3n en ellos, los demolieron hace varios a\u00f1os ya.<\/p>\n<p style=\"text-align: justify;\">Pero a\u00fan funciona uno al menos, entonces \u00bfcu\u00e1l es el objetivo del proyecto actual?<\/p>\n<p style=\"text-align: justify;\">Bueno, la idea es prolongar en el tiempo el servicio del molino a la comunidad, porque es un sector rural que est\u00e1 alejado, es precordillerano. Entonces en el invierno cae nieve, los caminos quedan poco accesibles a lo que es la ciudad, entonces la gente aprovecha el molino para seguir sacando el alimento de los animales.<\/p>\n<p style=\"text-align: justify;\"><strong>\u00bfC\u00f3mo llegaste a plantear la idea en el concurso? <\/strong><\/p>\n<p style=\"text-align: justify;\">Me enter\u00e9 por la red de comunicaciones de Los H\u00e9roes y el trabajo social siempre lo llevo en el ADN, entonces cuando me dieron la oportunidad lo encontr\u00e9 espectacular. El hecho de poder cooperar en la comuna es empezando a accionar. Y eso es aportar en algo.<\/p>\n<p style=\"text-align: justify;\"><strong>\u00bfConversaste el proyecto con tu familia o tus amigos?<\/strong><\/p>\n<p style=\"text-align: justify;\">La verdad es que naci\u00f3 en forma espont\u00e1nea. Cuando vi la comunicaci\u00f3n del concurso, postul\u00e9 inmediatamente. No lo pens\u00e9 ni convers\u00e9 mucho. Ni siquiera habl\u00e9 con la familia que es due\u00f1a del molino, no estaban enterados de la postulaci\u00f3n y cuando pas\u00e9 a la etapa de pre-selecci\u00f3n algo me hizo click y fue como \u201cOh, me salt\u00e9 un paso y tengo que hablar con ellos\u201d.<\/p>\n<p style=\"text-align: justify;\"><strong>\u00bfC\u00f3mo se tomaron la noticia?<\/strong><\/p>\n<p style=\"text-align: justify;\">Est\u00e1n felices, content\u00edsimos, recepcionaron s\u00faper bien la noticia. Bueno, les avis\u00e9 cuando yo estaba en la pre-selecci\u00f3n y les dije que estaba en una etapa en que no s\u00e9 si soy finalista o no, pero que quer\u00eda tener su aprobaci\u00f3n en caso de que felizmente quedara. Y qued\u00e9.<\/p>\n<p style=\"text-align: justify;\">&nbsp;<\/p>\n<p style=\"text-align: justify;\">[su_button url=\u00bbhttps:\/\/www.facebook.com\/media\/set\/?set=a.1472346542780380.1073742978.159561284058919&amp;type=1&amp;l=0125c63d9e\u00bb target=\u00bbblank\u00bb size=\u00bb7&#8243; radius=\u00bbround\u00bb icon=\u00bbicon: facebook-square\u00bb]FOTOGRAF\u00cdAS &#8211; Proyecto Permitir\u00e1 \u201cRescatar la Identidad de Yungay\u201d, al Restaurar Molino de Agua en el Sector de Santa Lucia[\/su_button]<\/p>\n","protected":false},"excerpt":{"rendered":"<p>Yungay, domingo 20 de noviembre 2016: Un importante proyecto permitir\u00e1 \u201cRescatar la Identidad de Yungay\u201d, al Restaurar el Molino de Agua en el Sector de Santa Lucia as\u00ed lo se\u00f1alo al Equipo del Portal&#46;&#46;&#46;<\/p>\n","protected":false},"author":2,"featured_media":17375,"comment_status":"open","ping_status":"open","sticky":false,"template":"","format":"standard","meta":{"footnotes":""},"categories":[3,14,1,15],"tags":[1089,1115,543,8,6,117],"class_list":["post-17383","post","type-post","status-publish","format-standard","has-post-thumbnail","hentry","category-actualidad","category-historia","category-noticias","category-turismo","tag-autoconsumo","tag-noticias","tag-santa-lucia","tag-yungay","tag-yungayino","tag-yungayinocl"],"_links":{"self":[{"href":"https:\/\/www.yungayino.cl\/noticias\/index.php?rest_route=\/wp\/v2\/posts\/17383","targetHints":{"allow":["GET"]}}],"collection":[{"href":"https:\/\/www.yungayino.cl\/noticias\/index.php?rest_route=\/wp\/v2\/posts"}],"about":[{"href":"https:\/\/www.yungayino.cl\/noticias\/index.php?rest_route=\/wp\/v2\/types\/post"}],"author":[{"embeddable":true,"href":"https:\/\/www.yungayino.cl\/noticias\/index.php?rest_route=\/wp\/v2\/users\/2"}],"replies":[{"embeddable":true,"href":"https:\/\/www.yungayino.cl\/noticias\/index.php?rest_route=%2Fwp%2Fv2%2Fcomments&post=17383"}],"version-history":[{"count":1,"href":"https:\/\/www.yungayino.cl\/noticias\/index.php?rest_route=\/wp\/v2\/posts\/17383\/revisions"}],"predecessor-version":[{"id":17384,"href":"https:\/\/www.yungayino.cl\/noticias\/index.php?rest_route=\/wp\/v2\/posts\/17383\/revisions\/17384"}],"wp:featuredmedia":[{"embeddable":true,"href":"https:\/\/www.yungayino.cl\/noticias\/index.php?rest_route=\/wp\/v2\/media\/17375"}],"wp:attachment":[{"href":"https:\/\/www.yungayino.cl\/noticias\/index.php?rest_route=%2Fwp%2Fv2%2Fmedia&parent=17383"}],"wp:term":[{"taxonomy":"category","embeddable":true,"href":"https:\/\/www.yungayino.cl\/noticias\/index.php?rest_route=%2Fwp%2Fv2%2Fcategories&post=17383"},{"taxonomy":"post_tag","embeddable":true,"href":"https:\/\/www.yungayino.cl\/noticias\/index.php?rest_route=%2Fwp%2Fv2%2Ftags&post=17383"}],"curies":[{"name":"wp","href":"https:\/\/api.w.org\/{rel}","templated":true}]}}