{"id":17385,"date":"2016-11-20T15:00:19","date_gmt":"2016-11-20T18:00:19","guid":{"rendered":"http:\/\/www.yungayino.cl\/noticias\/?p=17385"},"modified":"2016-11-20T20:33:29","modified_gmt":"2016-11-20T23:33:29","slug":"vecinos-del-sector-de-ranchillo-alto-de-yungay-se-capacitaron-en-recoleccion-de-semillas-forestales-nativas","status":"publish","type":"post","link":"https:\/\/www.yungayino.cl\/noticias\/?p=17385","title":{"rendered":"Vecinos del Sector de Ranchillo Alto de Yungay se Capacitaron en Recolecci\u00f3n de Semillas Forestales Nativas"},"content":{"rendered":"<p><img loading=\"lazy\" decoding=\"async\" class=\"alignnone size-full wp-image-17376\" src=\"http:\/\/www.yungayino.cl\/noticias\/wp-content\/uploads\/2016\/11\/recoleccion_semillas_nativas.jpg\" alt=\"recoleccion_semillas_nativas\" width=\"700\" height=\"351\" srcset=\"https:\/\/www.yungayino.cl\/noticias\/wp-content\/uploads\/2016\/11\/recoleccion_semillas_nativas.jpg 700w, https:\/\/www.yungayino.cl\/noticias\/wp-content\/uploads\/2016\/11\/recoleccion_semillas_nativas-300x150.jpg 300w, https:\/\/www.yungayino.cl\/noticias\/wp-content\/uploads\/2016\/11\/recoleccion_semillas_nativas-299x150.jpg 299w\" sizes=\"auto, (max-width: 700px) 100vw, 700px\" \/><\/p>\n<p style=\"text-align: justify;\">Yungay, domingo 20 de noviembre 2016: Profesionales de la Facultad de Ciencias Forestales Universidad de Concepci\u00f3n, dieron inicio a un programa de capacitaci\u00f3n en recolecci\u00f3n de semillas de \u00e1rboles nativos para la comunidad del Sector Ranchillo Alto, vecino al predio denominado Parcela 12 y que fuera cedido por el Ministerio de Bienes Nacionales a la Universidad de Concepci\u00f3n, para la aplicaci\u00f3n de m\u00e9todos de manejo silv\u00edcola sustentables y transformarlo en un centro experimental demostrativo. El predio est\u00e1 situado a una altitud media de 1.200 metros y cuenta con una gran extensi\u00f3n de bosque nativo, donde sobresalen especies arb\u00f3reas de inter\u00e9s forestal maderero como roble, raul\u00ed y coig\u00fce.<\/p>\n<p style=\"text-align: justify;\">La iniciativa es liderada por el equipo de profesionales contratados por el proyecto, donde destaca el trabajo del Sr. Alberto Z\u00fa\u00f1iga, experto en viverizaci\u00f3n de especies nativas, quien est\u00e1 a cargo de la producci\u00f3n de plantas y establecimiento de un vivero forestal, bajo la supervisi\u00f3n del Decano de la Facultad de Ciencias Forestales de la Universidad de Concepci\u00f3n, Ingeniero Forestal, Dr. Manuel S\u00e1nchez Olate. Tambi\u00e9n participan de esta actividad los profesionales, Ingenieros Forestales, Sra. Soledad Salas e Iv\u00e1n Reyes, los que en conjunto llevan adelante la tarea de implementar el plan de forestaci\u00f3n ya mencionado.<\/p>\n<p style=\"text-align: justify;\">Para el \u00e9xito de este proyecto, es crucial el apoyo de la comunidad en la recolecci\u00f3n de semillas forestales para asegurar una eficiente propagaci\u00f3n de plantas nativas. En este escenario, se proyect\u00f3 la capacitaci\u00f3n de vecinos en 3 sectores distintos. Los dos primeros est\u00e1n conformados por las Juntas de Vecinos Ranchillo Alto y El Avellano, ambos de la comuna de Yungay, Provincia de \u00d1uble; mientras que el tercero estar\u00e1 conformado por vecinos de la localidad de Malalcahuello (Regi\u00f3n de la Araucan\u00eda), lugares en donde abundan estas especies.&nbsp;<\/p>\n<p style=\"text-align: justify;\">El Decano de la Facultad de Ciencias Forestales, Dr. Manuel S\u00e1nchez, acompa\u00f1\u00f3 a los profesionales hasta Ranchillo Alto para compartir con los vecinos e incentivarlos a participar del proyecto.&nbsp; All\u00ed remarc\u00f3 la importancia de entregar los conocimientos adecuados para realizar esta actividad, \u201cLa clave en la recolecci\u00f3n de semillas es conocer las etapas cr\u00edticas del proceso de cosecha de semillas. Pueden tener 2 sacos de semillas, pero si la manipulan mal no les servir\u00e1 de nada\u201d, destac\u00f3. El Curso est\u00e1 estructurado en 2 jornadas; una te\u00f3rica, en donde se ense\u00f1a la identificaci\u00f3n de las especies y su manipulaci\u00f3n, y la segunda que comprende una visita a terreno para el mes de enero (fecha de recolecci\u00f3n de semillas nativas) en donde har\u00e1n demostraciones de t\u00e9cnicas y herramientas para la obtenci\u00f3n de semillas, culminando con una actividad real de colecta, donde se evaluar\u00e1 el grado de aprendizaje logrado por los asistentes al curso.<\/p>\n<p style=\"text-align: justify;\"><strong>Isabel Mardones<\/strong>, quien vive en el sector m\u00e1s alto de Ranchillo, fue una de las participantes m\u00e1s entusiastas del curso; \u201cEsta iniciativa es muy buena, porque adem\u00e1s de representar una entrada extra en lo econ\u00f3mico, es bueno colaborar en el desarrollo del sector. Habiendo tanto \u00e1rbol, tanto Coig\u00fce yo nunca hab\u00eda visto la semilla del Coig\u00fce y muchas veces nos han venido a preguntar si vendemos la semillas por que la pagan muy bien, pero no sab\u00edamos c\u00f3mo recolectarla\u201d, se\u00f1al\u00f3. Otro de los alumnos del curso fue <strong>Luis C\u00e1diz<\/strong>, que manifest\u00f3 que pese a tener conocimientos previos sobre las distintas especies que se encuentra en su predio, desconoc\u00eda como identificar sus semillas, \u201cUbico los \u00e1rboles nativos, pero desconozco c\u00f3mo son los frutos y las semillas. Ahora me interesa completar el curso para comenzar la venta de semillas de Raul\u00ed que es abundante en este sector\u201d indic\u00f3 el peque\u00f1o agricultor.&nbsp;<\/p>\n<p style=\"text-align: justify;\">El Dr. S\u00e1nchez tambi\u00e9n les comunic\u00f3 a los participantes la importancia de conocer todas las etapas del proceso de recolecci\u00f3n para dar un valor agregado a sus cosechas. \u201cEl valor en el mercado de un kilo de Roble, es del orden de los 20 mil pesos, pero si adem\u00e1s de una excelente mantenci\u00f3n de la semilla, se agrega una certificaci\u00f3n, el valor puede aumentar a 100 mil pesos o m\u00e1s, si la calidad del material colectado es elevada.<\/p>\n<p style=\"text-align: justify;\">Tambi\u00e9n los recolectores deben mantener un registro de la localizaci\u00f3n de la semilla, que les dar\u00e1 un plus extra en la venta y es de gran ayuda para la investigaci\u00f3n cient\u00edfica, ya que nos permitir\u00e1 identificar de mejor manera las semillas y mejorar la producci\u00f3n de estas\u201d, concluye el Decano.<\/p>\n<p style=\"text-align: justify;\">El curso de capacitaci\u00f3n en recolecci\u00f3n de semillas forestales nativas se enmarca en las actividades del Convenio de reforestaci\u00f3n firmado entre la Universidad de Concepci\u00f3n y ENDESA para restituir 700 hect\u00e1reas de bosque nativo del tipo forestal roble-raul\u00ed-coig\u00fce, ocupado en la instalaci\u00f3n de la central Ralco, en la comuna de Santa B\u00e1rbara. En el proceso de reforestaci\u00f3n deben utilizarse plantas cuyo germoplasma provenga de la precordillera andina de las regiones del Maule, Biob\u00edo o la Araucan\u00eda, por lo cual, para la producci\u00f3n de plantas, se busca que los peque\u00f1os propietarios forestales puedan desarrollar la actividad de colecta de semillas y as\u00ed complementar sus ingresos, ya sea vendiendo las semillas al mismo proyecto o bien, ofreci\u00e9ndolas a otros interesados en contar con tan valioso germoplasma.<\/p>\n<p style=\"text-align: justify;\">Junto con la divulgaci\u00f3n y etapa de recolecci\u00f3n y manipulaci\u00f3n de semillas, el convenio suscrito con ENDESA contempla otros ejes para lograr la reforestaci\u00f3n efectiva de bosque nativo.&nbsp; Entre las prioridades est\u00e1 la b\u00fasqueda de nuevos predios disponibles para alcanzar la meta de 700 hect\u00e1reas para la plantaci\u00f3n de \u00e1rboles. Durante este proceso tambi\u00e9n se llevar\u00e1 a cabo una intensa investigaci\u00f3n cient\u00edfica que permita evaluar la recuperaci\u00f3n de los servicios ecosist\u00e9micos mediante la reforestaci\u00f3n con especies nativas usando el mecanismo de compensaci\u00f3n.&nbsp; A todo ese trabajo se sumar\u00e1 un programa de turismo cient\u00edfico, que permita involucrar en la iniciativa a las comunidades que viven aleda\u00f1as a las zonas de investigaci\u00f3n y reforestaci\u00f3n, y a otros actores sociales p\u00fablicos y privados de la Regi\u00f3n del Biob\u00edo.<\/p>\n","protected":false},"excerpt":{"rendered":"<p>Yungay, domingo 20 de noviembre 2016: Profesionales de la Facultad de Ciencias Forestales Universidad de Concepci\u00f3n, dieron inicio a un programa de capacitaci\u00f3n en recolecci\u00f3n de semillas de \u00e1rboles nativos para la comunidad del&#46;&#46;&#46;<\/p>\n","protected":false},"author":2,"featured_media":17376,"comment_status":"open","ping_status":"open","sticky":false,"template":"","format":"standard","meta":{"footnotes":""},"categories":[1,32,15],"tags":[1115,982,1448,8,6,117],"class_list":["post-17385","post","type-post","status-publish","format-standard","has-post-thumbnail","hentry","category-noticias","category-servicios","category-turismo","tag-noticias","tag-ranchillo-alto","tag-semillas-forestales-nativas","tag-yungay","tag-yungayino","tag-yungayinocl"],"_links":{"self":[{"href":"https:\/\/www.yungayino.cl\/noticias\/index.php?rest_route=\/wp\/v2\/posts\/17385","targetHints":{"allow":["GET"]}}],"collection":[{"href":"https:\/\/www.yungayino.cl\/noticias\/index.php?rest_route=\/wp\/v2\/posts"}],"about":[{"href":"https:\/\/www.yungayino.cl\/noticias\/index.php?rest_route=\/wp\/v2\/types\/post"}],"author":[{"embeddable":true,"href":"https:\/\/www.yungayino.cl\/noticias\/index.php?rest_route=\/wp\/v2\/users\/2"}],"replies":[{"embeddable":true,"href":"https:\/\/www.yungayino.cl\/noticias\/index.php?rest_route=%2Fwp%2Fv2%2Fcomments&post=17385"}],"version-history":[{"count":1,"href":"https:\/\/www.yungayino.cl\/noticias\/index.php?rest_route=\/wp\/v2\/posts\/17385\/revisions"}],"predecessor-version":[{"id":17386,"href":"https:\/\/www.yungayino.cl\/noticias\/index.php?rest_route=\/wp\/v2\/posts\/17385\/revisions\/17386"}],"wp:featuredmedia":[{"embeddable":true,"href":"https:\/\/www.yungayino.cl\/noticias\/index.php?rest_route=\/wp\/v2\/media\/17376"}],"wp:attachment":[{"href":"https:\/\/www.yungayino.cl\/noticias\/index.php?rest_route=%2Fwp%2Fv2%2Fmedia&parent=17385"}],"wp:term":[{"taxonomy":"category","embeddable":true,"href":"https:\/\/www.yungayino.cl\/noticias\/index.php?rest_route=%2Fwp%2Fv2%2Fcategories&post=17385"},{"taxonomy":"post_tag","embeddable":true,"href":"https:\/\/www.yungayino.cl\/noticias\/index.php?rest_route=%2Fwp%2Fv2%2Ftags&post=17385"}],"curies":[{"name":"wp","href":"https:\/\/api.w.org\/{rel}","templated":true}]}}