{"id":17391,"date":"2016-11-27T10:00:33","date_gmt":"2016-11-27T13:00:33","guid":{"rendered":"http:\/\/www.yungayino.cl\/noticias\/?p=17391"},"modified":"2016-11-27T19:06:50","modified_gmt":"2016-11-27T22:06:50","slug":"escuela-fernando-baquedano-celebro-semana-del-parvulo","status":"publish","type":"post","link":"https:\/\/www.yungayino.cl\/noticias\/?p=17391","title":{"rendered":"Escuela Fernando Baquedano Celebr\u00f3 Semana del P\u00e1rvulo"},"content":{"rendered":"<p><img loading=\"lazy\" decoding=\"async\" class=\"alignnone size-full wp-image-17392\" src=\"http:\/\/www.yungayino.cl\/noticias\/wp-content\/uploads\/2016\/11\/baquedano_semana_parvulo_2016.jpg\" alt=\"baquedano_semana_parvulo_2016\" width=\"700\" height=\"350\" srcset=\"https:\/\/www.yungayino.cl\/noticias\/wp-content\/uploads\/2016\/11\/baquedano_semana_parvulo_2016.jpg 700w, https:\/\/www.yungayino.cl\/noticias\/wp-content\/uploads\/2016\/11\/baquedano_semana_parvulo_2016-300x150.jpg 300w\" sizes=\"auto, (max-width: 700px) 100vw, 700px\" \/><\/p>\n<p style=\"text-align: justify;\">Yungay, domingo 27 de noviembre 2016: La Escuela Fernando Baquedano celebr\u00f3 la <strong>Semana del P\u00e1rvulo<\/strong> con una serie de actividades en las que participaron los festejados alumnos de Pre K\u00ednder y K\u00ednder, apoderados que acompa\u00f1aron en cada momento a sus hijos e hijas y liderados por las educadoras y asistentes, quienes organizaron las actividades.<\/p>\n<p style=\"text-align: justify;\">&nbsp;<\/p>\n<p style=\"text-align: justify;\"><iframe loading=\"lazy\" src=\"https:\/\/www.facebook.com\/plugins\/post.php?href=https:\/\/www.facebook.com\/media\/set\/?set=a.1480044275343940.1073742980.159561284058919&#038;type=1&#038;l=4dd8bdfe32&#038;l=a77e327dc6&#038;l=f5951f1994&#038;l=bfecbb8adf&#038;l=687b6bf5da&#038;width=500&#038;show_text=true&#038;height=691&#038;appId\" width=\"500\" height=\"691\" style=\"border:none;overflow:hidden\" scrolling=\"no\" frameborder=\"0\" allowTransparency=\"true\"><\/iframe>\n<\/p>\n<p style=\"text-align: justify;\">&nbsp;<\/p>\n<p style=\"text-align: justify;\">&nbsp;<\/p>\n<p style=\"text-align: justify;\">Destacar que la Escuela Fernando Baquedano reconoce el trabajo colaborativo que existe en el Nivel Pre b\u00e1sico y el esfuerzo y dedicaci\u00f3n con el que cada d\u00eda las Educadoras y Asistentes realizan su labor, reconoce tambi\u00e9n el aporte de apoderados que se involucran y acompa\u00f1an el proceso de ense\u00f1anza y aprendizaje de sus alumnos.<\/p>\n<p style=\"text-align: justify;\">Finalmente destacar que las actividades involucraron un paseo por la Plaza Iquique de nuestra comuna donde los ni\u00f1os(as), adem\u00e1s de t\u00edas, educadoras y asistentes luc\u00edan hermosos disfraces.<\/p>\n<p style=\"text-align: justify;\">&nbsp;<\/p>\n<p style=\"text-align: justify;\"><strong>[su_button url=\u00bbhttps:\/\/www.facebook.com\/media\/set\/?set=a.1480044275343940.1073742980.159561284058919&amp;type=1&amp;l=4dd8bdfe32&#8243; target=\u00bbblank\u00bb size=\u00bb7&#8243; radius=\u00bbround\u00bb icon=\u00bbicon: facebook-square\u00bb]FOTOGRAF\u00cdAS &#8211; Escuela Fernando Baquedano Celebr\u00f3 Semana del P\u00e1rvulo[\/su_button]<\/strong><\/p>\n","protected":false},"excerpt":{"rendered":"<p>Yungay, domingo 27 de noviembre 2016: La Escuela Fernando Baquedano celebr\u00f3 la Semana del P\u00e1rvulo con una serie de actividades en las que participaron los festejados alumnos de Pre K\u00ednder y K\u00ednder, apoderados que&#46;&#46;&#46;<\/p>\n","protected":false},"author":2,"featured_media":17392,"comment_status":"open","ping_status":"open","sticky":false,"template":"","format":"standard","meta":{"footnotes":""},"categories":[1],"tags":[190,1115,810,8,6,1449],"class_list":["post-17391","post","type-post","status-publish","format-standard","has-post-thumbnail","hentry","category-noticias","tag-escuela-fernando-baquedano","tag-noticias","tag-semana-del-parvulo","tag-yungay","tag-yungayino","tag-yungayino-l"],"_links":{"self":[{"href":"https:\/\/www.yungayino.cl\/noticias\/index.php?rest_route=\/wp\/v2\/posts\/17391","targetHints":{"allow":["GET"]}}],"collection":[{"href":"https:\/\/www.yungayino.cl\/noticias\/index.php?rest_route=\/wp\/v2\/posts"}],"about":[{"href":"https:\/\/www.yungayino.cl\/noticias\/index.php?rest_route=\/wp\/v2\/types\/post"}],"author":[{"embeddable":true,"href":"https:\/\/www.yungayino.cl\/noticias\/index.php?rest_route=\/wp\/v2\/users\/2"}],"replies":[{"embeddable":true,"href":"https:\/\/www.yungayino.cl\/noticias\/index.php?rest_route=%2Fwp%2Fv2%2Fcomments&post=17391"}],"version-history":[{"count":1,"href":"https:\/\/www.yungayino.cl\/noticias\/index.php?rest_route=\/wp\/v2\/posts\/17391\/revisions"}],"predecessor-version":[{"id":17393,"href":"https:\/\/www.yungayino.cl\/noticias\/index.php?rest_route=\/wp\/v2\/posts\/17391\/revisions\/17393"}],"wp:featuredmedia":[{"embeddable":true,"href":"https:\/\/www.yungayino.cl\/noticias\/index.php?rest_route=\/wp\/v2\/media\/17392"}],"wp:attachment":[{"href":"https:\/\/www.yungayino.cl\/noticias\/index.php?rest_route=%2Fwp%2Fv2%2Fmedia&parent=17391"}],"wp:term":[{"taxonomy":"category","embeddable":true,"href":"https:\/\/www.yungayino.cl\/noticias\/index.php?rest_route=%2Fwp%2Fv2%2Fcategories&post=17391"},{"taxonomy":"post_tag","embeddable":true,"href":"https:\/\/www.yungayino.cl\/noticias\/index.php?rest_route=%2Fwp%2Fv2%2Ftags&post=17391"}],"curies":[{"name":"wp","href":"https:\/\/api.w.org\/{rel}","templated":true}]}}