{"id":17406,"date":"2016-11-27T16:00:44","date_gmt":"2016-11-27T19:00:44","guid":{"rendered":"http:\/\/www.yungayino.cl\/noticias\/?p=17406"},"modified":"2016-11-27T19:31:06","modified_gmt":"2016-11-27T22:31:06","slug":"fiscalia-local-de-yungay-realizo-cuenta-publica-2016","status":"publish","type":"post","link":"https:\/\/www.yungayino.cl\/noticias\/?p=17406","title":{"rendered":"Fiscal\u00eda Local de Yungay Realiz\u00f3 Cuenta P\u00fablica 2016"},"content":{"rendered":"<p><img loading=\"lazy\" decoding=\"async\" class=\"alignnone size-full wp-image-17407\" src=\"http:\/\/www.yungayino.cl\/noticias\/wp-content\/uploads\/2016\/11\/cuenta_publica_fiscalia_2016.jpg\" alt=\"cuenta_publica_fiscalia_2016\" width=\"663\" height=\"483\" srcset=\"https:\/\/www.yungayino.cl\/noticias\/wp-content\/uploads\/2016\/11\/cuenta_publica_fiscalia_2016.jpg 663w, https:\/\/www.yungayino.cl\/noticias\/wp-content\/uploads\/2016\/11\/cuenta_publica_fiscalia_2016-300x219.jpg 300w, https:\/\/www.yungayino.cl\/noticias\/wp-content\/uploads\/2016\/11\/cuenta_publica_fiscalia_2016-206x150.jpg 206w\" sizes=\"auto, (max-width: 663px) 100vw, 663px\" \/><\/p>\n<p style=\"text-align: justify;\">Yungay, domingo 27 de noviembre 2016: En las dependencias del Auditorio de la Biblioteca P\u00fablica de Yungay el pasado jueves 24 de noviembre el Fiscal Jefe, Mario Lobos Ortiz dio a conocer la primera cuenta p\u00fablica de la Fiscal\u00eda Local de Yungay, en una ceremonia en la que estuvo presente el Fiscal Regional del Biob\u00edo, Julio Contardo Escobar, el alcalde(s) de Yungay, Alexi P\u00e9rez, el alcalde (electo) de Pemuco, Johnson Gu\u00ed\u00f1ez N\u00fa\u00f1ez, autoridades policiales y representantes de servicios p\u00fablicos.<\/p>\n<p style=\"text-align: justify;\">En su discurso, el Fiscal Mario Lobos Ortiz destac\u00f3 el permanente inter\u00e9s de la Fiscal\u00eda del B\u00edo B\u00edo por desarrollar una gesti\u00f3n descentralizada a nivel regional y agradeci\u00f3 a los presentes por la asistencia a participar de la cuenta de la labor desarrollada durante el 2015 en la jurisdicci\u00f3n correspondiente a las comunas de Yungay, Tucapel, El Carmen y Pemuco.<\/p>\n<p style=\"text-align: justify;\">Tambi\u00e9n destaco que esta cuenta p\u00fablica, es la primera realizada por la fiscal\u00eda local de Yungay, donde se aprovech\u00f3 la oportunidad de mostrar todo el trabajo realizado por la fiscal\u00eda a contar de diciembre del a\u00f1o 2003, como una forma de entregar un visi\u00f3n hist\u00f3rica del trabajo realizado en beneficio de la comunidad a la cual servimos se\u00f1alo el fiscal Lobos a los presentes.<\/p>\n<p style=\"text-align: justify;\">El Fiscal Mario Lobos Ortiz en su exposici\u00f3n se refiri\u00f3 al recuento y cifras estad\u00edsticas hist\u00f3ricas, investigaciones emblem\u00e1ticas, a la atenci\u00f3n de usuarios y comunidad, desaf\u00edos y oportunidad de mejora.<\/p>\n<p style=\"text-align: justify;\">&nbsp;<\/p>\n<p style=\"text-align: justify;\"><iframe loading=\"lazy\" src=\"https:\/\/www.facebook.com\/plugins\/post.php?href=https:\/\/www.facebook.com\/media\/set\/?set=a.1480071262007908.1073742984.159561284058919&#038;type=1&#038;l=e0866416f2&#038;l=a77e327dc6&#038;l=f5951f1994&#038;l=bfecbb8adf&#038;l=687b6bf5da&#038;width=500&#038;show_text=true&#038;height=691&#038;appId\" width=\"500\" height=\"691\" style=\"border:none;overflow:hidden\" scrolling=\"no\" frameborder=\"0\" allowTransparency=\"true\"><\/iframe>\n<\/p>\n<p style=\"text-align: justify;\">&nbsp;<\/p>\n<p style=\"text-align: justify;\">&nbsp;<\/p>\n<p style=\"text-align: justify;\">El Fiscal Regional del Biob\u00edo, <strong>Julio Contardo Escobar <\/strong>en una entrevista realizada por Equipo del Portal Yungayino.cl se\u00f1alo estar muy agradado de venir y participar en esta instancia ciudadana de apertura, transparencia, potenciando el trabajo realizado por la fiscal\u00eda de Yungay, donde a veces el trabajo es silencioso y se trabaja con los testigos en las oficinas, preparando los casos, desarrollando las labores investigativas con ambas polic\u00edas y en este caso destac\u00f3 que el trabajo de la fiscal\u00eda de Yungay ha sido mejor cada a\u00f1o. Finalmente el Fiscal Regional, Julio Contardo Escobar envi\u00f3 un mensaje a la comunidad se\u00f1alando: \u201cfiscal\u00eda seguir\u00e1 trabajando para mejorar la calidad del servicio para todos los usuarios, dando as\u00ed la confianza, adem\u00e1s las puertas de la fiscal\u00eda est\u00e1n abiertas para desarrollar de mejor manera nuestra labor\u201d.<\/p>\n<p style=\"text-align: justify;\">Finalmente el Fiscal de Yungay &nbsp;<strong>Mario Lobos Ortiz <\/strong>manifest\u00f3 al Equipo del Portal Yungayino.cl, que el objetivo de la cuenta p\u00fablica es para acercarse a la comunidad, destacando la asistencia de las autoridades de las cuatro comunas de esta jurisdicci\u00f3n, tambi\u00e9n se\u00f1alo que es la primera cuenta de la fiscal\u00eda local de Yungay, iniciativa del Fiscal Regional y Nacional para acercar la fiscal\u00eda a toda la comunidad a trav\u00e9s de las cuentas p\u00fablicas que se hacen en diferentes lugares en particular el trabajo que realiza la fiscal\u00eda en cuanto a investigar delitos, todo lo que es la persecuci\u00f3n penal y protecci\u00f3n de v\u00edctimas y testigos, eso es lo que se ha dado a conocer a trav\u00e9s de esta cuenta p\u00fablica en este d\u00eda y todo con el objetivo para acercarse a la comunidad.<\/p>\n<p style=\"text-align: justify;\">[su_button url=\u00bbhttps:\/\/www.facebook.com\/media\/set\/?set=a.1480071262007908.1073742984.159561284058919&amp;type=1&amp;l=e0866416f2&#8243; target=\u00bbblank\u00bb size=\u00bb7&#8243; radius=\u00bbround\u00bb icon=\u00bbicon: facebook-square\u00bb]Finalmente la cuenta p\u00fablica termino con un coctel con la participaci\u00f3n de todos los asistentes.[\/su_button]<\/p>\n<p style=\"text-align: justify;\">&nbsp;<\/p>\n<p style=\"text-align: justify;\">FOTOGRAF\u00cdAS &#8211; Fiscal\u00eda Local de Yungay Realiz\u00f3 Cuenta P\u00fablica 2016<\/p>\n","protected":false},"excerpt":{"rendered":"<p>Yungay, domingo 27 de noviembre 2016: En las dependencias del Auditorio de la Biblioteca P\u00fablica de Yungay el pasado jueves 24 de noviembre el Fiscal Jefe, Mario Lobos Ortiz dio a conocer la primera&#46;&#46;&#46;<\/p>\n","protected":false},"author":2,"featured_media":17407,"comment_status":"open","ping_status":"open","sticky":false,"template":"","format":"standard","meta":{"footnotes":""},"categories":[1],"tags":[1450,1194,1451,1115,30,104,8,6,117],"class_list":["post-17406","post","type-post","status-publish","format-standard","has-post-thumbnail","hentry","category-noticias","tag-cuenta-publica-fiscalia","tag-el-carmen","tag-fiscalia","tag-noticias","tag-pemuco","tag-tucapel","tag-yungay","tag-yungayino","tag-yungayinocl"],"_links":{"self":[{"href":"https:\/\/www.yungayino.cl\/noticias\/index.php?rest_route=\/wp\/v2\/posts\/17406","targetHints":{"allow":["GET"]}}],"collection":[{"href":"https:\/\/www.yungayino.cl\/noticias\/index.php?rest_route=\/wp\/v2\/posts"}],"about":[{"href":"https:\/\/www.yungayino.cl\/noticias\/index.php?rest_route=\/wp\/v2\/types\/post"}],"author":[{"embeddable":true,"href":"https:\/\/www.yungayino.cl\/noticias\/index.php?rest_route=\/wp\/v2\/users\/2"}],"replies":[{"embeddable":true,"href":"https:\/\/www.yungayino.cl\/noticias\/index.php?rest_route=%2Fwp%2Fv2%2Fcomments&post=17406"}],"version-history":[{"count":2,"href":"https:\/\/www.yungayino.cl\/noticias\/index.php?rest_route=\/wp\/v2\/posts\/17406\/revisions"}],"predecessor-version":[{"id":17409,"href":"https:\/\/www.yungayino.cl\/noticias\/index.php?rest_route=\/wp\/v2\/posts\/17406\/revisions\/17409"}],"wp:featuredmedia":[{"embeddable":true,"href":"https:\/\/www.yungayino.cl\/noticias\/index.php?rest_route=\/wp\/v2\/media\/17407"}],"wp:attachment":[{"href":"https:\/\/www.yungayino.cl\/noticias\/index.php?rest_route=%2Fwp%2Fv2%2Fmedia&parent=17406"}],"wp:term":[{"taxonomy":"category","embeddable":true,"href":"https:\/\/www.yungayino.cl\/noticias\/index.php?rest_route=%2Fwp%2Fv2%2Fcategories&post=17406"},{"taxonomy":"post_tag","embeddable":true,"href":"https:\/\/www.yungayino.cl\/noticias\/index.php?rest_route=%2Fwp%2Fv2%2Ftags&post=17406"}],"curies":[{"name":"wp","href":"https:\/\/api.w.org\/{rel}","templated":true}]}}