{"id":17435,"date":"2016-12-05T12:00:07","date_gmt":"2016-12-05T15:00:07","guid":{"rendered":"http:\/\/www.yungayino.cl\/noticias\/?p=17435"},"modified":"2016-12-05T13:14:41","modified_gmt":"2016-12-05T16:14:41","slug":"autoridades-de-la-region-visitan-central-itata-en-yungay","status":"publish","type":"post","link":"https:\/\/www.yungayino.cl\/noticias\/?p=17435","title":{"rendered":"Autoridades de la Regi\u00f3n Visitan Central Itata en Yungay"},"content":{"rendered":"<p><img loading=\"lazy\" decoding=\"async\" class=\"alignnone size-full wp-image-17436\" src=\"http:\/\/www.yungayino.cl\/noticias\/wp-content\/uploads\/2016\/12\/central_itata_201612.jpg\" alt=\"central_itata_201612\" width=\"700\" height=\"350\" srcset=\"https:\/\/www.yungayino.cl\/noticias\/wp-content\/uploads\/2016\/12\/central_itata_201612.jpg 700w, https:\/\/www.yungayino.cl\/noticias\/wp-content\/uploads\/2016\/12\/central_itata_201612-300x150.jpg 300w\" sizes=\"auto, (max-width: 700px) 100vw, 700px\" \/><\/p>\n<p style=\"text-align: justify;\">Yungay, lunes 05 de diciembre 2016: En el marco de un ciclo de visitas a las infraestructuras energ\u00e9ticas de la regi\u00f3n, lleg\u00f3 hasta la Central Itata ubicada en la comuna de Yungay, el pasado mi\u00e9rcoles 28 de noviembre. Cerca de 45 personas, entre miembros del Comit\u00e9 de Desarrollo Energ\u00e9tico Regional, profesionales y directivos del Ministerio de Energ\u00eda, consejeros regionales e integrantes de la Comisi\u00f3n de Fomento Productivo de Turismo y Energ\u00eda, profesionales de los \u00f3rganos del estado con competencia ambiental que participan de los Comit\u00e9 T\u00e9cnico de la Comisi\u00f3n Regional de Evaluaci\u00f3n Ambiental fueron recibidas por el Gerente de Operaciones de El\u00e9ctrica Puntilla, Claudio Bizama.<\/p>\n<p style=\"text-align: justify;\">&nbsp;<\/p>\n<p style=\"text-align: justify;\">\n<iframe loading=\"lazy\" src=\"https:\/\/www.facebook.com\/plugins\/post.php?href=https:\/\/www.facebook.com\/media\/set\/?set=a.1491441274204240.1073742991.159561284058919&#038;type=1&#038;l=1d7ed8fe3c&#038;l=a77e327dc6&#038;l=f5951f1994&#038;l=bfecbb8adf&#038;l=687b6bf5da&#038;width=500&#038;show_text=true&#038;height=691&#038;appId\" width=\"500\" height=\"691\" style=\"border:none;overflow:hidden\" scrolling=\"no\" frameborder=\"0\" allowTransparency=\"true\"><\/iframe>\n<\/p>\n<p style=\"text-align: justify;\">&nbsp;<\/p>\n<p style=\"text-align: justify;\">&nbsp;<\/p>\n<p style=\"text-align: justify;\">Los asistentes participaron de una charla sobre el funcionamiento de esta central de pasada, que entr\u00f3 en operaciones en junio del 2016 y que cuenta con una capacidad de 20 MW y una generaci\u00f3n anual de 80 GWh. Tambi\u00e9n hicieron una visita al Salto del Itata, donde adem\u00e1s se mostr\u00f3 el Parque Mirador Salto del Itata, que la empresa est\u00e1 construyendo a un costado del salto y que ser\u00e1 entregado a la Municipalidad de Yungay para su administraci\u00f3n.<\/p>\n<p style=\"text-align: justify;\">Finalmente la Seremi de Energ\u00eda del Bio B\u00edo, <strong>Carola Venegas<\/strong>, agradeci\u00f3 la disposici\u00f3n de la empresa para mostrar la central y resalt\u00f3 la forma en que se llev\u00f3 a cabo este proyecto, con una eficiente coordinaci\u00f3n entre la empresa privada con los organismos de medio ambiente, turismo y energ\u00eda, coment\u00f3 Claudio Bizama.<\/p>\n<p style=\"text-align: justify;\">&nbsp;<\/p>\n<p style=\"text-align: justify;\">[su_button url=\u00bbhttps:\/\/www.facebook.com\/media\/set\/?set=a.1491441274204240.1073742991.159561284058919&amp;type=1&amp;l=1d7ed8fe3c\u00bb target=\u00bbblank\u00bb size=\u00bb7&#8243; radius=\u00bbround\u00bb icon=\u00bbicon: facebook-square\u00bb]FOTOGRAF\u00cdAS &#8211; Autoridades de la Regi\u00f3n Visitan Central Itata en Yungay[\/su_button]<\/p>\n","protected":false},"excerpt":{"rendered":"<p>Yungay, lunes 05 de diciembre 2016: En el marco de un ciclo de visitas a las infraestructuras energ\u00e9ticas de la regi\u00f3n, lleg\u00f3 hasta la Central Itata ubicada en la comuna de Yungay, el pasado&#46;&#46;&#46;<\/p>\n","protected":false},"author":2,"featured_media":17436,"comment_status":"open","ping_status":"open","sticky":false,"template":"","format":"standard","meta":{"footnotes":""},"categories":[3,1],"tags":[1455,406,1115,405,8,6,117],"class_list":["post-17435","post","type-post","status-publish","format-standard","has-post-thumbnail","hentry","category-actualidad","category-noticias","tag-central-itata","tag-electrica-puntilla","tag-noticias","tag-salto-itata","tag-yungay","tag-yungayino","tag-yungayinocl"],"_links":{"self":[{"href":"https:\/\/www.yungayino.cl\/noticias\/index.php?rest_route=\/wp\/v2\/posts\/17435","targetHints":{"allow":["GET"]}}],"collection":[{"href":"https:\/\/www.yungayino.cl\/noticias\/index.php?rest_route=\/wp\/v2\/posts"}],"about":[{"href":"https:\/\/www.yungayino.cl\/noticias\/index.php?rest_route=\/wp\/v2\/types\/post"}],"author":[{"embeddable":true,"href":"https:\/\/www.yungayino.cl\/noticias\/index.php?rest_route=\/wp\/v2\/users\/2"}],"replies":[{"embeddable":true,"href":"https:\/\/www.yungayino.cl\/noticias\/index.php?rest_route=%2Fwp%2Fv2%2Fcomments&post=17435"}],"version-history":[{"count":1,"href":"https:\/\/www.yungayino.cl\/noticias\/index.php?rest_route=\/wp\/v2\/posts\/17435\/revisions"}],"predecessor-version":[{"id":17437,"href":"https:\/\/www.yungayino.cl\/noticias\/index.php?rest_route=\/wp\/v2\/posts\/17435\/revisions\/17437"}],"wp:featuredmedia":[{"embeddable":true,"href":"https:\/\/www.yungayino.cl\/noticias\/index.php?rest_route=\/wp\/v2\/media\/17436"}],"wp:attachment":[{"href":"https:\/\/www.yungayino.cl\/noticias\/index.php?rest_route=%2Fwp%2Fv2%2Fmedia&parent=17435"}],"wp:term":[{"taxonomy":"category","embeddable":true,"href":"https:\/\/www.yungayino.cl\/noticias\/index.php?rest_route=%2Fwp%2Fv2%2Fcategories&post=17435"},{"taxonomy":"post_tag","embeddable":true,"href":"https:\/\/www.yungayino.cl\/noticias\/index.php?rest_route=%2Fwp%2Fv2%2Ftags&post=17435"}],"curies":[{"name":"wp","href":"https:\/\/api.w.org\/{rel}","templated":true}]}}