{"id":17441,"date":"2016-12-06T23:00:59","date_gmt":"2016-12-07T02:00:59","guid":{"rendered":"http:\/\/www.yungayino.cl\/noticias\/?p=17441"},"modified":"2016-12-07T00:23:25","modified_gmt":"2016-12-07T03:23:25","slug":"rafael-cifuentes-rodriguez-asume-como-nuevo-alcalde-de-yungay-y-nuevo-concejo-municipal-periodo-2016-2020","status":"publish","type":"post","link":"https:\/\/www.yungayino.cl\/noticias\/?p=17441","title":{"rendered":"Rafael Cifuentes Rodr\u00edguez Asume como Nuevo Alcalde de Yungay y Nuevo Concejo Municipal Per\u00edodo 2016-2020"},"content":{"rendered":"<p><img loading=\"lazy\" decoding=\"async\" class=\"alignnone size-full wp-image-17442\" src=\"http:\/\/www.yungayino.cl\/noticias\/wp-content\/uploads\/2016\/12\/alcalde_concejo_municipal_2017.jpg\" alt=\"alcalde_concejo_municipal_2017\" width=\"700\" height=\"393\" srcset=\"https:\/\/www.yungayino.cl\/noticias\/wp-content\/uploads\/2016\/12\/alcalde_concejo_municipal_2017.jpg 700w, https:\/\/www.yungayino.cl\/noticias\/wp-content\/uploads\/2016\/12\/alcalde_concejo_municipal_2017-300x168.jpg 300w, https:\/\/www.yungayino.cl\/noticias\/wp-content\/uploads\/2016\/12\/alcalde_concejo_municipal_2017-267x150.jpg 267w\" sizes=\"auto, (max-width: 700px) 100vw, 700px\" \/><\/p>\n<p style=\"text-align: justify;\">Yungay, martes 06 de diciembre 2016: Rafael Cifuentes Rodr\u00edguez (PS) y el nuevo Concejo Municipal de Yungay, asumieron sus funciones a los cargos tras ser electos el pasado 23 de octubre.<\/p>\n<p style=\"text-align: justify;\">La ceremonia del nuevo Concejo Municipal para el per\u00edodo 2016-2020 se llev\u00f3 a cabo en el Gimnasio Multiuso a la cual asistieron un gran n\u00famero de personas, autoridades provinciales y comunales, dirigentes, familiares y vecinos que no quisieron estar ausente de este significativo acto, al cual siguieron atento la sesi\u00f3n que inclu\u00eda la lectura de acta con resultados de las \u00faltimas elecciones y juramento, donde el alcalde saliente Sr. Pedro Inostroza Valenzuela (UDI) hizo entrega del cargo al nuevo alcalde Sr. Rafael Cifuentes Rodr\u00edguez.<\/p>\n<p style=\"text-align: justify;\">&nbsp;<\/p>\n<p style=\"text-align: justify;\"><iframe loading=\"lazy\" src=\"https:\/\/www.facebook.com\/plugins\/post.php?href=https:\/\/www.facebook.com\/media\/set\/?set=a.1494064130608621.1073742993.159561284058919&#038;type=1&#038;l=6118df89e0&#038;l=a77e327dc6&#038;l=f5951f1994&#038;l=bfecbb8adf&#038;l=687b6bf5da&#038;width=500&#038;show_text=true&#038;height=691&#038;appId\" width=\"500\" height=\"691\" style=\"border:none;overflow:hidden\" scrolling=\"no\" frameborder=\"0\" allowTransparency=\"true\"><\/iframe>\n<\/p>\n<p style=\"text-align: justify;\">&nbsp;<\/p>\n<p style=\"text-align: justify;\">&nbsp;<\/p>\n<p style=\"text-align: justify;\">Fue as\u00ed que el nuevo alcalde Sr. Rafael Cifuentes Rodr\u00edguez procedi\u00f3 a abrir la sesi\u00f3n extraordinaria de Concejo Municipal donde el primer punto fue acordar la realizaci\u00f3n de las reuniones ordinarias, tema que fue aprobada en forma un\u00e1nime por el Concejo para efectuarlas los primeros tres martes de cada mes.<\/p>\n<p style=\"text-align: justify;\">Por su parte el alcalde saliente Sr. Pedro Inostroza Valenzuela, manifest\u00f3 en su discurso a los presentes su deseo de \u00e9xito al nuevo alcalde, tambi\u00e9n agradeci\u00f3 a Dios por haberle dado la oportunidad de ser autoridad por ocho a\u00f1os de la comuna, agradeciendo todo el apoyo que le dio su familia por el trabajo que se estaba haciendo, tambi\u00e9n agradeci\u00f3 a cada uno de los directores y funcionarios municipales por el capital humano entregado durante este tiempo, donde destaco que el \u00e9xito de una autoridad es gracias al apoyo de todo el equipo municipal, agradeci\u00f3 tambi\u00e9n el apoyo de los concejales que trabajaron durante su periodo que fue autoridad y finalmente reitero todo el \u00e9xito para el nuevo alcalde Rafael Cifuentes y todos los concejales, ya que Yungay necesita seguir desarroll\u00e1ndose, y donde quedan varias iniciativas que terminar.<\/p>\n<p style=\"text-align: justify;\">En la ocasi\u00f3n tambi\u00e9n se hizo entrega de reconocimientos a los concejales que dejaron el Concejo Municipal como don Francisco Gui\u00f1ez Arriagada, Marco Cuevas P\u00e9rez y al ex alcalde Sr. Pedro Inostroza Valenzuela.<\/p>\n<p style=\"text-align: justify;\">Rafael Cifuentes Rodr\u00edguez, en su intervenci\u00f3n agradeci\u00f3 a Dios por darle la oportunidad de dirigir el destino de la comuna por estos cuatro a\u00f1os, donde lo har\u00e1 con una gran responsabilidad y vocaci\u00f3n de servicio p\u00fablico al extremo, donde estar\u00e1n por delante siempre las necesidades de nuestra gente y por sobre todo los m\u00e1s necesitados. Tambi\u00e9n se\u00f1alo al concejo que trabajaran con mucha armon\u00eda y finalmente que las preferencias las van a conceptuar en el bien com\u00fan, que es lo m\u00e1s importante en primer lugar y las necesidades de la comunidad.<\/p>\n<p style=\"text-align: justify;\"><strong>Concejo Municipal Per\u00edodo 2016-2020<\/strong><\/p>\n<p style=\"text-align: justify;\">Juana Sandoval Rojas (PDC)<\/p>\n<p style=\"text-align: justify;\">Rodrigo Stuardo Hern\u00e1ndez (PRSD)<\/p>\n<p style=\"text-align: justify;\">Ang\u00e9lica Cabezas Gonz\u00e1lez (UDI)<\/p>\n<p style=\"text-align: justify;\">Juan Quezada Garrido (IND-RN)<\/p>\n<p style=\"text-align: justify;\">Ricardo Ramos Mart\u00ednez (PS)<\/p>\n<p style=\"text-align: justify;\">Patricia Moncada Morales (PRSD)<\/p>\n<p style=\"text-align: justify;\">&nbsp;<\/p>\n<p style=\"text-align: justify;\">[su_button url=\u00bbhttps:\/\/www.facebook.com\/media\/set\/?set=a.1494064130608621.1073742993.159561284058919&amp;type=1&amp;l=6118df89e0&#8243; target=\u00bbblank\u00bb size=\u00bb7&#8243; radius=\u00bbround\u00bb icon=\u00bbicon: facebook-square\u00bb]FOTOGRAF\u00cdAS &#8211; Rafael Cifuentes Rodr\u00edguez Asume como Nuevo Alcalde de Yungay y Nuevo Concejo Municipal Per\u00edodo 2016-2020[\/su_button]<\/p>\n","protected":false},"excerpt":{"rendered":"<p>Yungay, martes 06 de diciembre 2016: Rafael Cifuentes Rodr\u00edguez (PS) y el nuevo Concejo Municipal de Yungay, asumieron sus funciones a los cargos tras ser electos el pasado 23 de octubre. La ceremonia del&#46;&#46;&#46;<\/p>\n","protected":false},"author":2,"featured_media":17442,"comment_status":"open","ping_status":"open","sticky":false,"template":"","format":"standard","meta":{"footnotes":""},"categories":[3,5,14,1],"tags":[1431,1459,1460,1458,1115,1462,1365,1463,1461,8,6,117],"class_list":["post-17441","post","type-post","status-publish","format-standard","has-post-thumbnail","hentry","category-actualidad","category-eventos","category-historia","category-noticias","tag-alcalde","tag-angelica-cabezas","tag-juan-quezada","tag-juana-sandoval","tag-noticias","tag-patricia-moncada","tag-rafael-cifuentes","tag-ricardo-ramos","tag-rodrigo-stuardo","tag-yungay","tag-yungayino","tag-yungayinocl"],"_links":{"self":[{"href":"https:\/\/www.yungayino.cl\/noticias\/index.php?rest_route=\/wp\/v2\/posts\/17441","targetHints":{"allow":["GET"]}}],"collection":[{"href":"https:\/\/www.yungayino.cl\/noticias\/index.php?rest_route=\/wp\/v2\/posts"}],"about":[{"href":"https:\/\/www.yungayino.cl\/noticias\/index.php?rest_route=\/wp\/v2\/types\/post"}],"author":[{"embeddable":true,"href":"https:\/\/www.yungayino.cl\/noticias\/index.php?rest_route=\/wp\/v2\/users\/2"}],"replies":[{"embeddable":true,"href":"https:\/\/www.yungayino.cl\/noticias\/index.php?rest_route=%2Fwp%2Fv2%2Fcomments&post=17441"}],"version-history":[{"count":2,"href":"https:\/\/www.yungayino.cl\/noticias\/index.php?rest_route=\/wp\/v2\/posts\/17441\/revisions"}],"predecessor-version":[{"id":17444,"href":"https:\/\/www.yungayino.cl\/noticias\/index.php?rest_route=\/wp\/v2\/posts\/17441\/revisions\/17444"}],"wp:featuredmedia":[{"embeddable":true,"href":"https:\/\/www.yungayino.cl\/noticias\/index.php?rest_route=\/wp\/v2\/media\/17442"}],"wp:attachment":[{"href":"https:\/\/www.yungayino.cl\/noticias\/index.php?rest_route=%2Fwp%2Fv2%2Fmedia&parent=17441"}],"wp:term":[{"taxonomy":"category","embeddable":true,"href":"https:\/\/www.yungayino.cl\/noticias\/index.php?rest_route=%2Fwp%2Fv2%2Fcategories&post=17441"},{"taxonomy":"post_tag","embeddable":true,"href":"https:\/\/www.yungayino.cl\/noticias\/index.php?rest_route=%2Fwp%2Fv2%2Ftags&post=17441"}],"curies":[{"name":"wp","href":"https:\/\/api.w.org\/{rel}","templated":true}]}}