{"id":17459,"date":"2016-12-11T18:00:53","date_gmt":"2016-12-11T21:00:53","guid":{"rendered":"http:\/\/www.yungayino.cl\/noticias\/?p=17459"},"modified":"2016-12-11T23:03:06","modified_gmt":"2016-12-12T02:03:06","slug":"obispo-carlos-pellegrini-ordena-a-diacono-yungayino-y-siete-mas-para-la-diocesis-de-chillan","status":"publish","type":"post","link":"https:\/\/www.yungayino.cl\/noticias\/?p=17459","title":{"rendered":"Obispo Carlos Pellegrini Ordena a Di\u00e1cono Yungayino y Siete mas Para la Di\u00f3cesis de Chill\u00e1n"},"content":{"rendered":"<p><img loading=\"lazy\" decoding=\"async\" class=\"alignnone size-full wp-image-17460\" src=\"http:\/\/www.yungayino.cl\/noticias\/wp-content\/uploads\/2016\/12\/diacono_gabriel_fuentes.jpg\" alt=\"\" width=\"700\" height=\"350\" srcset=\"https:\/\/www.yungayino.cl\/noticias\/wp-content\/uploads\/2016\/12\/diacono_gabriel_fuentes.jpg 700w, https:\/\/www.yungayino.cl\/noticias\/wp-content\/uploads\/2016\/12\/diacono_gabriel_fuentes-300x150.jpg 300w\" sizes=\"auto, (max-width: 700px) 100vw, 700px\" \/><\/p>\n<p style=\"text-align: justify;\">Yungay, domingo 11 de Diciembre 2016: A partir del s\u00e1bado 3 de diciembre la Di\u00f3cesis de Chill\u00e1n cuenta con ocho nuevos di\u00e1conos, donde se encuentra un Yungayino, el Sr Gabriel Enrique Fuentes Carrasco perteneciente a la Parroquia Yungay.<\/p>\n<p style=\"text-align: justify;\">El Obispo Carlos Pellegrin fue qui\u00e9n presidio la misa de Ordenaci\u00f3n en la Catedral de los ocho nuevos Di\u00e1conos Permanentes, tras cuatro a\u00f1os de preparaci\u00f3n. Se trata de Ad\u00e1n Eliseo Sep\u00falveda Espinosa, Parroquia Coihueco, <strong>Gabriel Enrique Fuentes Carrasco<\/strong>, <strong>Parroquia Yungay,<\/strong> Julio C\u00e9sar Hern\u00e1ndez Guti\u00e9rrez, Parroquia San Carlos, Camilo Alfonso Caro Alarc\u00f3n, Parroquia Padres Trinitarios, Guillermo Stevens Moya, Parroquia San Juan de Dios, Luis Marcial R\u00edos Z\u00fa\u00f1iga, Parroquia Quill\u00f3n, Jorge Guillermo Mu\u00f1oz Urra, Parroquia San Pablo y Ra\u00fal del Carmen Figueroa Jeldres, Parroquia San Pablo.<\/p>\n<p style=\"text-align: justify;\">&nbsp;<\/p>\n<p style=\"text-align: justify;\">\n<iframe loading=\"lazy\" src=\"https:\/\/www.facebook.com\/plugins\/post.php?href=https:\/\/www.facebook.com\/media\/set\/?set=a.1501930813155286.1073742996.159561284058919&#038;type=1&#038;l=336eb58419&#038;l=a77e327dc6&#038;l=f5951f1994&#038;l=bfecbb8adf&#038;l=687b6bf5da&#038;width=500&#038;show_text=true&#038;height=691&#038;appId\" width=\"500\" height=\"691\" style=\"border:none;overflow:hidden\" scrolling=\"no\" frameborder=\"0\" allowTransparency=\"true\"><\/iframe>\n<\/p>\n<p style=\"text-align: justify;\">&nbsp;<\/p>\n<p style=\"text-align: justify;\">&nbsp;<\/p>\n<p style=\"text-align: justify;\"><strong>Diaconado Permanente: \u201cUn Ministerio de Servicio a la Iglesia<\/strong><\/p>\n<p style=\"text-align: justify;\">Los di\u00e1conos permanentes son parte del personal consagrado de la Iglesia. Se trata de ministros que pueden administrar el bautismo, conservar y distribuir la Eucarist\u00eda. Tambi\u00e9n est\u00e1n a cargo de la exposici\u00f3n del sant\u00edsimo Sacramento y de la bendici\u00f3n eucar\u00edstica. Pueden ser ministros ordinarios de la sagrada comuni\u00f3n, portar el vi\u00e1tico a los moribundos; en nombre de la Iglesia, asistir y bendecir el matrimonio, leer la Sagrada Escritura a los fieles, instruir y exhortar al pueblo de Dios, presidir el culto y la oraci\u00f3n de los fieles, servir en el ministerio de la palabra al pueblo de Dios, celebrar el culto divino, administrar los sacramentales como pueden ser el agua bendita, la bendici\u00f3n de casas, im\u00e1genes y objetos y por \u00faltimo, presidir el rito f\u00fanebre y la sepultura. Por tanto, el di\u00e1cono no es simplemente una persona de ayuda al p\u00e1rroco o al sacerdote, de ah\u00ed la preparaci\u00f3n espiritual, humana, teol\u00f3gica y filos\u00f3fica que deba tener previo al ejercicio de su ministerio.<\/p>\n<p style=\"text-align: justify;\">Destacar que el nuevo Di\u00e1cono Yungayino fue acompa\u00f1ado por su familia y un gran n\u00famero de fieles de la comunidad cat\u00f3lica yungayina, qui\u00e9nes felicitaron a Gabriel Enrique Fuentes Carrasco.<\/p>\n<p style=\"text-align: justify;\">El Equipo del Portal Yungayino.cl converso con el Obispo <strong>Carlos Pellegrin<\/strong>, quien en primer lugar envi\u00f3 un cari\u00f1oso saludo a todos los amigos (as) de Yungay, adem\u00e1s de compartir un gran gozo de nuestra iglesia diocesana al poder contar con ocho nuevos di\u00e1conos permanentes, donde para el como Obispo es algo muy especial, ya que no hab\u00eda ordenado un di\u00e1cono permanente en estos 11 a\u00f1os, por lo que hizo un llamado a rezar mucho por ellos, por sus esposas, familias para que puedan ser unos muy buenos testigos para el Se\u00f1or y buenos Diaconos al servicio de la comunidad.<\/p>\n<p style=\"text-align: justify;\">Por su parte el nuevo Di\u00e1cono Yungayino, <strong>Gabriel Enrique Fuentes Carrasco, <\/strong>se\u00f1alo estar muy contento por las cosas que hace el Se\u00f1or destacando el apoyo de toda su familia como pilar fundamental en esta hermosa labor que Dios le ha puesto en el camino como desaf\u00edo.<\/p>\n<p style=\"text-align: justify;\">&nbsp;<\/p>\n<p style=\"text-align: justify;\">[su_button url=\u00bbhttps:\/\/www.facebook.com\/media\/set\/?set=a.1501930813155286.1073742996.159561284058919&amp;type=1&amp;l=336eb58419&#8243; target=\u00bbblank\u00bb size=\u00bb7&#8243; radius=\u00bbround\u00bb icon=\u00bbicon: facebook-square\u00bb]FOTOGRAF\u00cdAS &#8211; Obispo Carlos Pellegrini Ordena a Di\u00e1cono Yungayino y Siete mas Para la Di\u00f3cesis de Chill\u00e1n[\/su_button]<\/p>\n","protected":false},"excerpt":{"rendered":"<p>Yungay, domingo 11 de Diciembre 2016: A partir del s\u00e1bado 3 de diciembre la Di\u00f3cesis de Chill\u00e1n cuenta con ocho nuevos di\u00e1conos, donde se encuentra un Yungayino, el Sr Gabriel Enrique Fuentes Carrasco perteneciente&#46;&#46;&#46;<\/p>\n","protected":false},"author":2,"featured_media":17460,"comment_status":"open","ping_status":"open","sticky":false,"template":"","format":"standard","meta":{"footnotes":""},"categories":[1],"tags":[1466,1115,8,6,117],"class_list":["post-17459","post","type-post","status-publish","format-standard","has-post-thumbnail","hentry","category-noticias","tag-diacono-gabriel-fuentes","tag-noticias","tag-yungay","tag-yungayino","tag-yungayinocl"],"_links":{"self":[{"href":"https:\/\/www.yungayino.cl\/noticias\/index.php?rest_route=\/wp\/v2\/posts\/17459","targetHints":{"allow":["GET"]}}],"collection":[{"href":"https:\/\/www.yungayino.cl\/noticias\/index.php?rest_route=\/wp\/v2\/posts"}],"about":[{"href":"https:\/\/www.yungayino.cl\/noticias\/index.php?rest_route=\/wp\/v2\/types\/post"}],"author":[{"embeddable":true,"href":"https:\/\/www.yungayino.cl\/noticias\/index.php?rest_route=\/wp\/v2\/users\/2"}],"replies":[{"embeddable":true,"href":"https:\/\/www.yungayino.cl\/noticias\/index.php?rest_route=%2Fwp%2Fv2%2Fcomments&post=17459"}],"version-history":[{"count":1,"href":"https:\/\/www.yungayino.cl\/noticias\/index.php?rest_route=\/wp\/v2\/posts\/17459\/revisions"}],"predecessor-version":[{"id":17461,"href":"https:\/\/www.yungayino.cl\/noticias\/index.php?rest_route=\/wp\/v2\/posts\/17459\/revisions\/17461"}],"wp:featuredmedia":[{"embeddable":true,"href":"https:\/\/www.yungayino.cl\/noticias\/index.php?rest_route=\/wp\/v2\/media\/17460"}],"wp:attachment":[{"href":"https:\/\/www.yungayino.cl\/noticias\/index.php?rest_route=%2Fwp%2Fv2%2Fmedia&parent=17459"}],"wp:term":[{"taxonomy":"category","embeddable":true,"href":"https:\/\/www.yungayino.cl\/noticias\/index.php?rest_route=%2Fwp%2Fv2%2Fcategories&post=17459"},{"taxonomy":"post_tag","embeddable":true,"href":"https:\/\/www.yungayino.cl\/noticias\/index.php?rest_route=%2Fwp%2Fv2%2Ftags&post=17459"}],"curies":[{"name":"wp","href":"https:\/\/api.w.org\/{rel}","templated":true}]}}