{"id":17489,"date":"2016-12-20T20:00:25","date_gmt":"2016-12-20T23:00:25","guid":{"rendered":"http:\/\/www.yungayino.cl\/noticias\/?p=17489"},"modified":"2016-12-20T23:42:40","modified_gmt":"2016-12-21T02:42:40","slug":"pequenos-del-nivel-medio-mayor-del-jardin-infantil-parque-estadio-tuvieron-una-hermosa-licenciatura","status":"publish","type":"post","link":"https:\/\/www.yungayino.cl\/noticias\/?p=17489","title":{"rendered":"Peque\u00f1os del Nivel Medio Mayor del Jard\u00edn Infantil \u201cParque Estadio\u201d Tuvieron una Hermosa Licenciatura"},"content":{"rendered":"<p><img loading=\"lazy\" decoding=\"async\" class=\"alignnone size-full wp-image-17490\" src=\"http:\/\/www.yungayino.cl\/noticias\/wp-content\/uploads\/2016\/12\/jardin_parque_estadio_201612.jpg\" alt=\"\" width=\"700\" height=\"350\" srcset=\"https:\/\/www.yungayino.cl\/noticias\/wp-content\/uploads\/2016\/12\/jardin_parque_estadio_201612.jpg 700w, https:\/\/www.yungayino.cl\/noticias\/wp-content\/uploads\/2016\/12\/jardin_parque_estadio_201612-300x150.jpg 300w\" sizes=\"auto, (max-width: 700px) 100vw, 700px\" \/><\/p>\n<p style=\"text-align: justify;\">Yungay, martes 20 de diciembre 2016: Una emotiva Licenciatura vivieron los 19 peque\u00f1os del nivel medio mayor del Jard\u00edn Infantil <strong>\u201cParque Estadio\u201d <\/strong>de Yungay, el pasado viernes 16 en el Auditorio de la Biblioteca P\u00fablica, donde las t\u00edas se esmeraron en montar una gran despedida que fue reconocida y aplaudida por los padres, madres y familiares de los ni\u00f1os y ni\u00f1as.<\/p>\n<p style=\"text-align: justify;\">&nbsp;<\/p>\n<p style=\"text-align: justify;\"><iframe loading=\"lazy\" src=\"https:\/\/www.facebook.com\/plugins\/post.php?href=https:\/\/www.facebook.com\/media\/set\/?set=a.1512880868726947.1073743002.159561284058919&#038;type=1&#038;l=ea4ee09976&#038;l=a77e327dc6&#038;l=f5951f1994&#038;l=bfecbb8adf&#038;l=687b6bf5da&#038;width=500&#038;show_text=true&#038;height=691&#038;appId\" width=\"500\" height=\"691\" style=\"border:none;overflow:hidden\" scrolling=\"no\" frameborder=\"0\" allowTransparency=\"true\"><\/iframe>\n<\/p>\n<p style=\"text-align: justify;\">&nbsp;<\/p>\n<p style=\"text-align: justify;\">&nbsp;<\/p>\n<p style=\"text-align: justify;\">Con el Himno Nacional se inici\u00f3 la ceremonia para continuar con un acto del Nivel Sala Cuna y luego escuchar las palabras de la Directora del Jard\u00edn Infantil \u201cParque Estadio\u201d, Pamela S\u00e1nchez Aranda.<\/p>\n<p style=\"text-align: justify;\">Tambi\u00e9n en la ocasi\u00f3n la Educadora de P\u00e1rvulos \u00c9rica Palma y Apoderada Yennifer Arriagada dirigieron algunas palabras a los presentes en honor a la ocasi\u00f3n y luego se hizo la entrega de premiaci\u00f3n y reconocimientos a los alumnos (as) destacados del jard\u00edn, a la t\u00edas y a la familia destacada del a\u00f1o 2016.<\/p>\n<p style=\"text-align: justify;\">Finalmente la ceremonia termino con un acto simb\u00f3lico de la luz del conocimiento y un coctel.<\/p>\n<p style=\"text-align: justify;\">&nbsp;<\/p>\n<p style=\"text-align: justify;\">[su_button url=\u00bbhttps:\/\/www.facebook.com\/media\/set\/?set=a.1512880868726947.1073743002.159561284058919&amp;type=1&amp;l=ea4ee09976&#8243; target=\u00bbblank\u00bb size=\u00bb7&#8243; radius=\u00bbround\u00bb icon=\u00bbicon: facebook-square\u00bb]FOTOGRAF\u00cdAS &#8211; Peque\u00f1os del Nivel Medio Mayor del Jard\u00edn Infantil \u201cParque Estadio\u201d Tuvieron una Hermosa Licenciatura[\/su_button]<\/p>\n","protected":false},"excerpt":{"rendered":"<p>Yungay, martes 20 de diciembre 2016: Una emotiva Licenciatura vivieron los 19 peque\u00f1os del nivel medio mayor del Jard\u00edn Infantil \u201cParque Estadio\u201d de Yungay, el pasado viernes 16 en el Auditorio de la Biblioteca&#46;&#46;&#46;<\/p>\n","protected":false},"author":2,"featured_media":17490,"comment_status":"open","ping_status":"open","sticky":false,"template":"","format":"standard","meta":{"footnotes":""},"categories":[1],"tags":[1473,826,1115,479,8,6,117],"class_list":["post-17489","post","type-post","status-publish","format-standard","has-post-thumbnail","hentry","category-noticias","tag-jardin","tag-licenciatura","tag-noticias","tag-parque-estadio","tag-yungay","tag-yungayino","tag-yungayinocl"],"_links":{"self":[{"href":"https:\/\/www.yungayino.cl\/noticias\/index.php?rest_route=\/wp\/v2\/posts\/17489","targetHints":{"allow":["GET"]}}],"collection":[{"href":"https:\/\/www.yungayino.cl\/noticias\/index.php?rest_route=\/wp\/v2\/posts"}],"about":[{"href":"https:\/\/www.yungayino.cl\/noticias\/index.php?rest_route=\/wp\/v2\/types\/post"}],"author":[{"embeddable":true,"href":"https:\/\/www.yungayino.cl\/noticias\/index.php?rest_route=\/wp\/v2\/users\/2"}],"replies":[{"embeddable":true,"href":"https:\/\/www.yungayino.cl\/noticias\/index.php?rest_route=%2Fwp%2Fv2%2Fcomments&post=17489"}],"version-history":[{"count":3,"href":"https:\/\/www.yungayino.cl\/noticias\/index.php?rest_route=\/wp\/v2\/posts\/17489\/revisions"}],"predecessor-version":[{"id":17493,"href":"https:\/\/www.yungayino.cl\/noticias\/index.php?rest_route=\/wp\/v2\/posts\/17489\/revisions\/17493"}],"wp:featuredmedia":[{"embeddable":true,"href":"https:\/\/www.yungayino.cl\/noticias\/index.php?rest_route=\/wp\/v2\/media\/17490"}],"wp:attachment":[{"href":"https:\/\/www.yungayino.cl\/noticias\/index.php?rest_route=%2Fwp%2Fv2%2Fmedia&parent=17489"}],"wp:term":[{"taxonomy":"category","embeddable":true,"href":"https:\/\/www.yungayino.cl\/noticias\/index.php?rest_route=%2Fwp%2Fv2%2Fcategories&post=17489"},{"taxonomy":"post_tag","embeddable":true,"href":"https:\/\/www.yungayino.cl\/noticias\/index.php?rest_route=%2Fwp%2Fv2%2Ftags&post=17489"}],"curies":[{"name":"wp","href":"https:\/\/api.w.org\/{rel}","templated":true}]}}