{"id":17517,"date":"2016-12-23T11:40:45","date_gmt":"2016-12-23T14:40:45","guid":{"rendered":"http:\/\/www.yungayino.cl\/noticias\/?p=17517"},"modified":"2016-12-27T11:57:30","modified_gmt":"2016-12-27T14:57:30","slug":"junaeb-biobio-lanzo-plan-para-combatir-la-obesidad-estudiantil","status":"publish","type":"post","link":"https:\/\/www.yungayino.cl\/noticias\/?p=17517","title":{"rendered":"JUNAEB Biob\u00edo lanz\u00f3 plan para combatir la Obesidad estudiantil"},"content":{"rendered":"<p><img loading=\"lazy\" decoding=\"async\" class=\"alignnone size-full wp-image-17518\" src=\"http:\/\/www.yungayino.cl\/noticias\/wp-content\/uploads\/2016\/12\/contrapeso.jpg\" alt=\"\" width=\"720\" height=\"340\" srcset=\"https:\/\/www.yungayino.cl\/noticias\/wp-content\/uploads\/2016\/12\/contrapeso.jpg 720w, https:\/\/www.yungayino.cl\/noticias\/wp-content\/uploads\/2016\/12\/contrapeso-300x142.jpg 300w, https:\/\/www.yungayino.cl\/noticias\/wp-content\/uploads\/2016\/12\/contrapeso-318x150.jpg 318w, https:\/\/www.yungayino.cl\/noticias\/wp-content\/uploads\/2016\/12\/contrapeso-520x245.jpg 520w\" sizes=\"auto, (max-width: 720px) 100vw, 720px\" \/><\/p>\n<p style=\"text-align: justify;\"><strong>Regional, 22 de Diciembre 2016<\/strong>; En una actividad desarrollada en la Plaza Independencia de Concepci\u00f3n,&nbsp;se realiz\u00f3 el lanzamiento de Contrapeso, el Plan Contra la Obesidad Estudiantil, donde se dieron a conocer las medidas que Junaeb, implementar\u00e1 para reducir los altos \u00edndices de obesidad y sobrepeso infantil en el pa\u00eds.<\/p>\n<p style=\"text-align: justify;\">La actividad cont\u00f3 con la presencia del Seremi de Educaci\u00f3n Sergio Camus; la Directora Regional de la Junji, Andrea Salda\u00f1a; el Director de la Agencia de Calidad de la Educaci\u00f3n de la Macrozona Centro Sur, Gino Cortez y la Directora Regional de la Junaeb, Karina Silva, quien lider\u00f3 el lanzamiento. Las autoridades participaron junto a la comunidad de baile entretenido y recorrieron los stands de alimentaci\u00f3n saludable, hidrataci\u00f3n, horticultores locales y Evaluaci\u00f3n de Estado Nutricional.<\/p>\n<p style=\"text-align: justify;\">Junaeb es la instituci\u00f3n m\u00e1s relevante en materia de alimentaci\u00f3n estudiantil \u2013entrega cerca de cuatro millones de raciones diarias a un mill\u00f3n ochocientos estudiantes- y con una amplia cobertura en salud escolar \u2013en un mill\u00f3n doscientos alumnos-. Dado el impacto que tiene Junaeb, se determin\u00f3 alinear la oferta program\u00e1tica del servicio para enfrentar los altos \u00edndices de obesidad y sobrepeso que existen en Chile.<\/p>\n<p style=\"text-align: justify;\">Los datos arrojados por el \u00faltimo Mapa Nutricional Junaeb 2015,&nbsp; son&nbsp; alarmantes.&nbsp;&nbsp;<strong>Hoy en d\u00eda, la obesidad afecta cerca de un 25,2% de los escolares, mientras que otro 26,7% presenta sobrepeso, con una propensi\u00f3n que aumenta a\u00f1o tras a\u00f1o.<\/strong><\/p>\n<p style=\"text-align: justify;\">Los principales efectos inmediatos que podr\u00eda tener un pre-escolar obeso son la aparici\u00f3n de factores de riesgo cardiovasculares (colesterol alto e hipertensi\u00f3n), estado de pre- diabetes, enfermedades \u00f3seas, apnea del sue\u00f1o y problemas sociales y psicol\u00f3gicos.<\/p>\n<p style=\"text-align: justify;\">En la actividad, el Seremi de Educaci\u00f3n, Sergio Camus, explic\u00f3 que \u201ces una buena noticia, porque como regi\u00f3n tenemos que frenar el aumento de la obesidad en nuestros ni\u00f1os y ni\u00f1as para que sean m\u00e1s sanos desde la primera infancia, pero tambi\u00e9n, luego, adultos sanos.&nbsp; Estas medidas principalmente apuntan a las minutas de alimentaci\u00f3n, el consumo de agua, de frutras y verduras y de actividad f\u00edsica, lo que ser\u00e1 fundamental junto a una mejor alimentaci\u00f3n en los establecimientos educacionales.<\/p>\n<p style=\"text-align: justify;\"><strong>Por su parte, la Directora Regional de Junaeb, Karina Silva, se\u00f1al\u00f3 que \u201cc<\/strong>omo Junaeb, estamos convencidos de tener en nuestras manos la posibilidad de generar un cambio en la alimentaci\u00f3n infantil. Tenemos la capacidad, y las herramientas para realizar medidas concretas en el mediano y largo plazo\u201d, adem\u00e1s agreg\u00f3 que&nbsp;<strong>\u201cnuestro desaf\u00edo como Junaeb es reducir las brechas sociales y&nbsp; necesitamos trabajar junto con las familias&nbsp;&nbsp; en este plan contra la obesidad estudiantil el cual contempla 50 medidas, que se comenzar\u00e1n a aplicar paulatinamente durante el pr\u00f3ximo a\u00f1o\u201d<\/strong><\/p>\n<p style=\"text-align: justify;\">El Plan Contra la Obesidad Estudiantil, es el resultado de varios meses de trabajo de una comisi\u00f3n de expertos sobre obesidad, liderada por Junaeb y compuesta por profesionales de distintos sectores gubernamentales y no gubernamentales del&nbsp; \u00e1rea salud, nutrici\u00f3n, deporte, pol\u00edticas p\u00fablicas y educaci\u00f3n, quienes&nbsp; elaboraron&nbsp; un completo informe para lograr implementar acciones eficientes y con impacto.<\/p>\n<p style=\"text-align: justify;\"><strong>Gino Cortez,&nbsp;<\/strong>Director de la Agencia de Calidad de la Educaci\u00f3n de la Macrozona Centro Sur<strong>, se\u00f1al\u00f3 que \u201cComo Agencia de Calidad de la Educaci\u00f3n hemos visto que m\u00e1s de 47% de los ni\u00f1os de acuerdo a los resultados del Simce de Educaci\u00f3n F\u00edsica de octavo b\u00e1sico se encuentra con exceso de peso en la Regi\u00f3n del Biob\u00edo, en este sentido, Contrapeso de Junaeb nos parece muy importante para poder mejorar la calidad de vida de nuestros estudiantes\u201d.<\/strong><\/p>\n<p style=\"text-align: justify;\"><strong>En tanto, Andrea Salda\u00f1a, Directora Regional de la Junji, destac\u00f3 que \u201c<\/strong>en el caso de la Educaci\u00f3n Parvularia, una de las medidas a desarrollar es la entrega de circuitos de actividad f\u00edsica, por cada unidad educativa para jardines Junji e Integra\u201d.<\/p>\n<p style=\"text-align: justify;\"><strong>Algunas de las medidas a implementar son:<\/strong><\/p>\n<p><span style=\"color: #ff0000;\"><strong>\u201cSALAD BAR\u201d<\/strong><\/span><\/p>\n<p>Incorporaci\u00f3n de Salad Bar para Educaci\u00f3n Media en el servicio del Programa de Alimentaci\u00f3n Escolar. Esto permitir\u00e1 que los estudiantes secundarios, cuenten a diario con autoservicio de ensaladas, de esta manera se incorporan m\u00e1s variedad de verduras frescas en el men\u00fa de consumo diario de los estudiantes de estos niveles.<\/p>\n<p><strong>Implementaci\u00f3n:<\/strong><\/p>\n<ul>\n<li style=\"text-align: justify;\">Agosto 2017: 10% de estudiantes Ense\u00f1anza Media, de la Regi\u00f3n Metropolitana.<\/li>\n<li style=\"text-align: justify;\">Agosto 2018: 100% de estudiantes de Ense\u00f1anza Media, de 11 regiones del Pa\u00eds.<\/li>\n<li style=\"text-align: justify;\">Marzo 2019: 100% estudiantes de todo el pa\u00eds.<\/li>\n<li style=\"text-align: justify;\">As\u00ed como tambi\u00e9n, se incorporar\u00e1 ensalada a diario en los men\u00fas de los estudiantes de Pre k\u00ednder a 8\u00b0 b\u00e1sico.<\/li>\n<\/ul>\n<p style=\"text-align: justify;\"><span style=\"color: #ff0000;\"><strong>COMPRAS LOCALES A LA AGRICULTURA FAMILIAR CAMPESINA.<\/strong><\/span><\/p>\n<p style=\"text-align: justify;\">Incorporaci\u00f3n del 15% de los insumos en compras locales y 10% zonas rezagadas, con \u00e9nfasis en la agricultura familiar campesina y priorizando la adquisici\u00f3n de frutas y verduras.<\/p>\n<p style=\"text-align: justify;\">Esto generar\u00e1 un impacto a la producci\u00f3n local y permitir\u00e1 que los estudiantes reciban en su alimentaci\u00f3n productos m\u00e1s frescos y con sentido local.<\/p>\n<p style=\"text-align: justify;\"><strong>Implementaci\u00f3n:<\/strong><\/p>\n<p style=\"text-align: justify;\">Agosto 2017: 303.497&nbsp; estudiantes y 1.866 establecimientos.<\/p>\n<p style=\"text-align: justify;\">Marzo 2018: 1.047.000 estudiantes y 5.500 establecimientos.<\/p>\n<p style=\"text-align: justify;\">Marzo 2019: cerca de 1.600.000.- estudiantes de todo el pa\u00eds.<\/p>\n<p style=\"text-align: justify;\"><strong>&nbsp;<\/strong><\/p>\n<p style=\"text-align: justify;\"><span style=\"color: #ff0000;\"><strong>RESTRICCI\u00d3N DE AZ\u00daCARES LIBRES.<\/strong><\/span><\/p>\n<p style=\"text-align: justify;\">Atendiendo a las recomendaciones de la Organizaci\u00f3n Mundial de la Salud, se incorpora la Restricci\u00f3n de az\u00facares libres al 5% de las calor\u00edas totales entregadas por los servicios PAE.<\/p>\n<p style=\"text-align: justify;\">Esto gracias a la incorporaci\u00f3n de alimentos m\u00e1s sanos y que cumplen con la Ley de etiquetado.<\/p>\n<p style=\"text-align: justify;\"><strong>Implementaci\u00f3n:<\/strong><\/p>\n<p style=\"text-align: justify;\">Marzo 2017: 498.471 estudiantes de 2.596&nbsp; establecimientos.<\/p>\n<p style=\"text-align: justify;\">Marzo 2018:1.047.000 estudiantes de 5.500 establecimientos.<\/p>\n<p style=\"text-align: justify;\">Marzo 2019: 1.600.000 estudiantes que reciben alimentaci\u00f3n Junaeb en el pa\u00eds.<\/p>\n<p style=\"text-align: justify;\">&nbsp;<\/p>\n<p style=\"text-align: justify;\"><span style=\"color: #ff0000;\"><strong>PANTALLAS DE TV EN CASINOS.<\/strong><\/span><\/p>\n<p style=\"text-align: justify;\">Equipamiento de comedores de establecimientos con pantallas de TV para presentaci\u00f3n diaria del men\u00fa que ser\u00e1 recibido, lo que favorecer\u00e1 el control social por parte de los propios estudiantes. Adem\u00e1s, contribuye a la difusi\u00f3n informaci\u00f3n de estilos de vida saludable en conjunto a una web que se habilitar\u00e1 para esto.<\/p>\n<p style=\"text-align: justify;\"><strong>Implementaci\u00f3n:<\/strong><\/p>\n<p style=\"text-align: justify;\">Marzo 2017: 498.471 estudiantes de 2.596&nbsp; establecimientos.<\/p>\n<p style=\"text-align: justify;\">Marzo 2018:1.047.000 estudiantes de 5.500 establecimientos.<\/p>\n<p style=\"text-align: justify;\">Marzo 2019: 1.600.000 estudiantes que reciben alimentaci\u00f3n Junaeb en el pa\u00eds.<\/p>\n<p style=\"text-align: justify;\">&nbsp;<\/p>\n<p style=\"text-align: justify;\"><span style=\"color: #ff0000;\"><strong>RECREOS PARTICIPATIVOS.<\/strong><\/span><\/p>\n<p style=\"text-align: justify;\">Una medida que tiene por objeto fomentar la actividad f\u00edsica, son los Recreos Participativos, a trav\u00e9s de los cuales se busca que los recreos sean una instancia recreativa dirigida y con actividades que fomenten el movimiento, pero tambi\u00e9n el trabajo en equipo y ayuden a mejorar la convivencia escolar.<\/p>\n<p style=\"text-align: justify;\"><strong>Implementaci\u00f3n:<\/strong><\/p>\n<p style=\"text-align: justify;\">300 establecimientos y 100.000 estudiantes beneficiarios a partir de mayo del pr\u00f3ximo a\u00f1o.<\/p>\n<p style=\"text-align: justify;\">&nbsp;<\/p>\n<p style=\"text-align: justify;\"><span style=\"color: #ff0000;\"><strong>PULSERAS INTELIGENTES PARA LA PROMOCI\u00d3N DE ACTIVIDAD F\u00cdSICA<\/strong><\/span><\/p>\n<p style=\"text-align: justify;\">La tecnolog\u00eda es parte del trabajo de JUNAEB, por lo mismo es que a partir del 2017, se entregar\u00e1 un dispositivo de promoci\u00f3n de actividad f\u00edsica junto con a los computadores que son parte del Programa Yo Elijo Mi PC y Me Conecto para Aprender.<\/p>\n<p style=\"text-align: justify;\">Se trata de una pulsera inteligente para promover la actividad f\u00edsica. Este dispositivo permitir\u00e1 que los estudiantes puedan medir su actividad f\u00edsica, por lo que les estimular\u00e1 de manera atractiva a la ejecuci\u00f3n de m\u00e1s ejercicio.<\/p>\n<p style=\"text-align: justify;\"><strong>Implementaci\u00f3n:<\/strong><\/p>\n<p style=\"text-align: justify;\">A partir de marzo del pr\u00f3ximo a\u00f1o se comenzar\u00e1 a entregar a cerca de 130.000 estudiantes de 5.748 establecimientos del pa\u00eds.<\/p>\n<p style=\"text-align: justify;\">&nbsp;<\/p>\n<p style=\"text-align: justify;\"><span style=\"color: #ff0000;\"><strong>CIRCUITO DE DESARROLLO PSICOMOTOR PARA LA PROMOCI\u00d3N DE ACTIVIDAD FISICA.<\/strong><\/span><\/p>\n<p style=\"text-align: justify;\">En el caso de la Educaci\u00f3n Parvularia, una de las medidas a desarrollar es la entrega de circuitos de actividad f\u00edsica, por cada unidad educativa para jardines Junji e Integra, dentro de estos tambi\u00e9n los Jardines Activos (Programa Escuelas Deportivas Integrales del Ministerio del Deporte) que estar\u00e1n orientados a la realizaci\u00f3n de actividad f\u00edsica.<\/p>\n<p style=\"text-align: justify;\"><strong>Implementaci\u00f3n:<\/strong><\/p>\n<p style=\"text-align: justify;\">Marzo 2017:<\/p>\n<p style=\"text-align: justify;\">6.841 estudiantes de 223 unidades educativas Integra.<\/p>\n<p style=\"text-align: justify;\">9.351 estudiantes de 1.212 unidades educativas JUNJI.<\/p>\n","protected":false},"excerpt":{"rendered":"<p>Regional, 22 de Diciembre 2016; En una actividad desarrollada en la Plaza Independencia de Concepci\u00f3n,&nbsp;se realiz\u00f3 el lanzamiento de Contrapeso, el Plan Contra la Obesidad Estudiantil, donde se dieron a conocer las medidas que&#46;&#46;&#46;<\/p>\n","protected":false},"author":1,"featured_media":17518,"comment_status":"open","ping_status":"open","sticky":false,"template":"","format":"standard","meta":{"footnotes":""},"categories":[3,1],"tags":[1488,1487,502,1489,1479],"class_list":["post-17517","post","type-post","status-publish","format-standard","has-post-thumbnail","hentry","category-actualidad","category-noticias","tag-campana","tag-contrapeso","tag-junaeb","tag-obesidad-infantil","tag-regional"],"_links":{"self":[{"href":"https:\/\/www.yungayino.cl\/noticias\/index.php?rest_route=\/wp\/v2\/posts\/17517","targetHints":{"allow":["GET"]}}],"collection":[{"href":"https:\/\/www.yungayino.cl\/noticias\/index.php?rest_route=\/wp\/v2\/posts"}],"about":[{"href":"https:\/\/www.yungayino.cl\/noticias\/index.php?rest_route=\/wp\/v2\/types\/post"}],"author":[{"embeddable":true,"href":"https:\/\/www.yungayino.cl\/noticias\/index.php?rest_route=\/wp\/v2\/users\/1"}],"replies":[{"embeddable":true,"href":"https:\/\/www.yungayino.cl\/noticias\/index.php?rest_route=%2Fwp%2Fv2%2Fcomments&post=17517"}],"version-history":[{"count":1,"href":"https:\/\/www.yungayino.cl\/noticias\/index.php?rest_route=\/wp\/v2\/posts\/17517\/revisions"}],"predecessor-version":[{"id":17519,"href":"https:\/\/www.yungayino.cl\/noticias\/index.php?rest_route=\/wp\/v2\/posts\/17517\/revisions\/17519"}],"wp:featuredmedia":[{"embeddable":true,"href":"https:\/\/www.yungayino.cl\/noticias\/index.php?rest_route=\/wp\/v2\/media\/17518"}],"wp:attachment":[{"href":"https:\/\/www.yungayino.cl\/noticias\/index.php?rest_route=%2Fwp%2Fv2%2Fmedia&parent=17517"}],"wp:term":[{"taxonomy":"category","embeddable":true,"href":"https:\/\/www.yungayino.cl\/noticias\/index.php?rest_route=%2Fwp%2Fv2%2Fcategories&post=17517"},{"taxonomy":"post_tag","embeddable":true,"href":"https:\/\/www.yungayino.cl\/noticias\/index.php?rest_route=%2Fwp%2Fv2%2Ftags&post=17517"}],"curies":[{"name":"wp","href":"https:\/\/api.w.org\/{rel}","templated":true}]}}