{"id":17520,"date":"2016-12-29T11:41:28","date_gmt":"2016-12-29T14:41:28","guid":{"rendered":"http:\/\/www.yungayino.cl\/noticias\/?p=17520"},"modified":"2016-12-30T11:56:30","modified_gmt":"2016-12-30T14:56:30","slug":"reconocimiento-coordinacion-extraescolar-de-la-comuna-de-yungay","status":"publish","type":"post","link":"https:\/\/www.yungayino.cl\/noticias\/?p=17520","title":{"rendered":"Reconocimiento Coordinaci\u00f3n Extraescolar de la comuna de Yungay"},"content":{"rendered":"<p><img loading=\"lazy\" decoding=\"async\" width=\"720\" height=\"339\" class=\"alignnone size-full wp-image-17521\" alt=\"\" src=\"http:\/\/www.yungayino.cl\/noticias\/wp-content\/uploads\/2016\/12\/reconocimientos-daem.jpg\" srcset=\"https:\/\/www.yungayino.cl\/noticias\/wp-content\/uploads\/2016\/12\/reconocimientos-daem.jpg 720w, https:\/\/www.yungayino.cl\/noticias\/wp-content\/uploads\/2016\/12\/reconocimientos-daem-300x141.jpg 300w, https:\/\/www.yungayino.cl\/noticias\/wp-content\/uploads\/2016\/12\/reconocimientos-daem-319x150.jpg 319w, https:\/\/www.yungayino.cl\/noticias\/wp-content\/uploads\/2016\/12\/reconocimientos-daem-520x245.jpg 520w\" sizes=\"auto, (max-width: 720px) 100vw, 720px\" \/><\/p>\n<p style=\"text-align: justify;\"><strong>Chill\u00e1n, martes 27 de diciembre de 2016<\/strong>; En dependencias de la Direcci\u00f3n Provincial de Educaci\u00f3n, se llev\u00f3 a cabo la reuni\u00f3n de evaluaci\u00f3n de la Red de Coordinadores Extraescolares, en donde, se reconoci\u00f3 la labor del Coordinador Comunal de Educaci\u00f3n Extraescolar de la comuna de Yungay, Sr. Mauricio Chavarr\u00eda Salgado.<\/p>\n<p style=\"text-align: justify;\">Cabe se\u00f1alar que dicha reuni\u00f3n Fue encabezada por el Coordinador Provincial del \u00c1rea Extraescolar, Sr. Freddy Moena Barra, <strong>qui\u00e9n realiz\u00f3 un balance de las actividades deportivas, art\u00edsticas y culturales de car\u00e1cter comunal, provincial y regional, que se realizaron durante el a\u00f1o 2016, entre las que destacan: Concurso de Pintura Mes del Mar, Concurso de Pintura Mes de la Monta\u00f1a, Muestra de cueca escolar y los Juegos deportivos escolares municipales<\/strong>, en todas sus fases; Comunal, Provincial y sus correspondientes finales regionales que se desarrollaron en la provincia de \u00d1uble durante el Presente A\u00f1o.<\/p>\n<p style=\"text-align: justify;\"><strong>Destacar tambi\u00e9n, que se reconoci\u00f3 la labor de los coordinadores de educaci\u00f3n Extraescolar que este a\u00f1o pasaron a retiro.<\/strong><\/p>\n<p style=\"text-align: justify;\">Finalmente, la actividad finaliz\u00f3 con la entrega de un est\u00edmulo y el reconocimiento por el compromiso de los Coordinadores de Educaci\u00f3n Extraescolar, donde destaca la labor y gesti\u00f3n del Coordinador Extraescolar de la comuna de Yungay, Sr. Mauricio Chavarr\u00eda Salgado , dicha actividad se plasm\u00f3 en una fotograf\u00eda con todos los coordinadores de Educaci\u00f3n Extraescolar de la Provincia de \u00d1uble.<\/p>\n<p style=\"text-align: center;\">[su_button url=\u00bbhttps:\/\/www.facebook.com\/media\/set\/?set=a.1523714327643601.1073743005.159561284058919&amp;type=1&amp;l=ad027f207b\u00bb target=\u00bbblank\u00bb size=\u00bb7&#8243; radius=\u00bbround\u00bb icon=\u00bbicon: facebook-square\u00bb]FOTOGRAF\u00cdAS &#8211; Reconocimiento Coordinaci\u00f3n Extraescolar de la comuna de Yungay[\/su_button]<\/p>\n","protected":false},"excerpt":{"rendered":"<p>Chill\u00e1n, martes 27 de diciembre de 2016; En dependencias de la Direcci\u00f3n Provincial de Educaci\u00f3n, se llev\u00f3 a cabo la reuni\u00f3n de evaluaci\u00f3n de la Red de Coordinadores Extraescolares, en donde, se reconoci\u00f3 la&#46;&#46;&#46;<\/p>\n","protected":false},"author":1,"featured_media":17521,"comment_status":"open","ping_status":"open","sticky":false,"template":"","format":"standard","meta":{"footnotes":""},"categories":[3,1],"tags":[728,1492,1491,1490,8],"class_list":["post-17520","post","type-post","status-publish","format-standard","has-post-thumbnail","hentry","category-actualidad","category-noticias","tag-chillan","tag-direccion-provincial-de-educacion","tag-reconocimiento","tag-red-de-coordinadores-extraescolares","tag-yungay"],"_links":{"self":[{"href":"https:\/\/www.yungayino.cl\/noticias\/index.php?rest_route=\/wp\/v2\/posts\/17520","targetHints":{"allow":["GET"]}}],"collection":[{"href":"https:\/\/www.yungayino.cl\/noticias\/index.php?rest_route=\/wp\/v2\/posts"}],"about":[{"href":"https:\/\/www.yungayino.cl\/noticias\/index.php?rest_route=\/wp\/v2\/types\/post"}],"author":[{"embeddable":true,"href":"https:\/\/www.yungayino.cl\/noticias\/index.php?rest_route=\/wp\/v2\/users\/1"}],"replies":[{"embeddable":true,"href":"https:\/\/www.yungayino.cl\/noticias\/index.php?rest_route=%2Fwp%2Fv2%2Fcomments&post=17520"}],"version-history":[{"count":3,"href":"https:\/\/www.yungayino.cl\/noticias\/index.php?rest_route=\/wp\/v2\/posts\/17520\/revisions"}],"predecessor-version":[{"id":17524,"href":"https:\/\/www.yungayino.cl\/noticias\/index.php?rest_route=\/wp\/v2\/posts\/17520\/revisions\/17524"}],"wp:featuredmedia":[{"embeddable":true,"href":"https:\/\/www.yungayino.cl\/noticias\/index.php?rest_route=\/wp\/v2\/media\/17521"}],"wp:attachment":[{"href":"https:\/\/www.yungayino.cl\/noticias\/index.php?rest_route=%2Fwp%2Fv2%2Fmedia&parent=17520"}],"wp:term":[{"taxonomy":"category","embeddable":true,"href":"https:\/\/www.yungayino.cl\/noticias\/index.php?rest_route=%2Fwp%2Fv2%2Fcategories&post=17520"},{"taxonomy":"post_tag","embeddable":true,"href":"https:\/\/www.yungayino.cl\/noticias\/index.php?rest_route=%2Fwp%2Fv2%2Ftags&post=17520"}],"curies":[{"name":"wp","href":"https:\/\/api.w.org\/{rel}","templated":true}]}}