{"id":17526,"date":"2017-01-05T20:00:05","date_gmt":"2017-01-05T23:00:05","guid":{"rendered":"http:\/\/www.yungayino.cl\/noticias\/?p=17526"},"modified":"2017-01-05T23:46:34","modified_gmt":"2017-01-06T02:46:34","slug":"asumio-nuevo-director-del-hospital-comunitario-de-salud-familiar-de-yungay-2","status":"publish","type":"post","link":"https:\/\/www.yungayino.cl\/noticias\/?p=17526","title":{"rendered":"Asumi\u00f3 Nuevo Director del Hospital Comunitario de Salud Familiar de Yungay"},"content":{"rendered":"<p><img loading=\"lazy\" decoding=\"async\" class=\"alignnone size-full wp-image-17527\" src=\"http:\/\/www.yungayino.cl\/noticias\/wp-content\/uploads\/2017\/01\/hospital_director_2017.jpg\" alt=\"\" width=\"700\" height=\"350\" srcset=\"https:\/\/www.yungayino.cl\/noticias\/wp-content\/uploads\/2017\/01\/hospital_director_2017.jpg 700w, https:\/\/www.yungayino.cl\/noticias\/wp-content\/uploads\/2017\/01\/hospital_director_2017-300x150.jpg 300w\" sizes=\"auto, (max-width: 700px) 100vw, 700px\" \/><\/p>\n<p style=\"text-align: justify;\">Yungay, jueves 05 de enero 2017: En una ceremonia que cont\u00f3 con la asistencia de autoridades de la comuna, directivos de la salud, funcionarios(as) del Hospital de Yungay y representantes de la comunidad, se le dio la bienvenida al nuevo Director del Hospital Comunitario de Salud Familiar Pedro Morales Campos de Yungay, Sr. <strong>Jos\u00e9 Jara Pardo.<\/strong><\/p>\n<p style=\"text-align: justify;\">La actividad estuvo encabezada por el Director del Servicio de Salud \u00d1uble, Dr. Iv\u00e1n Paul Espinoza, qui\u00e9n destac\u00f3 las cualidades personales y profesionales del nuevo director, qui\u00e9n es Ingeniero en Administraci\u00f3n de Empresas con m\u00e1s de 30 a\u00f1os de experiencia en diversas instituciones p\u00fablicas de salud de la provincia.<\/p>\n<p style=\"text-align: justify;\">&nbsp;<\/p>\n<p style=\"text-align: justify;\"><iframe loading=\"lazy\" src=\"https:\/\/www.facebook.com\/plugins\/post.php?href=https:\/\/www.facebook.com\/media\/set\/?set=a.1535763586438675.1073743006.159561284058919&#038;type=1&#038;l=a878a5bc21l=a77e327dc6&#038;l=f5951f1994&#038;l=bfecbb8adf&#038;l=687b6bf5da&#038;width=500&#038;show_text=true&#038;height=691&#038;appId\" width=\"500\" height=\"691\" style=\"border:none;overflow:hidden\" scrolling=\"no\" frameborder=\"0\" allowTransparency=\"true\"><\/iframe>\n<\/p>\n<p style=\"text-align: justify;\">&nbsp;<\/p>\n<p style=\"text-align: justify;\">En la oportunidad, el facultativo tambi\u00e9n enfatiz\u00f3 en la importancia de liderar este tipo de organizaciones. \u201cSabemos que dirigir un hospital es un tremendo desaf\u00edo, son establecimientos que est\u00e1n en el centro de las necesidades m\u00e1s sentidas de las personas, de los que no s\u00f3lo se espera que preste servicios de salud sino que adem\u00e1s lo haga con calidad y oportunidad, donde la din\u00e1mica de relaciones entre el equipo de salud y los usuarios est\u00e9 basada en el respeto mutuo\u201d, expres\u00f3.<\/p>\n<p style=\"text-align: justify;\">\u201cJos\u00e9 Jara llega a una instituci\u00f3n que tiene la voluntad de avanzar, y as\u00ed lo demostraron, obteniendo por ejemplo, la acreditaci\u00f3n en calidad, un proceso exigente y riguroso que dio cuenta del compromiso de todas las funcionarias y funcionarios con brindar prestaciones de salud con altos est\u00e1ndares de seguridad\u201d, agreg\u00f3 Iv\u00e1n Paul.<\/p>\n<p style=\"text-align: justify;\"><strong>Jos\u00e9 Jara Pardo<\/strong> se\u00f1alo al Equipo del Portal Yungayino.cl, que llega a Yungay con todas sus capacidades humanas, intelectuales y afectivas para ponerse al servicio de la comunidad y as\u00ed poder lograr los objetivos sanitarios que tiene trazado tanto el gobierno como las pol\u00edticas de Estado que se han desarrollado y que son transversales.<\/p>\n<p style=\"text-align: justify;\">Finalmente se\u00f1alar que el Hospital Comunitario de Salud Familiar Pedro Morales Campos de Yungay atiende cerca de 20 mil personas tanto de la comuna de Yungay como Pemuco y en la actualidad cuenta con una dotaci\u00f3n de 140 funcionarios de planta.<\/p>\n<p style=\"text-align: justify;\">&nbsp;<\/p>\n<p style=\"text-align: justify;\">[su_button url=\u00bbhttps:\/\/www.facebook.com\/media\/set\/?set=a.1535763586438675.1073743006.159561284058919&amp;type=1&amp;l=a878a5bc21&#8243; target=\u00bbblank\u00bb size=\u00bb7&#8243; radius=\u00bbround\u00bb icon=\u00bbicon: facebook-square\u00bb]FOTOGRAF\u00cdAS &#8211; Asumi\u00f3 Nuevo Director del Hospital Comunitario de Salud Familiar de Yungay[\/su_button]<\/p>\n","protected":false},"excerpt":{"rendered":"<p>Yungay, jueves 05 de enero 2017: En una ceremonia que cont\u00f3 con la asistencia de autoridades de la comuna, directivos de la salud, funcionarios(as) del Hospital de Yungay y representantes de la comunidad, se&#46;&#46;&#46;<\/p>\n","protected":false},"author":2,"featured_media":17527,"comment_status":"open","ping_status":"open","sticky":false,"template":"","format":"standard","meta":{"footnotes":""},"categories":[3,1],"tags":[84,1115,8,6,117],"class_list":["post-17526","post","type-post","status-publish","format-standard","has-post-thumbnail","hentry","category-actualidad","category-noticias","tag-hospital","tag-noticias","tag-yungay","tag-yungayino","tag-yungayinocl"],"_links":{"self":[{"href":"https:\/\/www.yungayino.cl\/noticias\/index.php?rest_route=\/wp\/v2\/posts\/17526","targetHints":{"allow":["GET"]}}],"collection":[{"href":"https:\/\/www.yungayino.cl\/noticias\/index.php?rest_route=\/wp\/v2\/posts"}],"about":[{"href":"https:\/\/www.yungayino.cl\/noticias\/index.php?rest_route=\/wp\/v2\/types\/post"}],"author":[{"embeddable":true,"href":"https:\/\/www.yungayino.cl\/noticias\/index.php?rest_route=\/wp\/v2\/users\/2"}],"replies":[{"embeddable":true,"href":"https:\/\/www.yungayino.cl\/noticias\/index.php?rest_route=%2Fwp%2Fv2%2Fcomments&post=17526"}],"version-history":[{"count":1,"href":"https:\/\/www.yungayino.cl\/noticias\/index.php?rest_route=\/wp\/v2\/posts\/17526\/revisions"}],"predecessor-version":[{"id":17528,"href":"https:\/\/www.yungayino.cl\/noticias\/index.php?rest_route=\/wp\/v2\/posts\/17526\/revisions\/17528"}],"wp:featuredmedia":[{"embeddable":true,"href":"https:\/\/www.yungayino.cl\/noticias\/index.php?rest_route=\/wp\/v2\/media\/17527"}],"wp:attachment":[{"href":"https:\/\/www.yungayino.cl\/noticias\/index.php?rest_route=%2Fwp%2Fv2%2Fmedia&parent=17526"}],"wp:term":[{"taxonomy":"category","embeddable":true,"href":"https:\/\/www.yungayino.cl\/noticias\/index.php?rest_route=%2Fwp%2Fv2%2Fcategories&post=17526"},{"taxonomy":"post_tag","embeddable":true,"href":"https:\/\/www.yungayino.cl\/noticias\/index.php?rest_route=%2Fwp%2Fv2%2Ftags&post=17526"}],"curies":[{"name":"wp","href":"https:\/\/api.w.org\/{rel}","templated":true}]}}