{"id":17529,"date":"2017-01-05T21:00:49","date_gmt":"2017-01-06T00:00:49","guid":{"rendered":"http:\/\/www.yungayino.cl\/noticias\/?p=17529"},"modified":"2017-01-05T23:54:33","modified_gmt":"2017-01-06T02:54:33","slug":"pequenos-del-nivel-medio-mayor-las-ovejitas-del-jardin-infantil-y-sala-cuna-verde-amanecer-tuvieron-una-hermosa-ceremonia-de-egreso","status":"publish","type":"post","link":"https:\/\/www.yungayino.cl\/noticias\/?p=17529","title":{"rendered":"Peque\u00f1os del Nivel Medio Mayor \u201cLas Ovejitas\u201d del Jard\u00edn Infantil y Sala Cuna Verde Amanecer Tuvieron una Hermosa Ceremonia de Egreso"},"content":{"rendered":"<p><img loading=\"lazy\" decoding=\"async\" class=\"alignnone size-full wp-image-17530\" src=\"http:\/\/www.yungayino.cl\/noticias\/wp-content\/uploads\/2017\/01\/verde_amanecer_201701.jpg\" alt=\"\" width=\"700\" height=\"350\" srcset=\"https:\/\/www.yungayino.cl\/noticias\/wp-content\/uploads\/2017\/01\/verde_amanecer_201701.jpg 700w, https:\/\/www.yungayino.cl\/noticias\/wp-content\/uploads\/2017\/01\/verde_amanecer_201701-300x150.jpg 300w\" sizes=\"auto, (max-width: 700px) 100vw, 700px\" \/><\/p>\n<p style=\"text-align: justify;\">Yungay, jueves 05 de enero 2017: Una emotiva ceremonia de egreso vivieron los&nbsp; peque\u00f1os del Nivel Medio Mayor <strong>\u201cLas Ovejitas\u201d<\/strong> del Jard\u00edn Infantil y Sala Cuna Verde Amanecer de Yungay.<\/p>\n<p style=\"text-align: justify;\">&nbsp;<\/p>\n<p style=\"text-align: justify;\">\n<iframe loading=\"lazy\" src=\"https:\/\/www.facebook.com\/plugins\/post.php?href=https:\/\/www.facebook.com\/media\/set\/?set=a.1535769769771390.1073743007.159561284058919&#038;type=1&#038;l=991be65c2d&#038;l=a77e327dc6&#038;l=f5951f1994&#038;l=bfecbb8adf&#038;l=687b6bf5da&#038;width=500&#038;show_text=true&#038;height=691&#038;appId\" width=\"500\" height=\"691\" style=\"border:none;overflow:hidden\" scrolling=\"no\" frameborder=\"0\" allowTransparency=\"true\"><\/iframe>\n<\/p>\n<p style=\"text-align: justify;\">&nbsp;<\/p>\n<p style=\"text-align: justify;\">La ceremonia que se llev\u00f3 a cabo en el Auditorio de la Biblioteca P\u00fablica, donde las t\u00edas se esmeraron en montar una gran despedida que fue reconocida y aplaudida por los padres, madres, familiares de los ni\u00f1os (as) e invitados.<\/p>\n<p style=\"text-align: justify;\">Con el Himno Nacional se inici\u00f3 la ceremonia para continuar con un discurso de la Educadora Valerie Trejos y posteriormente realizar la entrega solemne de estandarte del jard\u00edn infantil por parte de los ni\u00f1os(as) del nivel medio mayor a los ni\u00f1os(as) de nivel medio menor.<\/p>\n<p style=\"text-align: justify;\">En la ocasi\u00f3n la expresi\u00f3n art\u00edstica tambi\u00e9n estuvo presente, la cual estuvo a cargo de los ni\u00f1os(as) del nivel medio menor, quienes deleitaron a los presentes con un hermoso baile de nuestras ra\u00edces todo en honor a los ni\u00f1os(as) que egresaban y terminaban esta hermosa etapa.<\/p>\n<p style=\"text-align: justify;\">Finalmente la ceremonia termino con un acto simb\u00f3lico de la luz del conocimiento y un coctel.<\/p>\n<p style=\"text-align: justify;\">&nbsp;<\/p>\n<p>[su_button url=\u00bbhttps:\/\/www.facebook.com\/media\/set\/?set=a.1535769769771390.1073743007.159561284058919&amp;type=1&amp;l=991be65c2d\u00bb target=\u00bbblank\u00bb size=\u00bb7&#8243; radius=\u00bbround\u00bb icon=\u00bbicon: facebook-square\u00bb]FOTOGRAF\u00cdAS &#8211; Peque\u00f1os del Nivel Medio Mayor \u201cLas Ovejitas\u201d del Jard\u00edn Infantil y Sala Cuna Verde Amanecer Tuvieron una Hermosa Ceremonia de Egreso [\/su_button]<\/p>\n<p>&nbsp;<\/p>\n","protected":false},"excerpt":{"rendered":"<p>Yungay, jueves 05 de enero 2017: Una emotiva ceremonia de egreso vivieron los&nbsp; peque\u00f1os del Nivel Medio Mayor \u201cLas Ovejitas\u201d del Jard\u00edn Infantil y Sala Cuna Verde Amanecer de Yungay. &nbsp; &nbsp; La ceremonia&#46;&#46;&#46;<\/p>\n","protected":false},"author":2,"featured_media":17530,"comment_status":"open","ping_status":"open","sticky":false,"template":"","format":"standard","meta":{"footnotes":""},"categories":[1],"tags":[247,1115,271,8,6,117],"class_list":["post-17529","post","type-post","status-publish","format-standard","has-post-thumbnail","hentry","category-noticias","tag-jardin-verde-amanecer","tag-noticias","tag-verde-amanecer","tag-yungay","tag-yungayino","tag-yungayinocl"],"_links":{"self":[{"href":"https:\/\/www.yungayino.cl\/noticias\/index.php?rest_route=\/wp\/v2\/posts\/17529","targetHints":{"allow":["GET"]}}],"collection":[{"href":"https:\/\/www.yungayino.cl\/noticias\/index.php?rest_route=\/wp\/v2\/posts"}],"about":[{"href":"https:\/\/www.yungayino.cl\/noticias\/index.php?rest_route=\/wp\/v2\/types\/post"}],"author":[{"embeddable":true,"href":"https:\/\/www.yungayino.cl\/noticias\/index.php?rest_route=\/wp\/v2\/users\/2"}],"replies":[{"embeddable":true,"href":"https:\/\/www.yungayino.cl\/noticias\/index.php?rest_route=%2Fwp%2Fv2%2Fcomments&post=17529"}],"version-history":[{"count":1,"href":"https:\/\/www.yungayino.cl\/noticias\/index.php?rest_route=\/wp\/v2\/posts\/17529\/revisions"}],"predecessor-version":[{"id":17531,"href":"https:\/\/www.yungayino.cl\/noticias\/index.php?rest_route=\/wp\/v2\/posts\/17529\/revisions\/17531"}],"wp:featuredmedia":[{"embeddable":true,"href":"https:\/\/www.yungayino.cl\/noticias\/index.php?rest_route=\/wp\/v2\/media\/17530"}],"wp:attachment":[{"href":"https:\/\/www.yungayino.cl\/noticias\/index.php?rest_route=%2Fwp%2Fv2%2Fmedia&parent=17529"}],"wp:term":[{"taxonomy":"category","embeddable":true,"href":"https:\/\/www.yungayino.cl\/noticias\/index.php?rest_route=%2Fwp%2Fv2%2Fcategories&post=17529"},{"taxonomy":"post_tag","embeddable":true,"href":"https:\/\/www.yungayino.cl\/noticias\/index.php?rest_route=%2Fwp%2Fv2%2Ftags&post=17529"}],"curies":[{"name":"wp","href":"https:\/\/api.w.org\/{rel}","templated":true}]}}