{"id":17534,"date":"2017-01-12T15:00:54","date_gmt":"2017-01-12T18:00:54","guid":{"rendered":"http:\/\/www.yungayino.cl\/noticias\/?p=17534"},"modified":"2017-01-12T19:18:04","modified_gmt":"2017-01-12T22:18:04","slug":"yungay-fue-visitada-por-la-agencia-de-la-calidad-de-la-educacion","status":"publish","type":"post","link":"https:\/\/www.yungayino.cl\/noticias\/?p=17534","title":{"rendered":"Yungay fue Visitada por la Agencia de la Calidad de la Educaci\u00f3n"},"content":{"rendered":"<p><img loading=\"lazy\" decoding=\"async\" class=\"alignnone size-full wp-image-17535\" src=\"http:\/\/www.yungayino.cl\/noticias\/wp-content\/uploads\/2017\/01\/daem_20170112.jpg\" alt=\"\" height=\"350\" width=\"700\" srcset=\"https:\/\/www.yungayino.cl\/noticias\/wp-content\/uploads\/2017\/01\/daem_20170112.jpg 700w, https:\/\/www.yungayino.cl\/noticias\/wp-content\/uploads\/2017\/01\/daem_20170112-300x150.jpg 300w\" sizes=\"auto, (max-width: 700px) 100vw, 700px\" \/><\/p>\n<p style=\"text-align: justify;\">Yungay, jueves 12 enero 2017: El pasado mi\u00e9rcoles 04 de enero la Comuna de Yungay recibi\u00f3 la visita de la Agencia de la Calidad de la educaci\u00f3n que opera en la&nbsp; macro zona centro sur, con sede en Concepci\u00f3n.<\/p>\n<p style=\"text-align: justify;\">En la jornada se presentaron los objetivos que debe cumplir dicha agencia, adem\u00e1s de, las distintas metodolog\u00edas de trabajo y los tipos de visitas que realizar\u00e1n a los distintos establecimientos.<\/p>\n<p style=\"text-align: justify;\">&nbsp;<\/p>\n<p style=\"text-align: justify;\">\n<iframe loading=\"lazy\" src=\"https:\/\/www.facebook.com\/plugins\/post.php?href=https:\/\/www.facebook.com\/media\/set\/?set=a.1542394829108884.1073743008.159561284058919&#038;type=1&#038;l=db9fa221f7&#038;l=a77e327dc6&#038;l=f5951f1994&#038;l=bfecbb8adf&#038;l=687b6bf5da&#038;width=500&#038;show_text=true&#038;height=691&#038;appId\" width=\"500\" height=\"691\" style=\"border:none;overflow:hidden\" scrolling=\"no\" frameborder=\"0\" allowTransparency=\"true\"><\/iframe>\n<\/p>\n<p style=\"text-align: justify;\">&nbsp;<\/p>\n<p style=\"text-align: justify;\">Adem\u00e1s, en la jornada se dio espacio para aclarar el procedimiento de clasificaci\u00f3n de establecimientos, destac\u00e1ndose en nuestra comuna la Escuela de Ranchillos, clasificada en un nivel \u201cALTO\u201d y la Escuela de Los Mayos en un nivel \u201cMEDIO\u201d.<\/p>\n<p style=\"text-align: justify;\">Los Directores, Jefes T\u00e9cnicos y Docentes que asistieron a la convocatoria, declararon tener muchas expectativas al respecto, esperando que la Agencia de Calidad por medio de sus visitas y asesor\u00eda pueda ser un aporte en los distintos procedimientos pedag\u00f3gicos de los distintos establecimientos de la comuna y as\u00ed avanzar en la calidad del servicio educativo que entregan.<\/p>\n<p style=\"text-align: justify;\">&nbsp;<\/p>\n<p style=\"text-align: justify;\">[su_button url=\u00bbhttps:\/\/www.facebook.com\/media\/set\/?set=a.1542394829108884.1073743008.159561284058919&amp;type=1&amp;l=db9fa221f7&#8243; target=\u00bbblank\u00bb size=\u00bb7&#8243; radius=\u00bbround\u00bb icon=\u00bbicon: facebook-square\u00bb]FOTOGRAF\u00cdAS &#8211; Yungay fue Visitada por la Agencia de la Calidad de la Educaci\u00f3n[\/su_button]<\/p>\n<p>&nbsp;<\/p>\n","protected":false},"excerpt":{"rendered":"<p>Yungay, jueves 12 enero 2017: El pasado mi\u00e9rcoles 04 de enero la Comuna de Yungay recibi\u00f3 la visita de la Agencia de la Calidad de la educaci\u00f3n que opera en la&nbsp; macro zona centro&#46;&#46;&#46;<\/p>\n","protected":false},"author":2,"featured_media":17535,"comment_status":"open","ping_status":"open","sticky":false,"template":"","format":"standard","meta":{"footnotes":""},"categories":[1493,1],"tags":[355,366,1115,8,6,117],"class_list":["post-17534","post","type-post","status-publish","format-standard","has-post-thumbnail","hentry","category-educacion","category-noticias","tag-daem","tag-educacion","tag-noticias","tag-yungay","tag-yungayino","tag-yungayinocl"],"_links":{"self":[{"href":"https:\/\/www.yungayino.cl\/noticias\/index.php?rest_route=\/wp\/v2\/posts\/17534","targetHints":{"allow":["GET"]}}],"collection":[{"href":"https:\/\/www.yungayino.cl\/noticias\/index.php?rest_route=\/wp\/v2\/posts"}],"about":[{"href":"https:\/\/www.yungayino.cl\/noticias\/index.php?rest_route=\/wp\/v2\/types\/post"}],"author":[{"embeddable":true,"href":"https:\/\/www.yungayino.cl\/noticias\/index.php?rest_route=\/wp\/v2\/users\/2"}],"replies":[{"embeddable":true,"href":"https:\/\/www.yungayino.cl\/noticias\/index.php?rest_route=%2Fwp%2Fv2%2Fcomments&post=17534"}],"version-history":[{"count":1,"href":"https:\/\/www.yungayino.cl\/noticias\/index.php?rest_route=\/wp\/v2\/posts\/17534\/revisions"}],"predecessor-version":[{"id":17536,"href":"https:\/\/www.yungayino.cl\/noticias\/index.php?rest_route=\/wp\/v2\/posts\/17534\/revisions\/17536"}],"wp:featuredmedia":[{"embeddable":true,"href":"https:\/\/www.yungayino.cl\/noticias\/index.php?rest_route=\/wp\/v2\/media\/17535"}],"wp:attachment":[{"href":"https:\/\/www.yungayino.cl\/noticias\/index.php?rest_route=%2Fwp%2Fv2%2Fmedia&parent=17534"}],"wp:term":[{"taxonomy":"category","embeddable":true,"href":"https:\/\/www.yungayino.cl\/noticias\/index.php?rest_route=%2Fwp%2Fv2%2Fcategories&post=17534"},{"taxonomy":"post_tag","embeddable":true,"href":"https:\/\/www.yungayino.cl\/noticias\/index.php?rest_route=%2Fwp%2Fv2%2Ftags&post=17534"}],"curies":[{"name":"wp","href":"https:\/\/api.w.org\/{rel}","templated":true}]}}