{"id":17557,"date":"2017-01-17T12:00:36","date_gmt":"2017-01-17T15:00:36","guid":{"rendered":"http:\/\/www.yungayino.cl\/noticias\/?p=17557"},"modified":"2017-01-17T14:20:39","modified_gmt":"2017-01-17T17:20:39","slug":"municipalidad-de-yungay-informa-suspension-de-presentacion-de-inti-illimani-en-campanario","status":"publish","type":"post","link":"https:\/\/www.yungayino.cl\/noticias\/?p=17557","title":{"rendered":"Municipalidad de Yungay Informa Suspensi\u00f3n de Presentaci\u00f3n de Inti Illimani en Campanario"},"content":{"rendered":"<p><img loading=\"lazy\" decoding=\"async\" class=\"alignnone size-full wp-image-17558\" src=\"http:\/\/www.yungayino.cl\/noticias\/wp-content\/uploads\/2017\/01\/inti_-illimani_suspendido.jpg\" alt=\"\" width=\"700\" height=\"458\" srcset=\"https:\/\/www.yungayino.cl\/noticias\/wp-content\/uploads\/2017\/01\/inti_-illimani_suspendido.jpg 700w, https:\/\/www.yungayino.cl\/noticias\/wp-content\/uploads\/2017\/01\/inti_-illimani_suspendido-300x196.jpg 300w, https:\/\/www.yungayino.cl\/noticias\/wp-content\/uploads\/2017\/01\/inti_-illimani_suspendido-229x150.jpg 229w\" sizes=\"auto, (max-width: 700px) 100vw, 700px\" \/><\/p>\n<p style=\"text-align: justify;\">Yungay, martes 17 enero 2017: La I. Municipalidad de Yungay lamenta profundamente informar que, en el contexto de la Semana Yungayina 2017, <strong>se suspende presentaci\u00f3n de Inti Illimani agendada para hoy, Martes 17<\/strong>, por motivos ajenos a nuestra administraci\u00f3n, del grupo Inti Illimani y de la Productora.<\/p>\n<p style=\"text-align: justify;\">&nbsp;<\/p>\n<p style=\"text-align: justify;\"><strong>Su concierto ha sido re-programado para el 6 de Febrero de 2017 en Campanario.<\/strong><\/p>\n<p style=\"text-align: justify;\">&nbsp;<\/p>\n<p style=\"text-align: justify;\">As\u00ed lo inform\u00f3 la Organizaci\u00f3n de la Semana Yungayina.<\/p>\n<p style=\"text-align: justify;\">&nbsp;<\/p>\n<p style=\"text-align: justify;\"><iframe loading=\"lazy\" src=\"https:\/\/www.facebook.com\/plugins\/post.php?href=https:\/\/www.facebook.com\/media\/set\/?set=a.1546972681984432.1073743013.159561284058919&#038;type=1&#038;l=36b70b4cf2&#038;l=a77e327dc6&#038;l=f5951f1994&#038;l=bfecbb8adf&#038;l=687b6bf5da&#038;width=500&#038;show_text=true&#038;height=691&#038;appId\" width=\"500\" height=\"691\" style=\"border:none;overflow:hidden\" scrolling=\"no\" frameborder=\"0\" allowTransparency=\"true\"><\/iframe>\n<\/p>\n<p style=\"text-align: justify;\">&nbsp;<\/p>\n<p style=\"text-align: justify;\">[su_button url=\u00bbhttps:\/\/www.facebook.com\/media\/set\/?set=a.1546972681984432.1073743013.159561284058919&amp;type=1&amp;l=36b70b4cf2&#8243; target=\u00bbblank\u00bb size=\u00bb7&#8243; radius=\u00bbround\u00bb icon=\u00bbicon: facebook-square\u00bb]FOTOGRAF\u00cdAS &#8211; Municipalidad de Yungay Informa Suspensi\u00f3n de Presentaci\u00f3n de Inti Illimani en Campanario[\/su_button]<\/p>\n<p style=\"text-align: justify;\">&nbsp;<\/p>\n<p style=\"text-align: justify;\"><img loading=\"lazy\" decoding=\"async\" class=\"alignnone size-full wp-image-17559\" src=\"http:\/\/www.yungayino.cl\/noticias\/wp-content\/uploads\/2017\/01\/16105810_275933519490945_8819295476180251456_n.jpg\" alt=\"\" width=\"679\" height=\"960\" srcset=\"https:\/\/www.yungayino.cl\/noticias\/wp-content\/uploads\/2017\/01\/16105810_275933519490945_8819295476180251456_n.jpg 679w, https:\/\/www.yungayino.cl\/noticias\/wp-content\/uploads\/2017\/01\/16105810_275933519490945_8819295476180251456_n-212x300.jpg 212w, https:\/\/www.yungayino.cl\/noticias\/wp-content\/uploads\/2017\/01\/16105810_275933519490945_8819295476180251456_n-106x150.jpg 106w\" sizes=\"auto, (max-width: 679px) 100vw, 679px\" \/><\/p>\n","protected":false},"excerpt":{"rendered":"<p>Yungay, martes 17 enero 2017: La I. Municipalidad de Yungay lamenta profundamente informar que, en el contexto de la Semana Yungayina 2017, se suspende presentaci\u00f3n de Inti Illimani agendada para hoy, Martes 17, por&#46;&#46;&#46;<\/p>\n","protected":false},"author":2,"featured_media":17559,"comment_status":"open","ping_status":"open","sticky":false,"template":"","format":"standard","meta":{"footnotes":""},"categories":[3,5,1],"tags":[31,1253,1496,8,6,117],"class_list":["post-17557","post","type-post","status-publish","format-standard","has-post-thumbnail","hentry","category-actualidad","category-eventos","category-noticias","tag-campanario","tag-inti-illimani","tag-semana-yungayina-2017","tag-yungay","tag-yungayino","tag-yungayinocl"],"_links":{"self":[{"href":"https:\/\/www.yungayino.cl\/noticias\/index.php?rest_route=\/wp\/v2\/posts\/17557","targetHints":{"allow":["GET"]}}],"collection":[{"href":"https:\/\/www.yungayino.cl\/noticias\/index.php?rest_route=\/wp\/v2\/posts"}],"about":[{"href":"https:\/\/www.yungayino.cl\/noticias\/index.php?rest_route=\/wp\/v2\/types\/post"}],"author":[{"embeddable":true,"href":"https:\/\/www.yungayino.cl\/noticias\/index.php?rest_route=\/wp\/v2\/users\/2"}],"replies":[{"embeddable":true,"href":"https:\/\/www.yungayino.cl\/noticias\/index.php?rest_route=%2Fwp%2Fv2%2Fcomments&post=17557"}],"version-history":[{"count":4,"href":"https:\/\/www.yungayino.cl\/noticias\/index.php?rest_route=\/wp\/v2\/posts\/17557\/revisions"}],"predecessor-version":[{"id":17563,"href":"https:\/\/www.yungayino.cl\/noticias\/index.php?rest_route=\/wp\/v2\/posts\/17557\/revisions\/17563"}],"wp:featuredmedia":[{"embeddable":true,"href":"https:\/\/www.yungayino.cl\/noticias\/index.php?rest_route=\/wp\/v2\/media\/17559"}],"wp:attachment":[{"href":"https:\/\/www.yungayino.cl\/noticias\/index.php?rest_route=%2Fwp%2Fv2%2Fmedia&parent=17557"}],"wp:term":[{"taxonomy":"category","embeddable":true,"href":"https:\/\/www.yungayino.cl\/noticias\/index.php?rest_route=%2Fwp%2Fv2%2Fcategories&post=17557"},{"taxonomy":"post_tag","embeddable":true,"href":"https:\/\/www.yungayino.cl\/noticias\/index.php?rest_route=%2Fwp%2Fv2%2Ftags&post=17557"}],"curies":[{"name":"wp","href":"https:\/\/api.w.org\/{rel}","templated":true}]}}