{"id":17564,"date":"2017-01-18T15:00:35","date_gmt":"2017-01-18T18:00:35","guid":{"rendered":"http:\/\/www.yungayino.cl\/noticias\/?p=17564"},"modified":"2017-01-18T19:42:01","modified_gmt":"2017-01-18T22:42:01","slug":"ministerio-de-la-mujer-y-la-equidad-de-genero-firmo-convenio-con-el-servicio-de-salud-nuble-para-apoyar-la-prevencion-y-deteccion-del-cancer-de-mamas","status":"publish","type":"post","link":"https:\/\/www.yungayino.cl\/noticias\/?p=17564","title":{"rendered":"Ministerio de la Mujer y la Equidad de G\u00e9nero Firm\u00f3 Convenio con el Servicio de Salud \u00d1uble para Apoyar la Prevenci\u00f3n y Detecci\u00f3n del C\u00e1ncer de Mamas"},"content":{"rendered":"<p><img loading=\"lazy\" decoding=\"async\" class=\"alignnone size-full wp-image-17565\" src=\"http:\/\/www.yungayino.cl\/noticias\/wp-content\/uploads\/2017\/01\/convenio_salud_2017.jpg\" alt=\"\" width=\"700\" height=\"393\" srcset=\"https:\/\/www.yungayino.cl\/noticias\/wp-content\/uploads\/2017\/01\/convenio_salud_2017.jpg 700w, https:\/\/www.yungayino.cl\/noticias\/wp-content\/uploads\/2017\/01\/convenio_salud_2017-300x168.jpg 300w, https:\/\/www.yungayino.cl\/noticias\/wp-content\/uploads\/2017\/01\/convenio_salud_2017-267x150.jpg 267w\" sizes=\"auto, (max-width: 700px) 100vw, 700px\" \/><\/p>\n<p style=\"text-align: justify;\">Yungay, mi\u00e9rcoles 18 de enero 2017: Con la presencia de autoridades regionales y provinciales y representantes de la comunidad, la Ministra de la Mujer y la Equidad de G\u00e9nero, Claudia Pascual Grau, junto a la Directora (s) del Servicio de Salud \u00d1uble, Jannet Viveros Figueroa, firmaron el protocolo de implementaci\u00f3n del Programa de Atenci\u00f3n y Prevenci\u00f3n de c\u00e1ncer de mama en la Regi\u00f3n del Biob\u00edo, financiado con fondos del Gobierno Regional.<\/p>\n<p style=\"text-align: justify;\">El objetivo de esta iniciativa es avanzar en la prevenci\u00f3n y diagn\u00f3stico de esta enfermedad, a trav\u00e9s de acciones de promoci\u00f3n y detecci\u00f3n temprana. Para ello, se realizar\u00e1n mamograf\u00edas a personas desde los 45 a\u00f1os, o mayores de 35, con antecedentes familiares de c\u00e1ncer de mama, priorizando a aquellas mujeres que tengan movilidad reducida o sean responsables de cuidado permanente de familiares. En total se realizar\u00e1n 360 de estos ex\u00e1menes en la regi\u00f3n, de \u00e9stos, 120 se har\u00e1n en \u00d1uble.<\/p>\n<p style=\"text-align: justify;\">&nbsp;<\/p>\n<p style=\"text-align: justify;\"><iframe loading=\"lazy\" src=\"https:\/\/www.facebook.com\/plugins\/post.php?href=https:\/\/www.facebook.com\/media\/set\/?set=a.1548240025191031.1073743014.159561284058919&#038;type=1&#038;l=bf19568c5c&#038;l=a77e327dc6&#038;l=f5951f1994&#038;l=bfecbb8adf&#038;l=687b6bf5da&#038;width=500&#038;show_text=true&#038;height=691&#038;appId\" width=\"500\" height=\"691\" style=\"border:none;overflow:hidden\" scrolling=\"no\" frameborder=\"0\" allowTransparency=\"true\"><\/iframe>\n<\/p>\n<p style=\"text-align: justify;\">&nbsp;<\/p>\n<p style=\"text-align: justify;\">&nbsp;<\/p>\n<p style=\"text-align: justify;\">Durante la actividad la Ministra de la Mujer y la Equidad de G\u00e9nero, Claudia Pascual, se\u00f1al\u00f3 que \u201ceste convenio permitir\u00e1 tener servicios de mamograf\u00eda para llegar a los sectores m\u00e1s alejados y de m\u00e1s dif\u00edcil acceso, para que las mujeres puedan hacerse este examen preventivo y poder conectarlas con las redes de los servicios de salud\u201d.<\/p>\n<p style=\"text-align: justify;\">\u201cEste es un proyecto hecho a trav\u00e9s del Servicio Nacional de la Mujer y la Equidad de g\u00e9nero de la Regi\u00f3n, en conjunto con el grupo de autoayuda Renacer Santa \u00c1gueda y en colaboraci\u00f3n con el Servicio de Salud de la Provincia. Esto nos permite ir mejorando la calidad de vida y abordar tem\u00e1ticas tan relevantes como la primera causa de muerte despu\u00e9s de las enfermedades cardiovasculares, en las mujeres, que es el c\u00e1ncer de mama\u201d, puntualiz\u00f3 la Ministra Pascual.<\/p>\n<p style=\"text-align: justify;\">Por su parte, la Directora (s) del Servicio de Salud \u00d1uble, Jannet Viveros indic\u00f3: \u201cEstamos muy contentos con la firma de este convenio, ya que fortalece la red de prevenci\u00f3n del c\u00e1ncer de mama y da cuenta de la importancia del trabajo intersectorial, y con las agrupaciones de autoayuda, que nos posibilitan avanzar en \u00e1reas tan importantes como lo son la prevenci\u00f3n de esta patolog\u00eda.<\/p>\n<p style=\"text-align: justify;\">Viveros destac\u00f3 que \u201cen paralelo el Servicio de Salud \u00d1uble trabaja incesantemente para avanzar en la detecci\u00f3n precoz. Es as\u00ed como por ejemplo, desde 2006 a 2015 aument\u00f3 de 2.839 a 12.611 la cantidad de mamograf\u00edas que se realizan en la provincia, es decir, cuadriplicamos la cantidad de ex\u00e1menes\u201d.<\/p>\n<p style=\"text-align: justify;\"><strong>C\u00e1ncer de Mama en \u00d1uble:<\/strong><\/p>\n<p style=\"text-align: justify;\">&nbsp;<\/p>\n<p style=\"text-align: justify;\">El a\u00f1o pasado fueron diagnosticadas 150 mujeres con c\u00e1ncer de mamas en la provincia, de ellas, un 6% en etapa 4, es decir, cuando la enfermedad ya est\u00e1 muy avanzada. \u201cPor ello es fundamental que las mujeres consulten por los derechos que tienen en salud, por ejemplo, la mamograf\u00eda forma parte del examen de medicina preventiva para las mujeres entre los 50 y 59 a\u00f1os y que est\u00e1 garantizada por el GES\u201d, a\u00f1adi\u00f3 Viveros.<\/p>\n<p style=\"text-align: justify;\">Por otra parte, en todos los establecimientos de Atenci\u00f3n Primaria de Salud se realiza educaci\u00f3n en torno al autocuidado y la relevancia de los estilos de vida saludables, ya que est\u00e1 comprobado que a trav\u00e9s de \u00e9stos, es posible prevenir cerca del 40% de los c\u00e1nceres. A su vez, est\u00e1n asignados recursos para todos los centros de salud familiar, a trav\u00e9s del Programa Im\u00e1genes Diagn\u00f3sticas, que contempla la realizaci\u00f3n de mamograf\u00edas.<\/p>\n<p style=\"text-align: justify;\">Jannet Viveros explic\u00f3 adem\u00e1s que \u201ca nivel secundario, en la Unidad de Patolog\u00eda Mamaria (UPM) del Hospital Cl\u00ednico Herminda Mart\u00edn de Chill\u00e1n, actualmente hay 1.500 mujeres en control. Esta Unidad brinda apoyo multidisciplinario y continuo a la paciente y su familia, acompa\u00f1\u00e1ndola y gui\u00e1ndola en todo el proceso de la enfermedad y su reinserci\u00f3n a la vida cotidiana\u201d.<\/p>\n<p style=\"text-align: justify;\">Asimismo, la Directora (s) destac\u00f3 la puesta en marcha la Unidad de Oncolog\u00eda, que a la fecha ha brindado tratamiento de quimioterapia a cerca de 20 mujeres con esta enfermedad.<\/p>\n<p style=\"text-align: justify;\">\u201cEl llamado es a detectar a tiempo&nbsp; el c\u00e1ncer a tiempo, ya que si se le pesquisa en las primeras etapas aumenta la sobrevida a un 95%, por eso es preciso que acudan a control y se hagan el autoexamen y la mamograf\u00eda\u201d, sentenci\u00f3 Viveros.<\/p>\n<p style=\"text-align: justify;\">&nbsp;<\/p>\n<p style=\"text-align: justify;\">[su_button url=\u00bbhttps:\/\/www.facebook.com\/media\/set\/?set=a.1548240025191031.1073743014.159561284058919&amp;type=1&amp;l=bf19568c5c\u00bb target=\u00bbblank\u00bb size=\u00bb7&#8243; radius=\u00bbround\u00bb icon=\u00bbicon: facebook-square\u00bb]FOTOGRAF\u00cdAS &#8211; Ministerio de la Mujer y la Equidad de G\u00e9nero Firm\u00f3 Convenio con el Servicio de Salud \u00d1uble para Apoyar la Prevenci\u00f3n y Detecci\u00f3n del C\u00e1ncer de Mamas[\/su_button]<\/p>\n","protected":false},"excerpt":{"rendered":"<p>Yungay, mi\u00e9rcoles 18 de enero 2017: Con la presencia de autoridades regionales y provinciales y representantes de la comunidad, la Ministra de la Mujer y la Equidad de G\u00e9nero, Claudia Pascual Grau, junto a&#46;&#46;&#46;<\/p>\n","protected":false},"author":2,"featured_media":17565,"comment_status":"open","ping_status":"open","sticky":false,"template":"","format":"standard","meta":{"footnotes":""},"categories":[3,1],"tags":[1115,8,6,117],"class_list":["post-17564","post","type-post","status-publish","format-standard","has-post-thumbnail","hentry","category-actualidad","category-noticias","tag-noticias","tag-yungay","tag-yungayino","tag-yungayinocl"],"_links":{"self":[{"href":"https:\/\/www.yungayino.cl\/noticias\/index.php?rest_route=\/wp\/v2\/posts\/17564","targetHints":{"allow":["GET"]}}],"collection":[{"href":"https:\/\/www.yungayino.cl\/noticias\/index.php?rest_route=\/wp\/v2\/posts"}],"about":[{"href":"https:\/\/www.yungayino.cl\/noticias\/index.php?rest_route=\/wp\/v2\/types\/post"}],"author":[{"embeddable":true,"href":"https:\/\/www.yungayino.cl\/noticias\/index.php?rest_route=\/wp\/v2\/users\/2"}],"replies":[{"embeddable":true,"href":"https:\/\/www.yungayino.cl\/noticias\/index.php?rest_route=%2Fwp%2Fv2%2Fcomments&post=17564"}],"version-history":[{"count":2,"href":"https:\/\/www.yungayino.cl\/noticias\/index.php?rest_route=\/wp\/v2\/posts\/17564\/revisions"}],"predecessor-version":[{"id":17567,"href":"https:\/\/www.yungayino.cl\/noticias\/index.php?rest_route=\/wp\/v2\/posts\/17564\/revisions\/17567"}],"wp:featuredmedia":[{"embeddable":true,"href":"https:\/\/www.yungayino.cl\/noticias\/index.php?rest_route=\/wp\/v2\/media\/17565"}],"wp:attachment":[{"href":"https:\/\/www.yungayino.cl\/noticias\/index.php?rest_route=%2Fwp%2Fv2%2Fmedia&parent=17564"}],"wp:term":[{"taxonomy":"category","embeddable":true,"href":"https:\/\/www.yungayino.cl\/noticias\/index.php?rest_route=%2Fwp%2Fv2%2Fcategories&post=17564"},{"taxonomy":"post_tag","embeddable":true,"href":"https:\/\/www.yungayino.cl\/noticias\/index.php?rest_route=%2Fwp%2Fv2%2Ftags&post=17564"}],"curies":[{"name":"wp","href":"https:\/\/api.w.org\/{rel}","templated":true}]}}