{"id":17596,"date":"2017-01-21T23:30:38","date_gmt":"2017-01-22T02:30:38","guid":{"rendered":"http:\/\/www.yungayino.cl\/noticias\/?p=17596"},"modified":"2017-01-22T20:40:17","modified_gmt":"2017-01-22T23:40:17","slug":"semana-yungayina-2017-tuvo-su-noche-juvenil","status":"publish","type":"post","link":"https:\/\/www.yungayino.cl\/noticias\/?p=17596","title":{"rendered":"Semana Yungayina 2017 Tuvo su \u201cNoche Juvenil\u201d"},"content":{"rendered":"<p><img loading=\"lazy\" decoding=\"async\" class=\"alignnone size-full wp-image-17597\" src=\"http:\/\/www.yungayino.cl\/noticias\/wp-content\/uploads\/2017\/01\/noche_juvenil_enero_2017.jpg\" alt=\"\" width=\"700\" height=\"393\" srcset=\"https:\/\/www.yungayino.cl\/noticias\/wp-content\/uploads\/2017\/01\/noche_juvenil_enero_2017.jpg 700w, https:\/\/www.yungayino.cl\/noticias\/wp-content\/uploads\/2017\/01\/noche_juvenil_enero_2017-300x168.jpg 300w, https:\/\/www.yungayino.cl\/noticias\/wp-content\/uploads\/2017\/01\/noche_juvenil_enero_2017-267x150.jpg 267w\" sizes=\"auto, (max-width: 700px) 100vw, 700px\" \/><\/p>\n<p style=\"text-align: justify;\">Yungay, s\u00e1bado 21 de enero 2017: Una gran noche fue para la juventud la del pasado viernes 20 de enero, donde la diversidad musical fue para todos los gustos de los yungayinos y visitantes, la cual comenz\u00f3 a las 22:30 horas en el escenario montado por la Productora Audiotec Inversiones a un costado de la Plaza.<\/p>\n<p style=\"text-align: justify;\">&nbsp;<\/p>\n<p style=\"text-align: justify;\"><iframe loading=\"lazy\" src=\"https:\/\/www.facebook.com\/plugins\/post.php?href=https:\/\/www.facebook.com\/media\/set\/?set=a.1552572731424427.1073743025.159561284058919&#038;type=1&#038;l=6fbcaba5a7&#038;l=a77e327dc6&#038;l=f5951f1994&#038;l=bfecbb8adf&#038;l=687b6bf5da&#038;width=500&#038;show_text=true&#038;height=691&#038;appId\" width=\"500\" height=\"691\" style=\"border:none;overflow:hidden\" scrolling=\"no\" frameborder=\"0\" allowTransparency=\"true\"><\/iframe>\n<\/p>\n<p style=\"text-align: justify;\">&nbsp;<\/p>\n<p style=\"text-align: justify;\">&nbsp;<\/p>\n<p style=\"text-align: justify;\">La noche que fue animada por la locutora radial Soledad Rifo, quien fue la encargada de presentar en primer lugar al Grupo Gran Capital, quienes interpretaron una m\u00fasica directa, honesta y simple.<\/p>\n<p style=\"text-align: justify;\">Continuando con la noche fue el turno para La Banda Canelo 14, banda que es integrada por Yungayinos y que realizaron una impecable presentaci\u00f3n, recibiendo en todo momento el apoyo del p\u00fablico presente.<\/p>\n<p style=\"text-align: justify;\"><strong>Humor<\/strong><\/p>\n<p style=\"text-align: justify;\">La cuota de humor estuvo a cargo de <strong>Dany Humor, <\/strong>quien se destac\u00f3 por su participaci\u00f3n en la final del programa Coliseo Romano de la televisi\u00f3n chilena transmitido por MEGA, qui\u00e9n hizo re\u00edr a los asistentes con su humor picaresco.<\/p>\n<p style=\"text-align: justify;\">Finalmente la jornada la cerr\u00f3 <strong>Retromix<\/strong>, La Banda, con canciones y karaokes de todos los tiempos.<\/p>\n<p style=\"text-align: justify;\">&nbsp;<\/p>\n<p style=\"text-align: justify;\">[su_button url=\u00bbhttps:\/\/www.facebook.com\/media\/set\/?set=a.1552572731424427.1073743025.159561284058919&amp;type=1&amp;l=6fbcaba5a7&#8243; target=\u00bbblank\u00bb size=\u00bb7&#8243; radius=\u00bbround\u00bb icon=\u00bbicon: facebook-square\u00bb]FOTOGRAF\u00cdAS &#8211; Semana Yungayina 2017 Tuvo su \u201cNoche Juvenil\u201d[\/su_button]<\/p>\n<p>&nbsp;<\/p>\n","protected":false},"excerpt":{"rendered":"<p>Yungay, s\u00e1bado 21 de enero 2017: Una gran noche fue para la juventud la del pasado viernes 20 de enero, donde la diversidad musical fue para todos los gustos de los yungayinos y visitantes,&#46;&#46;&#46;<\/p>\n","protected":false},"author":2,"featured_media":17597,"comment_status":"open","ping_status":"open","sticky":false,"template":"","format":"standard","meta":{"footnotes":""},"categories":[5,1],"tags":[1510,1512,1115,1511,1496,8,6,117],"class_list":["post-17596","post","type-post","status-publish","format-standard","has-post-thumbnail","hentry","category-eventos","category-noticias","tag-dany-humor","tag-gran-capital","tag-noticias","tag-retromix","tag-semana-yungayina-2017","tag-yungay","tag-yungayino","tag-yungayinocl"],"_links":{"self":[{"href":"https:\/\/www.yungayino.cl\/noticias\/index.php?rest_route=\/wp\/v2\/posts\/17596","targetHints":{"allow":["GET"]}}],"collection":[{"href":"https:\/\/www.yungayino.cl\/noticias\/index.php?rest_route=\/wp\/v2\/posts"}],"about":[{"href":"https:\/\/www.yungayino.cl\/noticias\/index.php?rest_route=\/wp\/v2\/types\/post"}],"author":[{"embeddable":true,"href":"https:\/\/www.yungayino.cl\/noticias\/index.php?rest_route=\/wp\/v2\/users\/2"}],"replies":[{"embeddable":true,"href":"https:\/\/www.yungayino.cl\/noticias\/index.php?rest_route=%2Fwp%2Fv2%2Fcomments&post=17596"}],"version-history":[{"count":2,"href":"https:\/\/www.yungayino.cl\/noticias\/index.php?rest_route=\/wp\/v2\/posts\/17596\/revisions"}],"predecessor-version":[{"id":17599,"href":"https:\/\/www.yungayino.cl\/noticias\/index.php?rest_route=\/wp\/v2\/posts\/17596\/revisions\/17599"}],"wp:featuredmedia":[{"embeddable":true,"href":"https:\/\/www.yungayino.cl\/noticias\/index.php?rest_route=\/wp\/v2\/media\/17597"}],"wp:attachment":[{"href":"https:\/\/www.yungayino.cl\/noticias\/index.php?rest_route=%2Fwp%2Fv2%2Fmedia&parent=17596"}],"wp:term":[{"taxonomy":"category","embeddable":true,"href":"https:\/\/www.yungayino.cl\/noticias\/index.php?rest_route=%2Fwp%2Fv2%2Fcategories&post=17596"},{"taxonomy":"post_tag","embeddable":true,"href":"https:\/\/www.yungayino.cl\/noticias\/index.php?rest_route=%2Fwp%2Fv2%2Ftags&post=17596"}],"curies":[{"name":"wp","href":"https:\/\/api.w.org\/{rel}","templated":true}]}}