{"id":1761,"date":"2009-08-28T23:00:45","date_gmt":"2009-08-29T03:00:45","guid":{"rendered":"http:\/\/www.yungayino.cl\/noticias\/?p=1761"},"modified":"2009-08-31T11:19:55","modified_gmt":"2009-08-31T15:19:55","slug":"provincial-de-cueca-escolar-2009-ya-tiene-ganadores","status":"publish","type":"post","link":"https:\/\/www.yungayino.cl\/noticias\/?p=1761","title":{"rendered":"Provincial de Cueca Escolar 2009, ya Tiene Ganadores"},"content":{"rendered":"<p><img decoding=\"async\" src=\"http:\/\/www.yungayino.cl\/imagenes\/provincialcuecayungay2009.jpg\" alt=\"Provincial de Cueca Escolar 2009, ya Tiene Ganadores\" \/><\/p>\n<p align=\"justify\"><font size=\"2\">Yungay, 28 de agosto en el gimnasio multiuso a partir de las 16:00 horas se dio inicio a la gran fiesta de la cueca escolar donde las 21 comunas de la Provincia de \u00d1uble luchaban para un cupo para la fase Regional que se disputara en Tom\u00e9 el d\u00eda 04 de septiembre. Esta gran fiesta del baile nacional cont\u00f3 con la  presencia de las m\u00e1ximas autoridades de nuestra comuna, Alcaldes visitantes, Diputados de la Rep\u00fablica, Delegaciones de estudiantes, Profesores y p\u00fablico en general quienes repletaron el gimnasio para apoyar con gritos y aplausos a todas las parejas, que divididas en tres categor\u00eda luchaban para clasificar al Regional. Acompa\u00f1ados por la m\u00fasica de los grupos folcl\u00f3ricos \u201cRa\u00edces de mi tierra\u201d de Quill\u00f3n y \u201cSavia Campesina\u201d de Yungay, los participantes mostraron sus mejores vestimentas y estilos. Finalmente y ante un exigente jurado las comunas ganadoras fueron Yungay, San Nicol\u00e1s, Ranquil, El Carmen y Coelemu. Es preciso destacar que esta actividad fue Organizada por la Municipalidad de Yungay y el Departamento de educaci\u00f3n municipal y que cont\u00f3 con el patrocinio del Departamento Provincial de Educaci\u00f3n de \u00d1uble. <\/p>\n<p><strong>Parejas Clasificadas al Regional:<\/strong><br \/>\n<strong>Cueca Lugare\u00f1a B\u00e1sica:<\/strong><br \/>\nEstefan\u00eda Venegas y Mat\u00edas Parra (San Nicol\u00e1s)<br \/>\nEvelyn Hinojosa y Armando Sep\u00falveda (Ranquil)<\/p>\n<p><strong>Cueca Huasa B\u00e1sica:<\/strong><br \/>\nCristina Cruces y Diego Meri\u00f1o (El Carmen)<br \/>\n\u00c1ngela Martines y  Pablo Silva (Coelemu)<\/p>\n<p><strong>Cueca Huasa Media: <\/strong><br \/>\nGabriela Ruiz y Jorge Mu\u00f1oz (Ranquil)<br \/>\nJessica Barrera y Abel Fern\u00e1ndez (Yungay)<br \/>\n<\/br><br \/>\n<a href=\"http:\/\/www.yungayino.cl\/noticias\/?p=1761#comments\">Comente Aqu\u00ed<\/a><br \/>\n<a href=\"http:\/\/www.flickr.com\/photos\/41955763@N02\/tags\/provincialcuecaescolar2009\/\">Fotograf\u00edas<\/a><\/font><\/p>\n","protected":false},"excerpt":{"rendered":"<p>Yungay, 28 de agosto en el gimnasio multiuso a partir de las 16:00 horas se dio inicio a la gran fiesta de la cueca escolar donde las 21 comunas de la Provincia de \u00d1uble&#46;&#46;&#46;<\/p>\n","protected":false},"author":2,"featured_media":15087,"comment_status":"open","ping_status":"open","sticky":false,"template":"","format":"standard","meta":{"footnotes":""},"categories":[5,1],"tags":[1117,1115,8,6],"class_list":["post-1761","post","type-post","status-publish","format-standard","has-post-thumbnail","hentry","category-eventos","category-noticias","tag-eventos","tag-noticias","tag-yungay","tag-yungayino"],"_links":{"self":[{"href":"https:\/\/www.yungayino.cl\/noticias\/index.php?rest_route=\/wp\/v2\/posts\/1761","targetHints":{"allow":["GET"]}}],"collection":[{"href":"https:\/\/www.yungayino.cl\/noticias\/index.php?rest_route=\/wp\/v2\/posts"}],"about":[{"href":"https:\/\/www.yungayino.cl\/noticias\/index.php?rest_route=\/wp\/v2\/types\/post"}],"author":[{"embeddable":true,"href":"https:\/\/www.yungayino.cl\/noticias\/index.php?rest_route=\/wp\/v2\/users\/2"}],"replies":[{"embeddable":true,"href":"https:\/\/www.yungayino.cl\/noticias\/index.php?rest_route=%2Fwp%2Fv2%2Fcomments&post=1761"}],"version-history":[{"count":6,"href":"https:\/\/www.yungayino.cl\/noticias\/index.php?rest_route=\/wp\/v2\/posts\/1761\/revisions"}],"predecessor-version":[{"id":1774,"href":"https:\/\/www.yungayino.cl\/noticias\/index.php?rest_route=\/wp\/v2\/posts\/1761\/revisions\/1774"}],"wp:featuredmedia":[{"embeddable":true,"href":"https:\/\/www.yungayino.cl\/noticias\/index.php?rest_route=\/wp\/v2\/media\/15087"}],"wp:attachment":[{"href":"https:\/\/www.yungayino.cl\/noticias\/index.php?rest_route=%2Fwp%2Fv2%2Fmedia&parent=1761"}],"wp:term":[{"taxonomy":"category","embeddable":true,"href":"https:\/\/www.yungayino.cl\/noticias\/index.php?rest_route=%2Fwp%2Fv2%2Fcategories&post=1761"},{"taxonomy":"post_tag","embeddable":true,"href":"https:\/\/www.yungayino.cl\/noticias\/index.php?rest_route=%2Fwp%2Fv2%2Ftags&post=1761"}],"curies":[{"name":"wp","href":"https:\/\/api.w.org\/{rel}","templated":true}]}}