{"id":17614,"date":"2017-01-24T20:34:10","date_gmt":"2017-01-24T23:34:10","guid":{"rendered":"http:\/\/www.yungayino.cl\/noticias\/?p=17614"},"modified":"2017-01-24T20:34:10","modified_gmt":"2017-01-24T23:34:10","slug":"servicio-de-salud-nuble-llama-a-prevenir-enfermedades-asociadas-a-ola-de-calor-y-a-la-presencia-de-humo","status":"publish","type":"post","link":"https:\/\/www.yungayino.cl\/noticias\/?p=17614","title":{"rendered":"Servicio de Salud \u00d1uble Llama a Prevenir Enfermedades Asociadas a Ola de Calor y a la Presencia de Humo"},"content":{"rendered":"<p><img loading=\"lazy\" decoding=\"async\" class=\"alignnone size-full wp-image-17615\" src=\"http:\/\/www.yungayino.cl\/noticias\/wp-content\/uploads\/2017\/01\/calor.jpg\" alt=\"\" width=\"700\" height=\"350\" srcset=\"https:\/\/www.yungayino.cl\/noticias\/wp-content\/uploads\/2017\/01\/calor.jpg 700w, https:\/\/www.yungayino.cl\/noticias\/wp-content\/uploads\/2017\/01\/calor-300x150.jpg 300w\" sizes=\"auto, (max-width: 700px) 100vw, 700px\" \/><\/p>\n<p style=\"text-align: justify;\">Martes 24 de enero 2017: A los 42 grados pronosticados para esta semana en la Provincia, se suma la situaci\u00f3n ocasionada por los incendios forestales en la zona. Por ello, la invitaci\u00f3n es a seguir medidas b\u00e1sicas y evitar complicaciones de salud.<\/p>\n<p style=\"text-align: justify;\">Ante una nueva ola de calor que en la provincia se manifestar\u00e1 con temperaturas sobre los 40\u00b0 Celsius, a la que se suman la presencia de humo en algunos sectores de \u00d1uble a ra\u00edz de distintos focos de incendios forestales, profesionales del Servicio de Salud \u00d1uble entregaron recomendaciones para prevenir complicaciones de salud.<\/p>\n<p style=\"text-align: justify;\">En esa l\u00ednea, el Subdirector de Gesti\u00f3n Asistencial, Walter Garrido, explic\u00f3 que \u201cel \u00e9nfasis no s\u00f3lo est\u00e1 puesto en evitar la exposici\u00f3n directa al sol a las horas de mayor temperatura, sino tambi\u00e9n tomar simples resguardos como usar ropa y calzado ligeros y sueltos, optando por colores claros o neutros, utilizar gorro y lentes que protejan del contacto directo con el sol. En el caso de quienes por su trabajo o actividades diarias, deben salir, es fundamental aplicar protector solar las veces que sea necesario, sobre factor 30\u201d.<\/p>\n<p style=\"text-align: justify;\">Garrido a\u00f1adi\u00f3 que \u201ces importante recalcar que frente a los episodios de intenso calor, nuestro cuerpo pierde l\u00edquido e incluso puede deshidratarse, por ello, otro de los consejos en beber abundante agua, permanecer en lugares frescos, o bien ventilados, evitar realizar ejercicio al aire libre y preferir comidas ligeras que ayuden a reponer el l\u00edquido y sales perdidas por la sudoraci\u00f3n, para ellos pueden aprovechar las frutas y verduras de la estaci\u00f3n\u201d.<\/p>\n<p style=\"text-align: justify;\"><strong>Reforzar la Prevenci\u00f3n ante la Presencia de Humo<\/strong><\/p>\n<p style=\"text-align: justify;\">Frente a los distintos incendios forestales registrados durante los \u00faltimos d\u00edas en \u00d1uble, los profesionales enfatizaron en la importancia de tomar resguardos adicionales.<\/p>\n<p style=\"text-align: justify;\">Al respecto, Walter Garrido sostuvo que \u201cla red asistencial se encuentra alerta ante los incendios, para ello, hay refuerzo de funcionarios y de veh\u00edculos SAMU, pero adem\u00e1s se implementaron estrategias de coordinaci\u00f3n para enfrentar los requerimientos de salud, tanto de la poblaci\u00f3n en general, como de quienes trabajan en la extinci\u00f3n del fuego\u201d.<\/p>\n<p style=\"text-align: justify;\">Por su parte, Miguel \u00c1ngel Orrego, Coordinador de Emergencias del Servicio de Salud \u00d1uble, indic\u00f3 que \u201cespecialmente en aquellas localidades en las que hay presencia de humo, las personas deben evitar la realizaci\u00f3n de actividades deportivas. Frente a un incendio adem\u00e1s, la recomendaci\u00f3n es cerrar puertas y ventanas para impedir que el humo ingrese a su domicilio. Si es necesario, utilizar pa\u00f1os h\u00famedos para mejorar el sello de ventanas o puertas o usarlos sobre la nariz y boca ya que esta simple medida ofrece protecci\u00f3n, as\u00ed como tambi\u00e9n el uso de mascarillas\u201d.<\/p>\n<p style=\"text-align: justify;\">\u201cEn este escenario, tambi\u00e9n es fundamental evitar otras fuentes de contaminaci\u00f3n intradomiciliaria como por ejemplo, no fumar al interior de espacios cerrados, no prender braseros, velas o inciensos. En el caso de las embarazadas y personas que pertenecen a grupos de mayor riesgo, como ni\u00f1os, ni\u00f1as, ancianos, pacientes asm\u00e1ticos o con enfermedad pulmonar obstructiva cr\u00f3nica, salir del domicilio y trasladarse a una zona menos contaminada\u201d, agreg\u00f3 Orrego.<\/p>\n<p style=\"text-align: justify;\">El experto puntualiz\u00f3 que \u201ces necesario consultar en centro de atenci\u00f3n de salud en caso de compromiso del estado de conciencia; mareos, v\u00f3mitos, debilidad; tos persistente; dificultad para respirar; silbidos al respirar y conjuntivitis o sensaci\u00f3n de arena en el ojo\u201d.<\/p>\n<p style=\"text-align: justify;\">Ante el eventual aumento de consultas por este motivo, Orrego record\u00f3 la necesidad de usar de la mejor forma la Red Asistencial, acudiendo en primer lugar hasta el consultorio m\u00e1s cercano a su domicilio, desde donde ser\u00e1 derivado al Hospital en caso de ser necesario. Lo esencial es que las personas tomen conciencia y se cuiden durante estos d\u00edas de altas temperaturas.<\/p>\n<p style=\"text-align: justify;\">Para m\u00e1s informaci\u00f3n los usuarios y usuarias tambi\u00e9n pueden llamar al tel\u00e9fono de salud responde 600 360 7777.<\/p>\n","protected":false},"excerpt":{"rendered":"<p>Martes 24 de enero 2017: A los 42 grados pronosticados para esta semana en la Provincia, se suma la situaci\u00f3n ocasionada por los incendios forestales en la zona. Por ello, la invitaci\u00f3n es a&#46;&#46;&#46;<\/p>\n","protected":false},"author":2,"featured_media":17615,"comment_status":"open","ping_status":"open","sticky":false,"template":"","format":"standard","meta":{"footnotes":""},"categories":[3,1],"tags":[1115,8,6,117],"class_list":["post-17614","post","type-post","status-publish","format-standard","has-post-thumbnail","hentry","category-actualidad","category-noticias","tag-noticias","tag-yungay","tag-yungayino","tag-yungayinocl"],"_links":{"self":[{"href":"https:\/\/www.yungayino.cl\/noticias\/index.php?rest_route=\/wp\/v2\/posts\/17614","targetHints":{"allow":["GET"]}}],"collection":[{"href":"https:\/\/www.yungayino.cl\/noticias\/index.php?rest_route=\/wp\/v2\/posts"}],"about":[{"href":"https:\/\/www.yungayino.cl\/noticias\/index.php?rest_route=\/wp\/v2\/types\/post"}],"author":[{"embeddable":true,"href":"https:\/\/www.yungayino.cl\/noticias\/index.php?rest_route=\/wp\/v2\/users\/2"}],"replies":[{"embeddable":true,"href":"https:\/\/www.yungayino.cl\/noticias\/index.php?rest_route=%2Fwp%2Fv2%2Fcomments&post=17614"}],"version-history":[{"count":1,"href":"https:\/\/www.yungayino.cl\/noticias\/index.php?rest_route=\/wp\/v2\/posts\/17614\/revisions"}],"predecessor-version":[{"id":17616,"href":"https:\/\/www.yungayino.cl\/noticias\/index.php?rest_route=\/wp\/v2\/posts\/17614\/revisions\/17616"}],"wp:featuredmedia":[{"embeddable":true,"href":"https:\/\/www.yungayino.cl\/noticias\/index.php?rest_route=\/wp\/v2\/media\/17615"}],"wp:attachment":[{"href":"https:\/\/www.yungayino.cl\/noticias\/index.php?rest_route=%2Fwp%2Fv2%2Fmedia&parent=17614"}],"wp:term":[{"taxonomy":"category","embeddable":true,"href":"https:\/\/www.yungayino.cl\/noticias\/index.php?rest_route=%2Fwp%2Fv2%2Fcategories&post=17614"},{"taxonomy":"post_tag","embeddable":true,"href":"https:\/\/www.yungayino.cl\/noticias\/index.php?rest_route=%2Fwp%2Fv2%2Ftags&post=17614"}],"curies":[{"name":"wp","href":"https:\/\/api.w.org\/{rel}","templated":true}]}}