{"id":17627,"date":"2017-01-28T15:30:39","date_gmt":"2017-01-28T18:30:39","guid":{"rendered":"http:\/\/www.yungayino.cl\/noticias\/?p=17627"},"modified":"2017-01-28T16:16:55","modified_gmt":"2017-01-28T19:16:55","slug":"decretan-prision-preventiva-para-mujer-por-incendios-en-sector-el-roble-de-yungay","status":"publish","type":"post","link":"https:\/\/www.yungayino.cl\/noticias\/?p=17627","title":{"rendered":"Decretan Prisi\u00f3n Preventiva para Mujer por Incendios en Sector El Roble de Yungay"},"content":{"rendered":"<p><img loading=\"lazy\" decoding=\"async\" class=\"alignnone size-full wp-image-17628\" src=\"http:\/\/www.yungayino.cl\/noticias\/wp-content\/uploads\/2017\/01\/incendio_elroble_201701.jpg\" alt=\"\" width=\"700\" height=\"554\" srcset=\"https:\/\/www.yungayino.cl\/noticias\/wp-content\/uploads\/2017\/01\/incendio_elroble_201701.jpg 700w, https:\/\/www.yungayino.cl\/noticias\/wp-content\/uploads\/2017\/01\/incendio_elroble_201701-300x237.jpg 300w, https:\/\/www.yungayino.cl\/noticias\/wp-content\/uploads\/2017\/01\/incendio_elroble_201701-190x150.jpg 190w\" sizes=\"auto, (max-width: 700px) 100vw, 700px\" \/><\/p>\n<p style=\"text-align: justify;\">Yungay, s\u00e1bado de 28 enero 2017: El d\u00eda de ayer una mujer fue detenida por efectivos de&nbsp;<strong>Polic\u00eda de Investigaciones de \u00d1uble<\/strong><strong>,<\/strong> quien confes\u00f3 haber provocado uno de los focos de incendio en la comuna de&nbsp;<strong>Yungay<\/strong>. Tras ser arrestada por parte de la polic\u00eda uniformada,&nbsp;entreg\u00f3 un encendedor y datos que confirmar\u00edan su participaci\u00f3n en el siniestro.<\/p>\n<p style=\"text-align: justify;\">Adem\u00e1s, autoridades de la zona indicaron que en su detenci\u00f3n en el cuartel de la&nbsp;<strong>PDI<\/strong>&nbsp;confes\u00f3 su autor\u00eda. Adem\u00e1s indicaron que, seg\u00fan su declaraci\u00f3n \u00abno tiene motivaciones pol\u00edticas, sino que fue una motivaci\u00f3n personal de ella\u00bb.<\/p>\n<p style=\"text-align: justify;\">El Juzgado de Garant\u00eda de Yungay decret\u00f3 prisi\u00f3n preventiva para Anal\u00eda Yasmira Pacheco Ram\u00edrez de 26 a\u00f1os, mientras dure la investigaci\u00f3n de cuatro meses por los casos de incendios que afectaron al Sector El Roble de Yungay y donde la acusada confes\u00f3 su participaci\u00f3n.<\/p>\n<p style=\"text-align: justify;\">&nbsp;<\/p>\n<p style=\"text-align: justify;\">La propia imputada en su declaraci\u00f3n ante la polic\u00eda confes\u00f3 la autor\u00eda de dos incendios en el sector El Roble. \u00abSaqu\u00e9 mi encendedor, junt\u00e9 basura seca y prend\u00ed fuego al pasto seco que hab\u00eda ah\u00ed\u00bb fueron algunas frases de la declaraci\u00f3n que el fiscal ley\u00f3 en la audiencia.<\/p>\n<p style=\"text-align: justify;\">&nbsp;<\/p>\n<p style=\"text-align: justify;\">El fiscal resalt\u00f3, al justificar su petici\u00f3n de prisi\u00f3n preventiva, que la imputada est\u00e1 confesa, que es un peligro para la seguridad de la sociedad, que arriesga una pena alta (5 a\u00f1os y un d\u00eda a 20 a\u00f1os de c\u00e1rcel), que enfrenta dos delitos de incendio y que el delito se cometi\u00f3 estando vigente el Estado de Cat\u00e1strofe. Esto \u00faltimo, es considerado un agravante.<\/p>\n<p style=\"text-align: justify;\">&nbsp;<\/p>\n<p style=\"text-align: justify;\">Seg\u00fan la propia declaraci\u00f3n de la imputada, ayer en la ma\u00f1ana prendi\u00f3 fuego en un predio de propiedad de Forestal Arauco, donde resultaron da\u00f1ados 400 metros cuadrados de pino de 8 a\u00f1os avaluado en 500 mil pesos. Posteriormente, realiz\u00f3 la misma acci\u00f3n en el terreno de un vecino de ella, lo que da\u00f1\u00f3 1.050 metros cuadrados de matorrales.<\/p>\n<p style=\"text-align: justify;\">&nbsp;<\/p>\n<p style=\"text-align: justify;\">Fuente: http:\/\/www.soychile.cl\/chillan\/<\/p>\n<p>&nbsp;<\/p>\n","protected":false},"excerpt":{"rendered":"<p>Yungay, s\u00e1bado de 28 enero 2017: El d\u00eda de ayer una mujer fue detenida por efectivos de&nbsp;Polic\u00eda de Investigaciones de \u00d1uble, quien confes\u00f3 haber provocado uno de los focos de incendio en la comuna&#46;&#46;&#46;<\/p>\n","protected":false},"author":2,"featured_media":17628,"comment_status":"open","ping_status":"open","sticky":false,"template":"","format":"standard","meta":{"footnotes":""},"categories":[3,1],"tags":[1291,445,1115,8,6,117],"class_list":["post-17627","post","type-post","status-publish","format-standard","has-post-thumbnail","hentry","category-actualidad","category-noticias","tag-el-roble","tag-incendios","tag-noticias","tag-yungay","tag-yungayino","tag-yungayinocl"],"_links":{"self":[{"href":"https:\/\/www.yungayino.cl\/noticias\/index.php?rest_route=\/wp\/v2\/posts\/17627","targetHints":{"allow":["GET"]}}],"collection":[{"href":"https:\/\/www.yungayino.cl\/noticias\/index.php?rest_route=\/wp\/v2\/posts"}],"about":[{"href":"https:\/\/www.yungayino.cl\/noticias\/index.php?rest_route=\/wp\/v2\/types\/post"}],"author":[{"embeddable":true,"href":"https:\/\/www.yungayino.cl\/noticias\/index.php?rest_route=\/wp\/v2\/users\/2"}],"replies":[{"embeddable":true,"href":"https:\/\/www.yungayino.cl\/noticias\/index.php?rest_route=%2Fwp%2Fv2%2Fcomments&post=17627"}],"version-history":[{"count":1,"href":"https:\/\/www.yungayino.cl\/noticias\/index.php?rest_route=\/wp\/v2\/posts\/17627\/revisions"}],"predecessor-version":[{"id":17629,"href":"https:\/\/www.yungayino.cl\/noticias\/index.php?rest_route=\/wp\/v2\/posts\/17627\/revisions\/17629"}],"wp:featuredmedia":[{"embeddable":true,"href":"https:\/\/www.yungayino.cl\/noticias\/index.php?rest_route=\/wp\/v2\/media\/17628"}],"wp:attachment":[{"href":"https:\/\/www.yungayino.cl\/noticias\/index.php?rest_route=%2Fwp%2Fv2%2Fmedia&parent=17627"}],"wp:term":[{"taxonomy":"category","embeddable":true,"href":"https:\/\/www.yungayino.cl\/noticias\/index.php?rest_route=%2Fwp%2Fv2%2Fcategories&post=17627"},{"taxonomy":"post_tag","embeddable":true,"href":"https:\/\/www.yungayino.cl\/noticias\/index.php?rest_route=%2Fwp%2Fv2%2Ftags&post=17627"}],"curies":[{"name":"wp","href":"https:\/\/api.w.org\/{rel}","templated":true}]}}