{"id":17631,"date":"2017-01-30T15:00:56","date_gmt":"2017-01-30T18:00:56","guid":{"rendered":"http:\/\/www.yungayino.cl\/noticias\/?p=17631"},"modified":"2017-01-30T22:57:47","modified_gmt":"2017-01-31T01:57:47","slug":"empresas-arauco-detalla-despliegue-de-brigadas-y-apoyo-aereo-en-dos-regiones","status":"publish","type":"post","link":"https:\/\/www.yungayino.cl\/noticias\/?p=17631","title":{"rendered":"Empresas ARAUCO Detalla Despliegue de Brigadas y Apoyo A\u00e9reo en Dos Regiones"},"content":{"rendered":"<p><img loading=\"lazy\" decoding=\"async\" class=\"alignnone size-full wp-image-17632\" src=\"http:\/\/www.yungayino.cl\/noticias\/wp-content\/uploads\/2017\/01\/brigada_incendios.jpg\" alt=\"\" width=\"700\" height=\"380\" srcset=\"https:\/\/www.yungayino.cl\/noticias\/wp-content\/uploads\/2017\/01\/brigada_incendios.jpg 700w, https:\/\/www.yungayino.cl\/noticias\/wp-content\/uploads\/2017\/01\/brigada_incendios-300x163.jpg 300w, https:\/\/www.yungayino.cl\/noticias\/wp-content\/uploads\/2017\/01\/brigada_incendios-276x150.jpg 276w\" sizes=\"auto, (max-width: 700px) 100vw, 700px\" \/><\/p>\n<p style=\"text-align: justify;\">Yungay, lunes 30 de enero 2017: En Comunicado de Prensa, Empresas Arauco detalla las acciones que ha desarrollado la empresa a ra\u00edz de la cat\u00e1strofe que est\u00e1 afectando a la zona centro-sur del pa\u00eds.<\/p>\n<p style=\"text-align: justify;\">Empresas Arauco, ha combatido <strong>838 <\/strong>incendios forestales desde el inicio de la temporada a hoy, 29 de enero, un tercio de ellos apoyando a propietarios particulares y conjuntos habitacionales. La inversi\u00f3n total para enfrentar los incendios forestales es de 16 mil 250 millones de pesos (25 millones de d\u00f3lares), lo cual nos permite disponer de 8 aviones, 10 helic\u00f3pteros, 1.300 brigadistas, 55 maquinarias destinadas para hacer cortafuego y transportar agua, 120 torres de vigilancia y 19 pistas de aterrizaje.<\/p>\n<p style=\"text-align: justify;\">La distribuci\u00f3n de recursos para el combate realizado el d\u00eda de hoy (29 Enero 2017) es la siguiente:<\/p>\n<p style=\"text-align: justify;\"><strong><u>Regi\u00f3n del Maule:<\/u><\/strong><\/p>\n<p style=\"text-align: justify;\"><strong>7 focos<\/strong> en las comunas de Linares, Colb\u00fan, Licant\u00e9n, Curepto, Constictuci\u00f3n, Cauquenes, San Javier.<\/p>\n<ul style=\"text-align: justify;\">\n<li>110 Brigadistas<\/li>\n<li>18 M\u00e1quinas Skidder (generaci\u00f3n de cortafuego)<\/li>\n<li>12 Camiones Aljibes (abastecimiento de agua y protecci\u00f3n)<\/li>\n<li>11 veh\u00edculos protecci\u00f3n incendios<\/li>\n<\/ul>\n<p style=\"text-align: justify;\"><strong><u>Regi\u00f3n del B\u00edo B\u00edo: <\/u><\/strong><\/p>\n<p style=\"text-align: justify;\"><strong>13 focos<\/strong> en las comunas de: Florida, Hualqui, Penco, Concepci\u00f3n, Portezuelo, Quirihue, Coelemu, San Nicol\u00e1s.<\/p>\n<ul style=\"text-align: justify;\">\n<li>250 Brigadistas<\/li>\n<li>18 M\u00e1quinas Skidder (generaci\u00f3n de cortafuego)<\/li>\n<li>22 Camiones Aljibes (abastecimiento de agua y protecci\u00f3n)<\/li>\n<li>4 veh\u00edculos protecci\u00f3n incendios<\/li>\n<\/ul>\n<p style=\"text-align: justify;\">&nbsp;<\/p>\n<p style=\"text-align: justify;\">Los 10 helic\u00f3pteros y 8 aviones est\u00e1n din\u00e1micamente combatiendo entre la regi\u00f3n de El Maule y Biob\u00edo.<\/p>\n<p style=\"text-align: justify;\">Actualmente nuestro principal esfuerzo est\u00e1 en contribuir en el control de la cat\u00e1strofe en las zonas afectadas desplegando todos nuestros recursos y experiencia en el manejo de crisis. A su vez estamos trabajando junto a las autoridades y organizaciones sociales para enfrentar este duro momento. Somos parte de estas regiones y permaneceremos en ellas, por lo que estamos convencidos que la acci\u00f3n com\u00fan en esta emergencia nos permitir\u00e1 salir adelante.<\/p>\n<p>&nbsp;<\/p>\n","protected":false},"excerpt":{"rendered":"<p>Yungay, lunes 30 de enero 2017: En Comunicado de Prensa, Empresas Arauco detalla las acciones que ha desarrollado la empresa a ra\u00edz de la cat\u00e1strofe que est\u00e1 afectando a la zona centro-sur del pa\u00eds.&#46;&#46;&#46;<\/p>\n","protected":false},"author":2,"featured_media":17632,"comment_status":"open","ping_status":"open","sticky":false,"template":"","format":"standard","meta":{"footnotes":""},"categories":[3,1],"tags":[747,1115,8,6,117],"class_list":["post-17631","post","type-post","status-publish","format-standard","has-post-thumbnail","hentry","category-actualidad","category-noticias","tag-empresa-arauco","tag-noticias","tag-yungay","tag-yungayino","tag-yungayinocl"],"_links":{"self":[{"href":"https:\/\/www.yungayino.cl\/noticias\/index.php?rest_route=\/wp\/v2\/posts\/17631","targetHints":{"allow":["GET"]}}],"collection":[{"href":"https:\/\/www.yungayino.cl\/noticias\/index.php?rest_route=\/wp\/v2\/posts"}],"about":[{"href":"https:\/\/www.yungayino.cl\/noticias\/index.php?rest_route=\/wp\/v2\/types\/post"}],"author":[{"embeddable":true,"href":"https:\/\/www.yungayino.cl\/noticias\/index.php?rest_route=\/wp\/v2\/users\/2"}],"replies":[{"embeddable":true,"href":"https:\/\/www.yungayino.cl\/noticias\/index.php?rest_route=%2Fwp%2Fv2%2Fcomments&post=17631"}],"version-history":[{"count":1,"href":"https:\/\/www.yungayino.cl\/noticias\/index.php?rest_route=\/wp\/v2\/posts\/17631\/revisions"}],"predecessor-version":[{"id":17633,"href":"https:\/\/www.yungayino.cl\/noticias\/index.php?rest_route=\/wp\/v2\/posts\/17631\/revisions\/17633"}],"wp:featuredmedia":[{"embeddable":true,"href":"https:\/\/www.yungayino.cl\/noticias\/index.php?rest_route=\/wp\/v2\/media\/17632"}],"wp:attachment":[{"href":"https:\/\/www.yungayino.cl\/noticias\/index.php?rest_route=%2Fwp%2Fv2%2Fmedia&parent=17631"}],"wp:term":[{"taxonomy":"category","embeddable":true,"href":"https:\/\/www.yungayino.cl\/noticias\/index.php?rest_route=%2Fwp%2Fv2%2Fcategories&post=17631"},{"taxonomy":"post_tag","embeddable":true,"href":"https:\/\/www.yungayino.cl\/noticias\/index.php?rest_route=%2Fwp%2Fv2%2Ftags&post=17631"}],"curies":[{"name":"wp","href":"https:\/\/api.w.org\/{rel}","templated":true}]}}