{"id":17659,"date":"2017-02-13T10:00:06","date_gmt":"2017-02-13T13:00:06","guid":{"rendered":"http:\/\/www.yungayino.cl\/noticias\/?p=17659"},"modified":"2017-02-13T12:56:33","modified_gmt":"2017-02-13T15:56:33","slug":"ceremonia-de-cierre-escuela-de-verano-se-realizo-en-yungay","status":"publish","type":"post","link":"https:\/\/www.yungayino.cl\/noticias\/?p=17659","title":{"rendered":"Ceremonia de Cierre \u201cEscuela de Verano\u201d se Realiz\u00f3 en Yungay"},"content":{"rendered":"<p><img loading=\"lazy\" decoding=\"async\" class=\"alignnone size-full wp-image-17660\" src=\"http:\/\/www.yungayino.cl\/noticias\/wp-content\/uploads\/2017\/02\/cierre_escuela_verano_2017.jpg\" alt=\"\" height=\"377\" width=\"700\" srcset=\"https:\/\/www.yungayino.cl\/noticias\/wp-content\/uploads\/2017\/02\/cierre_escuela_verano_2017.jpg 700w, https:\/\/www.yungayino.cl\/noticias\/wp-content\/uploads\/2017\/02\/cierre_escuela_verano_2017-300x162.jpg 300w, https:\/\/www.yungayino.cl\/noticias\/wp-content\/uploads\/2017\/02\/cierre_escuela_verano_2017-279x150.jpg 279w\" sizes=\"auto, (max-width: 700px) 100vw, 700px\" \/><\/p>\n<p style=\"text-align: justify;\">Yungay, lunes 13 de febrero 2017: En el Auditorio de la Biblioteca P\u00fablica se llev\u00f3 a cabo la Ceremonia de Cierre de la Escuela de Verano 2017 el pasado mi\u00e9rcoles 08 para hijos de Mujeres Trabajadoras de Campanario y Yungay. Este programa que favoreci\u00f3 a m\u00e1s de 60 ni\u00f1os y ni\u00f1as y que fue implementado al igual que otros a\u00f1os por la Municipalidad en convenio con otras instituciones p\u00fablicas como el Ministerio de Desarrollo Social, IND y Junaeb con la finalidad de contribuir al cuidado, entretenci\u00f3n, protecci\u00f3n y recreaci\u00f3n de ni\u00f1os y ni\u00f1as, cuyas madres se dedican a la actividades de trabajos de la temporada y as\u00ed puedan trabajar adecuadamente, y que sus hijos permanezcan en un ambiente de seguridad y protecci\u00f3n.<\/p>\n<p style=\"text-align: justify;\">&nbsp;<\/p>\n<p style=\"text-align: justify;\"><iframe loading=\"lazy\" style=\"border: none; overflow: hidden;\" src=\"https:\/\/www.facebook.com\/plugins\/post.php?href=https:\/\/www.facebook.com\/media\/set\/?set=a.1577455898936110.1073743032.159561284058919&amp;type=1&amp;l=aa0346b69c&amp;l=a77e327dc6&amp;l=f5951f1994&amp;l=bfecbb8adf&amp;l=687b6bf5da&amp;width=500&amp;show_text=true&amp;height=691&amp;appId\" scrolling=\"no\" height=\"691\" frameborder=\"0\" width=\"500\"><\/iframe><\/p>\n<p style=\"text-align: justify;\">&nbsp;La Escuela de Verano se desarroll\u00f3 todos los d\u00edas en el Liceo Yungay desde el 9 de enero 2017 con jornadas que iban desde las 08:30 hasta las 17:30 horas, donde todos los ni\u00f1os(as) recib\u00edan desayuno, almuerzo y una colaci\u00f3n, adem\u00e1s de locomoci\u00f3n para los que vienen de la localidad de Campanario, destacar el apoyo de profesionales como Gonzalo Bizama, Paulina Arteaga, Damaris Sandoval, Sebasti\u00e1n Medina, Gonzalo Rojas, Mat\u00edas Carrasco y Alejandra Cifuentes, quienes los acompa\u00f1aron durante toda la realizaci\u00f3n de la Escuela de Verano.<\/p>\n<p style=\"text-align: justify;\">Finalmente la ceremonia termino con un coctel especialmente preparado para los ni\u00f1os (as).<\/p>\n<p style=\"text-align: justify;\">&nbsp;<\/p>\n<p style=\"text-align: justify;\">[su_button url=\u00bbhttps:\/\/www.facebook.com\/media\/set\/?set=a.1577455898936110.1073743032.159561284058919&amp;type=1&amp;l=aa0346b69c\u00bb target=\u00bbblank\u00bb size=\u00bb7&#8243; radius=\u00bbround\u00bb icon=\u00bbicon: facebook-square\u00bb]FOTOGRAF\u00cdAS &#8211; Ceremonia de Cierre \u201cEscuela de Verano\u201d se Realiz\u00f3 en Yungay[\/su_button]<\/p>\n","protected":false},"excerpt":{"rendered":"<p>Yungay, lunes 13 de febrero 2017: En el Auditorio de la Biblioteca P\u00fablica se llev\u00f3 a cabo la Ceremonia de Cierre de la Escuela de Verano 2017 el pasado mi\u00e9rcoles 08 para hijos de&#46;&#46;&#46;<\/p>\n","protected":false},"author":2,"featured_media":17660,"comment_status":"open","ping_status":"open","sticky":false,"template":"","format":"standard","meta":{"footnotes":""},"categories":[1],"tags":[638,1115,8,6,117],"class_list":["post-17659","post","type-post","status-publish","format-standard","has-post-thumbnail","hentry","category-noticias","tag-escuela-de-verano","tag-noticias","tag-yungay","tag-yungayino","tag-yungayinocl"],"_links":{"self":[{"href":"https:\/\/www.yungayino.cl\/noticias\/index.php?rest_route=\/wp\/v2\/posts\/17659","targetHints":{"allow":["GET"]}}],"collection":[{"href":"https:\/\/www.yungayino.cl\/noticias\/index.php?rest_route=\/wp\/v2\/posts"}],"about":[{"href":"https:\/\/www.yungayino.cl\/noticias\/index.php?rest_route=\/wp\/v2\/types\/post"}],"author":[{"embeddable":true,"href":"https:\/\/www.yungayino.cl\/noticias\/index.php?rest_route=\/wp\/v2\/users\/2"}],"replies":[{"embeddable":true,"href":"https:\/\/www.yungayino.cl\/noticias\/index.php?rest_route=%2Fwp%2Fv2%2Fcomments&post=17659"}],"version-history":[{"count":2,"href":"https:\/\/www.yungayino.cl\/noticias\/index.php?rest_route=\/wp\/v2\/posts\/17659\/revisions"}],"predecessor-version":[{"id":17662,"href":"https:\/\/www.yungayino.cl\/noticias\/index.php?rest_route=\/wp\/v2\/posts\/17659\/revisions\/17662"}],"wp:featuredmedia":[{"embeddable":true,"href":"https:\/\/www.yungayino.cl\/noticias\/index.php?rest_route=\/wp\/v2\/media\/17660"}],"wp:attachment":[{"href":"https:\/\/www.yungayino.cl\/noticias\/index.php?rest_route=%2Fwp%2Fv2%2Fmedia&parent=17659"}],"wp:term":[{"taxonomy":"category","embeddable":true,"href":"https:\/\/www.yungayino.cl\/noticias\/index.php?rest_route=%2Fwp%2Fv2%2Fcategories&post=17659"},{"taxonomy":"post_tag","embeddable":true,"href":"https:\/\/www.yungayino.cl\/noticias\/index.php?rest_route=%2Fwp%2Fv2%2Ftags&post=17659"}],"curies":[{"name":"wp","href":"https:\/\/api.w.org\/{rel}","templated":true}]}}