{"id":17675,"date":"2017-02-15T22:00:55","date_gmt":"2017-02-16T01:00:55","guid":{"rendered":"http:\/\/www.yungayino.cl\/noticias\/?p=17675"},"modified":"2017-02-15T23:52:53","modified_gmt":"2017-02-16T02:52:53","slug":"en-bulnes-se-realizara-la-xv-version-de-la-gran-trilla-a-yegua-suelta","status":"publish","type":"post","link":"https:\/\/www.yungayino.cl\/noticias\/?p=17675","title":{"rendered":"En Bulnes se Realizara la \u201cXV Versi\u00f3n de la Gran Trilla a Yegua Suelta\u201d"},"content":{"rendered":"<p><img loading=\"lazy\" decoding=\"async\" class=\"alignnone size-full wp-image-17676\" src=\"http:\/\/www.yungayino.cl\/noticias\/wp-content\/uploads\/2017\/02\/trilla_bulnes_201702.jpg\" alt=\"\" width=\"700\" height=\"418\" srcset=\"https:\/\/www.yungayino.cl\/noticias\/wp-content\/uploads\/2017\/02\/trilla_bulnes_201702.jpg 700w, https:\/\/www.yungayino.cl\/noticias\/wp-content\/uploads\/2017\/02\/trilla_bulnes_201702-300x179.jpg 300w, https:\/\/www.yungayino.cl\/noticias\/wp-content\/uploads\/2017\/02\/trilla_bulnes_201702-251x150.jpg 251w\" sizes=\"auto, (max-width: 700px) 100vw, 700px\" \/><\/p>\n<p style=\"text-align: justify;\">Bulnes, mi\u00e9rcoles 15 de febrero 2017: La Ilustre Municipalidad de Bulnes, convoca a la versi\u00f3n n\u00famero quince de la <strong>\u201cTrilla a Yegua Suelta 2017\u201d<\/strong>, evento que se realizar\u00e1 en el recinto municipal Cancha Yanine durante los d\u00edas viernes 17, s\u00e1bado 18 y domingo 19 de febrero y que al igual que a\u00f1os anteriores presentar\u00e1 un espect\u00e1culo de primer nivel.<\/p>\n<p style=\"text-align: justify;\">El prop\u00f3sito de esta Trilla es estimular la m\u00fasica criolla, intensificando de esta manera el cultivo de las relaciones culturales y art\u00edsticas de nuestro campo Chileno, pero tambi\u00e9n de mantener viva esta tradici\u00f3n y darla a conocer a las nuevas generaciones y as\u00ed fomentar el turismo estival en la comuna.<\/p>\n<p style=\"text-align: justify;\">Mucha comida t\u00edpica, la presencia de cantoras y cantores populares de la zona y las infaltables rancheras que tanto gustan en el campo, son algunos de los principales ingredientes de esta jornada la cual busca convocar a la mayor cantidad de p\u00fablico para que participen de esta fiesta gratuita.<\/p>\n<p style=\"text-align: justify;\">Finalmente destacar que las actividades de esta trilla se iniciar\u00e1n a las 20:00 horas del d\u00eda viernes 17, finalizando aproximadamente a las 00:00 horas del d\u00eda domingo 19 de febrero.<\/p>\n<p><img loading=\"lazy\" decoding=\"async\" class=\"size-full wp-image-17678 aligncenter\" src=\"http:\/\/www.yungayino.cl\/noticias\/wp-content\/uploads\/2017\/02\/unnamed.jpg\" alt=\"\" width=\"385\" height=\"589\" srcset=\"https:\/\/www.yungayino.cl\/noticias\/wp-content\/uploads\/2017\/02\/unnamed.jpg 385w, https:\/\/www.yungayino.cl\/noticias\/wp-content\/uploads\/2017\/02\/unnamed-196x300.jpg 196w, https:\/\/www.yungayino.cl\/noticias\/wp-content\/uploads\/2017\/02\/unnamed-98x150.jpg 98w\" sizes=\"auto, (max-width: 385px) 100vw, 385px\" \/><\/p>\n","protected":false},"excerpt":{"rendered":"<p>Bulnes, mi\u00e9rcoles 15 de febrero 2017: La Ilustre Municipalidad de Bulnes, convoca a la versi\u00f3n n\u00famero quince de la \u201cTrilla a Yegua Suelta 2017\u201d, evento que se realizar\u00e1 en el recinto municipal Cancha Yanine&#46;&#46;&#46;<\/p>\n","protected":false},"author":2,"featured_media":17676,"comment_status":"open","ping_status":"open","sticky":false,"template":"","format":"standard","meta":{"footnotes":""},"categories":[1],"tags":[796,1115,318,8,6,117],"class_list":["post-17675","post","type-post","status-publish","format-standard","has-post-thumbnail","hentry","category-noticias","tag-bulnes","tag-noticias","tag-trilla","tag-yungay","tag-yungayino","tag-yungayinocl"],"_links":{"self":[{"href":"https:\/\/www.yungayino.cl\/noticias\/index.php?rest_route=\/wp\/v2\/posts\/17675","targetHints":{"allow":["GET"]}}],"collection":[{"href":"https:\/\/www.yungayino.cl\/noticias\/index.php?rest_route=\/wp\/v2\/posts"}],"about":[{"href":"https:\/\/www.yungayino.cl\/noticias\/index.php?rest_route=\/wp\/v2\/types\/post"}],"author":[{"embeddable":true,"href":"https:\/\/www.yungayino.cl\/noticias\/index.php?rest_route=\/wp\/v2\/users\/2"}],"replies":[{"embeddable":true,"href":"https:\/\/www.yungayino.cl\/noticias\/index.php?rest_route=%2Fwp%2Fv2%2Fcomments&post=17675"}],"version-history":[{"count":3,"href":"https:\/\/www.yungayino.cl\/noticias\/index.php?rest_route=\/wp\/v2\/posts\/17675\/revisions"}],"predecessor-version":[{"id":17680,"href":"https:\/\/www.yungayino.cl\/noticias\/index.php?rest_route=\/wp\/v2\/posts\/17675\/revisions\/17680"}],"wp:featuredmedia":[{"embeddable":true,"href":"https:\/\/www.yungayino.cl\/noticias\/index.php?rest_route=\/wp\/v2\/media\/17676"}],"wp:attachment":[{"href":"https:\/\/www.yungayino.cl\/noticias\/index.php?rest_route=%2Fwp%2Fv2%2Fmedia&parent=17675"}],"wp:term":[{"taxonomy":"category","embeddable":true,"href":"https:\/\/www.yungayino.cl\/noticias\/index.php?rest_route=%2Fwp%2Fv2%2Fcategories&post=17675"},{"taxonomy":"post_tag","embeddable":true,"href":"https:\/\/www.yungayino.cl\/noticias\/index.php?rest_route=%2Fwp%2Fv2%2Ftags&post=17675"}],"curies":[{"name":"wp","href":"https:\/\/api.w.org\/{rel}","templated":true}]}}