{"id":17695,"date":"2017-03-03T15:00:47","date_gmt":"2017-03-03T18:00:47","guid":{"rendered":"http:\/\/www.yungayino.cl\/noticias\/?p=17695"},"modified":"2017-03-03T19:57:17","modified_gmt":"2017-03-03T22:57:17","slug":"finalizo-la-xv-version-de-la-feria-costumbrista-2017-en-yungay","status":"publish","type":"post","link":"https:\/\/www.yungayino.cl\/noticias\/?p=17695","title":{"rendered":"Finalizo la XV Versi\u00f3n de la \u201cFeria Costumbrista 2017\u201d en Yungay"},"content":{"rendered":"<p><img loading=\"lazy\" decoding=\"async\" class=\"alignnone size-full wp-image-17696\" src=\"http:\/\/www.yungayino.cl\/noticias\/wp-content\/uploads\/2017\/03\/final_feria_costumbrista_2017.jpg\" alt=\"\" width=\"700\" height=\"393\" srcset=\"https:\/\/www.yungayino.cl\/noticias\/wp-content\/uploads\/2017\/03\/final_feria_costumbrista_2017.jpg 700w, https:\/\/www.yungayino.cl\/noticias\/wp-content\/uploads\/2017\/03\/final_feria_costumbrista_2017-300x168.jpg 300w, https:\/\/www.yungayino.cl\/noticias\/wp-content\/uploads\/2017\/03\/final_feria_costumbrista_2017-267x150.jpg 267w\" sizes=\"auto, (max-width: 700px) 100vw, 700px\" \/><\/p>\n<p style=\"text-align: justify;\">Yungay, viernes 03 marzo 2017: Con sabores, aromas y tradiciones de nuestra tierra finalizo el pasado domingo la XV Versi\u00f3n de la \u201cFeria Costumbrista 2017\u201d en Yungay.<\/p>\n<p style=\"text-align: justify;\">&nbsp;<\/p>\n<p style=\"text-align: justify;\"><iframe loading=\"lazy\" src=\"https:\/\/www.facebook.com\/plugins\/post.php?href=https:\/\/www.facebook.com\/media\/set\/?set=a.1596502660364767.1073743036.159561284058919&#038;type=1&#038;l=6163a04685&#038;l=a77e327dc6&#038;l=f5951f1994&#038;l=bfecbb8adf&#038;l=687b6bf5da&#038;width=500&#038;show_text=true&#038;height=691&#038;appId\" width=\"500\" height=\"691\" style=\"border:none;overflow:hidden\" scrolling=\"no\" frameborder=\"0\" allowTransparency=\"true\"><\/iframe>\n<\/p>\n<p style=\"text-align: justify;\">&nbsp;<\/p>\n<p style=\"text-align: justify;\">Destacar que durante una semana 60 stand y 4 cociner\u00edas estuvieron disponibles para los yungayinos y visitantes, adem\u00e1s de contar con show todas las noches, donde se cont\u00f3 con la animaci\u00f3n de Alejandra Guajardo, quien el viernes 24 present\u00f3 a <strong>\u201cLa Reina Isabel\u201d<\/strong> y <strong>\u201cSol y Lluvia<\/strong>\u201d, para luego continuar con la participaci\u00f3n el s\u00e1bado 25 de los Adultos Mayores representado por el Grupo <strong>\u201cAndalican\u201d<\/strong>, tambi\u00e9n se presentaron <strong>\u201cFusi\u00f3n Andina\u201d<\/strong> y los <strong>\u201cCuatreos del Folclor\u201d.<\/strong><\/p>\n<p style=\"text-align: justify;\">Finalmente la \u00faltima jornada concluyo con la destacada participaci\u00f3n de <strong>\u201cLas Capitalinas\u201d<\/strong><\/p>\n<p style=\"text-align: justify;\"><strong>&nbsp;<\/strong><\/p>\n<p style=\"text-align: justify;\">[su_button url=\u00bbhttps:\/\/www.facebook.com\/media\/set\/?set=a.1596502660364767.1073743036.159561284058919&amp;type=1&amp;l=6163a04685&#8243; target=\u00bbblank\u00bb size=\u00bb7&#8243; radius=\u00bbround\u00bb icon=\u00bbicon: facebook-square\u00bb]FOTOGRAF\u00cdAS &#8211; Finalizo la XV Versi\u00f3n de la \u201cFeria Costumbrista 2017\u201d&nbsp; en Yungay[\/su_button]<\/p>\n","protected":false},"excerpt":{"rendered":"<p>Yungay, viernes 03 marzo 2017: Con sabores, aromas y tradiciones de nuestra tierra finalizo el pasado domingo la XV Versi\u00f3n de la \u201cFeria Costumbrista 2017\u201d en Yungay. &nbsp; &nbsp; Destacar que durante una semana&#46;&#46;&#46;<\/p>\n","protected":false},"author":2,"featured_media":17696,"comment_status":"open","ping_status":"open","sticky":false,"template":"","format":"standard","meta":{"footnotes":""},"categories":[5,1],"tags":[24,1115,1523,8,6,117],"class_list":["post-17695","post","type-post","status-publish","format-standard","has-post-thumbnail","hentry","category-eventos","category-noticias","tag-feria-costumbrista","tag-noticias","tag-xv-version","tag-yungay","tag-yungayino","tag-yungayinocl"],"_links":{"self":[{"href":"https:\/\/www.yungayino.cl\/noticias\/index.php?rest_route=\/wp\/v2\/posts\/17695","targetHints":{"allow":["GET"]}}],"collection":[{"href":"https:\/\/www.yungayino.cl\/noticias\/index.php?rest_route=\/wp\/v2\/posts"}],"about":[{"href":"https:\/\/www.yungayino.cl\/noticias\/index.php?rest_route=\/wp\/v2\/types\/post"}],"author":[{"embeddable":true,"href":"https:\/\/www.yungayino.cl\/noticias\/index.php?rest_route=\/wp\/v2\/users\/2"}],"replies":[{"embeddable":true,"href":"https:\/\/www.yungayino.cl\/noticias\/index.php?rest_route=%2Fwp%2Fv2%2Fcomments&post=17695"}],"version-history":[{"count":3,"href":"https:\/\/www.yungayino.cl\/noticias\/index.php?rest_route=\/wp\/v2\/posts\/17695\/revisions"}],"predecessor-version":[{"id":17699,"href":"https:\/\/www.yungayino.cl\/noticias\/index.php?rest_route=\/wp\/v2\/posts\/17695\/revisions\/17699"}],"wp:featuredmedia":[{"embeddable":true,"href":"https:\/\/www.yungayino.cl\/noticias\/index.php?rest_route=\/wp\/v2\/media\/17696"}],"wp:attachment":[{"href":"https:\/\/www.yungayino.cl\/noticias\/index.php?rest_route=%2Fwp%2Fv2%2Fmedia&parent=17695"}],"wp:term":[{"taxonomy":"category","embeddable":true,"href":"https:\/\/www.yungayino.cl\/noticias\/index.php?rest_route=%2Fwp%2Fv2%2Fcategories&post=17695"},{"taxonomy":"post_tag","embeddable":true,"href":"https:\/\/www.yungayino.cl\/noticias\/index.php?rest_route=%2Fwp%2Fv2%2Ftags&post=17695"}],"curies":[{"name":"wp","href":"https:\/\/api.w.org\/{rel}","templated":true}]}}