{"id":17701,"date":"2017-03-06T19:00:21","date_gmt":"2017-03-06T22:00:21","guid":{"rendered":"http:\/\/www.yungayino.cl\/noticias\/?p=17701"},"modified":"2017-03-06T22:08:28","modified_gmt":"2017-03-07T01:08:28","slug":"yungay-inicia-un-nuevo-ano-escolar","status":"publish","type":"post","link":"https:\/\/www.yungayino.cl\/noticias\/?p=17701","title":{"rendered":"Yungay Inicia un Nuevo A\u00f1o Escolar"},"content":{"rendered":"<p style=\"text-align: justify;\"><img loading=\"lazy\" decoding=\"async\" class=\"alignnone size-full wp-image-17702\" src=\"http:\/\/www.yungayino.cl\/noticias\/wp-content\/uploads\/2017\/03\/inicio_clases_2017.jpg\" alt=\"\" height=\"349\" width=\"700\" srcset=\"https:\/\/www.yungayino.cl\/noticias\/wp-content\/uploads\/2017\/03\/inicio_clases_2017.jpg 700w, https:\/\/www.yungayino.cl\/noticias\/wp-content\/uploads\/2017\/03\/inicio_clases_2017-300x150.jpg 300w, https:\/\/www.yungayino.cl\/noticias\/wp-content\/uploads\/2017\/03\/inicio_clases_2017-301x150.jpg 301w\" sizes=\"auto, (max-width: 700px) 100vw, 700px\" \/><\/p>\n<p style=\"text-align: justify;\">Yungay, lunes 06 de marzo 2017: Con gran entusiasmo y una muy buena asistencia se inici\u00f3 el a\u00f1o escolar 2017 en los diferentes establecimientos educacionales de la comuna.<\/p>\n<p style=\"text-align: justify;\">Junto con dar la bienvenida a los alumnos y realizar actos entonando el Himno Nacional se dio inicio al primer d\u00eda de clases a\u00f1o 2017, donde los estudiantes de Ense\u00f1anza B\u00e1sica y Media se reencontraron luego de sus vacaciones y compartieron la primera jornada de clases, adem\u00e1s padres y apoderados acompa\u00f1aron a quienes por primeras vez asist\u00edan a clases.<\/p>\n<p style=\"text-align: justify;\">&nbsp;<\/p>\n<p style=\"text-align: justify;\"><iframe loading=\"lazy\" src=\"https:\/\/www.facebook.com\/plugins\/post.php?href=https:\/\/www.facebook.com\/media\/set\/?set=a.1599954560019577.1073743037.159561284058919&#038;type=1&#038;l=93c25913c9&#038;l=a77e327dc6&#038;l=f5951f1994&#038;l=bfecbb8adf&#038;l=687b6bf5da&#038;width=500&#038;show_text=true&#038;height=691&#038;appId\" width=\"500\" height=\"691\" style=\"border:none;overflow:hidden\" scrolling=\"no\" frameborder=\"0\" allowTransparency=\"true\"><\/iframe>\n<\/p>\n<p style=\"text-align: justify;\">&nbsp;<\/p>\n<p style=\"text-align: justify;\">Tambi\u00e9n esta ma\u00f1ana las autoridades municipales acompa\u00f1aron a la comunidad educativa en el inicio de clases en la Escuela Fernando Baquedano, deseando \u00e9xito a los estudiantes y docentes en este nuevo a\u00f1o escolar que enfrentan.<\/p>\n<p style=\"text-align: justify;\">El alcalde <strong>Rafael Cifuentes Rodr\u00edguez<\/strong> junto a la Jefa DAEM &nbsp;<strong>Eugenia L\u00f3pez<\/strong> dio la bienvenida a los j\u00f3venes estudiantes que llegaron a sus respectivos establecimientos motivados y con ganas de estudiar. \u201cVer esta cantidad de alumnos ingresando a clases nos genera una gran alegr\u00eda; tenemos un compromiso con nuestros ni\u00f1os y por lo mismo trabajamos para entregarles una educaci\u00f3n a la altura que se merecen los yungayinos y yungayinas\u201d, as\u00ed lo se\u00f1alo la primera autoridad de la comuna.<\/p>\n<p style=\"text-align: justify;\">&nbsp;<\/p>\n<p style=\"text-align: justify;\">[su_button url=\u00bbhttps:\/\/www.facebook.com\/media\/set\/?set=a.1599954560019577.1073743037.159561284058919&amp;type=1&amp;l=93c25913c9&#8243; target=\u00bbblank\u00bb size=\u00bb7&#8243; radius=\u00bbround\u00bb icon=\u00bbicon: facebook-square\u00bb]FOTOGRAF\u00cdAS &#8211; Yungay Inicia un Nuevo A\u00f1o Escolar[\/su_button]<\/p>\n","protected":false},"excerpt":{"rendered":"<p>Yungay, lunes 06 de marzo 2017: Con gran entusiasmo y una muy buena asistencia se inici\u00f3 el a\u00f1o escolar 2017 en los diferentes establecimientos educacionales de la comuna. Junto con dar la bienvenida a&#46;&#46;&#46;<\/p>\n","protected":false},"author":2,"featured_media":17702,"comment_status":"open","ping_status":"open","sticky":false,"template":"","format":"standard","meta":{"footnotes":""},"categories":[1],"tags":[1115,8,6,117],"class_list":["post-17701","post","type-post","status-publish","format-standard","has-post-thumbnail","hentry","category-noticias","tag-noticias","tag-yungay","tag-yungayino","tag-yungayinocl"],"_links":{"self":[{"href":"https:\/\/www.yungayino.cl\/noticias\/index.php?rest_route=\/wp\/v2\/posts\/17701","targetHints":{"allow":["GET"]}}],"collection":[{"href":"https:\/\/www.yungayino.cl\/noticias\/index.php?rest_route=\/wp\/v2\/posts"}],"about":[{"href":"https:\/\/www.yungayino.cl\/noticias\/index.php?rest_route=\/wp\/v2\/types\/post"}],"author":[{"embeddable":true,"href":"https:\/\/www.yungayino.cl\/noticias\/index.php?rest_route=\/wp\/v2\/users\/2"}],"replies":[{"embeddable":true,"href":"https:\/\/www.yungayino.cl\/noticias\/index.php?rest_route=%2Fwp%2Fv2%2Fcomments&post=17701"}],"version-history":[{"count":1,"href":"https:\/\/www.yungayino.cl\/noticias\/index.php?rest_route=\/wp\/v2\/posts\/17701\/revisions"}],"predecessor-version":[{"id":17703,"href":"https:\/\/www.yungayino.cl\/noticias\/index.php?rest_route=\/wp\/v2\/posts\/17701\/revisions\/17703"}],"wp:featuredmedia":[{"embeddable":true,"href":"https:\/\/www.yungayino.cl\/noticias\/index.php?rest_route=\/wp\/v2\/media\/17702"}],"wp:attachment":[{"href":"https:\/\/www.yungayino.cl\/noticias\/index.php?rest_route=%2Fwp%2Fv2%2Fmedia&parent=17701"}],"wp:term":[{"taxonomy":"category","embeddable":true,"href":"https:\/\/www.yungayino.cl\/noticias\/index.php?rest_route=%2Fwp%2Fv2%2Fcategories&post=17701"},{"taxonomy":"post_tag","embeddable":true,"href":"https:\/\/www.yungayino.cl\/noticias\/index.php?rest_route=%2Fwp%2Fv2%2Ftags&post=17701"}],"curies":[{"name":"wp","href":"https:\/\/api.w.org\/{rel}","templated":true}]}}