{"id":17704,"date":"2017-03-06T20:00:52","date_gmt":"2017-03-06T23:00:52","guid":{"rendered":"http:\/\/www.yungayino.cl\/noticias\/?p=17704"},"modified":"2017-03-06T22:11:40","modified_gmt":"2017-03-07T01:11:40","slug":"yungay-celebrara-el-dia-de-la-mujer-con-inti-illimani-en-campanario","status":"publish","type":"post","link":"https:\/\/www.yungayino.cl\/noticias\/?p=17704","title":{"rendered":"Yungay Celebrara el \u201cD\u00eda de la Mujer\u201d con Inti Illimani en Campanario"},"content":{"rendered":"<p><img loading=\"lazy\" decoding=\"async\" class=\"alignnone size-full wp-image-17705\" src=\"http:\/\/www.yungayino.cl\/noticias\/wp-content\/uploads\/2017\/03\/intillimani_campanario_2017.jpg\" alt=\"\" height=\"349\" width=\"700\" srcset=\"https:\/\/www.yungayino.cl\/noticias\/wp-content\/uploads\/2017\/03\/intillimani_campanario_2017.jpg 700w, https:\/\/www.yungayino.cl\/noticias\/wp-content\/uploads\/2017\/03\/intillimani_campanario_2017-300x150.jpg 300w, https:\/\/www.yungayino.cl\/noticias\/wp-content\/uploads\/2017\/03\/intillimani_campanario_2017-301x150.jpg 301w\" sizes=\"auto, (max-width: 700px) 100vw, 700px\" \/><\/p>\n<p style=\"text-align: justify;\">Yungay, lunes 06 de marzo 2017: Este mi\u00e9rcoles 8 de Marzo Yungay Celebrara el <strong>\u201cD\u00eda de la Mujer\u201d<\/strong> en Campanario con el renombrado Grupo <strong>Inti Illimani <\/strong>en el marco de su gira: La Exiliada del Sur.<\/p>\n<p style=\"text-align: justify;\">La banda cumple este a\u00f1o medio siglo de trayectoria y en su concierto rinden homenaje a Violeta Parra, con motivo del centenario de su nacimiento. La gira ha visitado diversas localidades, todas nombradas en la famosa canci\u00f3n de la cantautora chilena.<\/p>\n<p style=\"text-align: justify;\">El concierto se desarrollar\u00e1 en el Frontis del Gimnasio de Campanario el mi\u00e9rcoles 8 de marzo, con un espectacular despliegue t\u00e9cnico sobre el escenario, una pantalla led que permitir\u00e1 contextualizar los temas que interpretar\u00e1n, el homenaje a Violeta Parra, y su propio y reconocido repertorio de cinco d\u00e9cadas.<\/p>\n<p style=\"text-align: justify;\">Destacar que Inti-Illimani es un referente de la m\u00fasica latinoamericana en el mundo y no cabe duda que esta instancia ser\u00e1 un evento imperdible e inolvidable.<\/p>\n<p style=\"text-align: justify;\">Finalmente se\u00f1alar que la entrada ser\u00e1 liberada y que <strong>\u00a1Todos est\u00e1n Invitados!<\/strong><\/p>\n<p style=\"text-align: justify;\"><img loading=\"lazy\" decoding=\"async\" class=\"alignnone size-full wp-image-17706\" src=\"http:\/\/www.yungayino.cl\/noticias\/wp-content\/uploads\/2017\/03\/INTI-01.jpg\" alt=\"\" height=\"990\" width=\"700\" srcset=\"https:\/\/www.yungayino.cl\/noticias\/wp-content\/uploads\/2017\/03\/INTI-01.jpg 700w, https:\/\/www.yungayino.cl\/noticias\/wp-content\/uploads\/2017\/03\/INTI-01-212x300.jpg 212w, https:\/\/www.yungayino.cl\/noticias\/wp-content\/uploads\/2017\/03\/INTI-01-106x150.jpg 106w\" sizes=\"auto, (max-width: 700px) 100vw, 700px\" \/><\/p>\n","protected":false},"excerpt":{"rendered":"<p>Yungay, lunes 06 de marzo 2017: Este mi\u00e9rcoles 8 de Marzo Yungay Celebrara el \u201cD\u00eda de la Mujer\u201d en Campanario con el renombrado Grupo Inti Illimani en el marco de su gira: La Exiliada&#46;&#46;&#46;<\/p>\n","protected":false},"author":2,"featured_media":17705,"comment_status":"open","ping_status":"open","sticky":false,"template":"","format":"standard","meta":{"footnotes":""},"categories":[5,1],"tags":[31,338,1524,1115,8,6,117],"class_list":["post-17704","post","type-post","status-publish","format-standard","has-post-thumbnail","hentry","category-eventos","category-noticias","tag-campanario","tag-dia-mujer","tag-intillimani","tag-noticias","tag-yungay","tag-yungayino","tag-yungayinocl"],"_links":{"self":[{"href":"https:\/\/www.yungayino.cl\/noticias\/index.php?rest_route=\/wp\/v2\/posts\/17704","targetHints":{"allow":["GET"]}}],"collection":[{"href":"https:\/\/www.yungayino.cl\/noticias\/index.php?rest_route=\/wp\/v2\/posts"}],"about":[{"href":"https:\/\/www.yungayino.cl\/noticias\/index.php?rest_route=\/wp\/v2\/types\/post"}],"author":[{"embeddable":true,"href":"https:\/\/www.yungayino.cl\/noticias\/index.php?rest_route=\/wp\/v2\/users\/2"}],"replies":[{"embeddable":true,"href":"https:\/\/www.yungayino.cl\/noticias\/index.php?rest_route=%2Fwp%2Fv2%2Fcomments&post=17704"}],"version-history":[{"count":1,"href":"https:\/\/www.yungayino.cl\/noticias\/index.php?rest_route=\/wp\/v2\/posts\/17704\/revisions"}],"predecessor-version":[{"id":17707,"href":"https:\/\/www.yungayino.cl\/noticias\/index.php?rest_route=\/wp\/v2\/posts\/17704\/revisions\/17707"}],"wp:featuredmedia":[{"embeddable":true,"href":"https:\/\/www.yungayino.cl\/noticias\/index.php?rest_route=\/wp\/v2\/media\/17705"}],"wp:attachment":[{"href":"https:\/\/www.yungayino.cl\/noticias\/index.php?rest_route=%2Fwp%2Fv2%2Fmedia&parent=17704"}],"wp:term":[{"taxonomy":"category","embeddable":true,"href":"https:\/\/www.yungayino.cl\/noticias\/index.php?rest_route=%2Fwp%2Fv2%2Fcategories&post=17704"},{"taxonomy":"post_tag","embeddable":true,"href":"https:\/\/www.yungayino.cl\/noticias\/index.php?rest_route=%2Fwp%2Fv2%2Ftags&post=17704"}],"curies":[{"name":"wp","href":"https:\/\/api.w.org\/{rel}","templated":true}]}}