{"id":17747,"date":"2017-03-15T18:00:52","date_gmt":"2017-03-15T21:00:52","guid":{"rendered":"http:\/\/www.yungayino.cl\/noticias\/?p=17747"},"modified":"2017-03-15T23:05:16","modified_gmt":"2017-03-16T02:05:16","slug":"en-yungay-se-constituye-el-primer-consejo-comunal-de-seguridad-publica-de-yungay","status":"publish","type":"post","link":"https:\/\/www.yungayino.cl\/noticias\/?p=17747","title":{"rendered":"En Yungay se Constituye el Primer Consejo Comunal de Seguridad P\u00fablica de Yungay"},"content":{"rendered":"<p><img loading=\"lazy\" decoding=\"async\" class=\"alignnone size-full wp-image-17748\" src=\"http:\/\/www.yungayino.cl\/noticias\/wp-content\/uploads\/2017\/03\/seguridad_yungay_201703.jpg\" alt=\"\" height=\"393\" width=\"700\" srcset=\"https:\/\/www.yungayino.cl\/noticias\/wp-content\/uploads\/2017\/03\/seguridad_yungay_201703.jpg 700w, https:\/\/www.yungayino.cl\/noticias\/wp-content\/uploads\/2017\/03\/seguridad_yungay_201703-300x168.jpg 300w, https:\/\/www.yungayino.cl\/noticias\/wp-content\/uploads\/2017\/03\/seguridad_yungay_201703-267x150.jpg 267w\" sizes=\"auto, (max-width: 700px) 100vw, 700px\" \/><\/p>\n<p style=\"text-align: justify;\">Yungay, mi\u00e9rcoles 15 marzo 2017: con la presencia de m\u00e1s de 17 autoridades el pasado viernes se constituy\u00f3 el Consejo Comunal de Seguridad P\u00fablica de Yungay, instancia que permitir\u00e1 la coordinaci\u00f3n entre el municipio, el gobierno central, las polic\u00edas, los organismos de sanci\u00f3n penal y la comunidad,&nbsp;buscando fortalecer la intervenci\u00f3n territorial, de acuerdo a los diagn\u00f3sticos levantados permanentemente.<\/p>\n<p style=\"text-align: justify;\">La primera tarea del consejo ser\u00e1 elaborar un diagn\u00f3stico de situaci\u00f3n de la comuna, que permita anticipar los temas y acciones a abordar en el plan de seguridad comunal, instrumento de gesti\u00f3n que fija las orientaciones y medidas que la Municipalidad y los \u00f3rganos que participan del consejo dispongan en materia de seguridad p\u00fablica.<\/p>\n<p style=\"text-align: justify;\">&nbsp;<\/p>\n<p style=\"text-align: justify;\">El consejo est\u00e1 presidido por el alcalde, Rafael Cifuentes Rodr\u00edguez, y&nbsp;es conformado&nbsp;por:<\/p>\n<ul style=\"text-align: justify;\">\n<li>Fiscal\u00eda Local<\/li>\n<li>Carabineros de Chile<\/li>\n<li>Polic\u00eda de Investigaciones<\/li>\n<li>Servicio Nacional de Menores (Sename)<\/li>\n<li>Gendarmer\u00eda<\/li>\n<li>Municipalidad de Yungay&nbsp;(Concejales Juana Sandoval&nbsp;y Rodrigo Stuardo y Coordinador de Seguridad, Mario Herrera)<\/li>\n<li>Representantes del Consejo Comunal de las Organizaciones de la Sociedad Civil (COSOC)<\/li>\n<li>Servicio Nacional para la Prevenci\u00f3n y Rehabilitaci\u00f3n de Drogas y Alcohol (Senda)<\/li>\n<\/ul>\n<p style=\"text-align: justify;\">Servicio Agr\u00edcola y Ganadero (SAG)<\/p>\n","protected":false},"excerpt":{"rendered":"<p>Yungay, mi\u00e9rcoles 15 marzo 2017: con la presencia de m\u00e1s de 17 autoridades el pasado viernes se constituy\u00f3 el Consejo Comunal de Seguridad P\u00fablica de Yungay, instancia que permitir\u00e1 la coordinaci\u00f3n entre el municipio,&#46;&#46;&#46;<\/p>\n","protected":false},"author":2,"featured_media":17748,"comment_status":"open","ping_status":"open","sticky":false,"template":"","format":"standard","meta":{"footnotes":""},"categories":[1],"tags":[1529,1115,8,6,117],"class_list":["post-17747","post","type-post","status-publish","format-standard","has-post-thumbnail","hentry","category-noticias","tag-consejo-comunal-seguridad","tag-noticias","tag-yungay","tag-yungayino","tag-yungayinocl"],"_links":{"self":[{"href":"https:\/\/www.yungayino.cl\/noticias\/index.php?rest_route=\/wp\/v2\/posts\/17747","targetHints":{"allow":["GET"]}}],"collection":[{"href":"https:\/\/www.yungayino.cl\/noticias\/index.php?rest_route=\/wp\/v2\/posts"}],"about":[{"href":"https:\/\/www.yungayino.cl\/noticias\/index.php?rest_route=\/wp\/v2\/types\/post"}],"author":[{"embeddable":true,"href":"https:\/\/www.yungayino.cl\/noticias\/index.php?rest_route=\/wp\/v2\/users\/2"}],"replies":[{"embeddable":true,"href":"https:\/\/www.yungayino.cl\/noticias\/index.php?rest_route=%2Fwp%2Fv2%2Fcomments&post=17747"}],"version-history":[{"count":2,"href":"https:\/\/www.yungayino.cl\/noticias\/index.php?rest_route=\/wp\/v2\/posts\/17747\/revisions"}],"predecessor-version":[{"id":17750,"href":"https:\/\/www.yungayino.cl\/noticias\/index.php?rest_route=\/wp\/v2\/posts\/17747\/revisions\/17750"}],"wp:featuredmedia":[{"embeddable":true,"href":"https:\/\/www.yungayino.cl\/noticias\/index.php?rest_route=\/wp\/v2\/media\/17748"}],"wp:attachment":[{"href":"https:\/\/www.yungayino.cl\/noticias\/index.php?rest_route=%2Fwp%2Fv2%2Fmedia&parent=17747"}],"wp:term":[{"taxonomy":"category","embeddable":true,"href":"https:\/\/www.yungayino.cl\/noticias\/index.php?rest_route=%2Fwp%2Fv2%2Fcategories&post=17747"},{"taxonomy":"post_tag","embeddable":true,"href":"https:\/\/www.yungayino.cl\/noticias\/index.php?rest_route=%2Fwp%2Fv2%2Ftags&post=17747"}],"curies":[{"name":"wp","href":"https:\/\/api.w.org\/{rel}","templated":true}]}}