{"id":17757,"date":"2017-03-22T10:00:47","date_gmt":"2017-03-22T13:00:47","guid":{"rendered":"http:\/\/www.yungayino.cl\/noticias\/?p=17757"},"modified":"2017-03-22T14:44:35","modified_gmt":"2017-03-22T17:44:35","slug":"en-pangal-del-laja-se-realizara-la-tradicional-fiesta-de-la-candelaria","status":"publish","type":"post","link":"https:\/\/www.yungayino.cl\/noticias\/?p=17757","title":{"rendered":"En Pangal del Laja se Realizar\u00e1 la Tradicional Fiesta de la Candelaria"},"content":{"rendered":"<p><img loading=\"lazy\" decoding=\"async\" class=\"alignnone size-full wp-image-17758\" src=\"http:\/\/www.yungayino.cl\/noticias\/wp-content\/uploads\/2017\/03\/fiesta_candelaria_2017.jpg\" alt=\"\" height=\"393\" width=\"700\" srcset=\"https:\/\/www.yungayino.cl\/noticias\/wp-content\/uploads\/2017\/03\/fiesta_candelaria_2017.jpg 700w, https:\/\/www.yungayino.cl\/noticias\/wp-content\/uploads\/2017\/03\/fiesta_candelaria_2017-300x168.jpg 300w, https:\/\/www.yungayino.cl\/noticias\/wp-content\/uploads\/2017\/03\/fiesta_candelaria_2017-267x150.jpg 267w\" sizes=\"auto, (max-width: 700px) 100vw, 700px\" \/><\/p>\n<p style=\"text-align: justify;\">Yungay, mi\u00e9rcoles 22 de marzo 2017: La Junta de Vecinos de Pangal del Laja invita cordialmente a todos los vecinos y comunidades cercanas a participar de una nueva versi\u00f3n de la tradicional fiesta de la Candelaria.<\/p>\n<p style=\"text-align: justify;\">&nbsp;<\/p>\n<p style=\"text-align: justify;\"><iframe loading=\"lazy\" style=\"border: none; overflow: hidden;\" src=\"https:\/\/www.facebook.com\/plugins\/post.php?href=https:\/\/www.facebook.com\/media\/set\/?set=a.1617700134911686.1073743042.159561284058919&amp;type=1&amp;l=dbe4a4dbfe&amp;l=a77e327dc6&amp;l=f5951f1994&amp;l=bfecbb8adf&amp;l=687b6bf5da&amp;width=500&amp;show_text=true&amp;height=691&amp;appId\" scrolling=\"no\" frameborder=\"0\" height=\"691\" width=\"500\"><\/iframe><\/p>\n<p style=\"text-align: justify;\">En Pangal del Laja ya est\u00e1 todo listo para celebrar la fiesta de la Candelaria, comenzando el viernes 31 de marzo a las 20:00 horas, con la bendici\u00f3n de las candelas (velas) y procesi\u00f3n desde la gruta hacia el campo deportivo y recreativo, para finalizar con un c\u00f3ctel y convivencia con todos los participantes.<\/p>\n<p style=\"text-align: justify;\">El d\u00eda s\u00e1bado 1 de abril desde el mediod\u00eda ser\u00e1 la inauguraci\u00f3n de la celebraci\u00f3n con un gran baile, grandes carreras a la chilena y un excelente casino con ricos almuerzos ofreci\u00e9ndoles, empanadas de horno, empanadas fritas, empanadas de queso, asado de chanchito con diferentes acompa\u00f1amientos, ricas humitas y rico pastel de choclo, diferentes platos extras y un amplio y variado bar, que funcionar\u00e1 desde el mediod\u00eda hasta las 2:30 horas de la madrugada.<\/p>\n<p style=\"text-align: justify;\">Hay muchas carreras amarradas y llegar\u00e1n diferentes caballos esperando coteja. Asista usted y familia, ser\u00e1n bienvenidos a celebrar esta tradicional fiesta, la m\u00e1s antigua de la comuna de Yungay.<\/p>\n<p style=\"text-align: justify;\">&nbsp;<\/p>\n<p style=\"text-align: justify;\">[su_button url=\u00bbhttps:\/\/www.facebook.com\/media\/set\/?set=a.1617700134911686.1073743042.159561284058919&amp;type=1&amp;l=dbe4a4dbfe\u00bb target=\u00bbblank\u00bb size=\u00bb7&#8243; radius=\u00bbround\u00bb icon=\u00bbicon: facebook-square\u00bb]FOTOGRAF\u00cdAS &#8211; En Pangal del Laja se Realizar\u00e1 la Tradicional Fiesta de la Candelaria[\/su_button]<\/p>\n<p>&nbsp;<\/p>\n","protected":false},"excerpt":{"rendered":"<p>Yungay, mi\u00e9rcoles 22 de marzo 2017: La Junta de Vecinos de Pangal del Laja invita cordialmente a todos los vecinos y comunidades cercanas a participar de una nueva versi\u00f3n de la tradicional fiesta de&#46;&#46;&#46;<\/p>\n","protected":false},"author":2,"featured_media":17758,"comment_status":"open","ping_status":"open","sticky":false,"template":"","format":"standard","meta":{"footnotes":""},"categories":[3,5,1],"tags":[161,1115,162,8,6,117],"class_list":["post-17757","post","type-post","status-publish","format-standard","has-post-thumbnail","hentry","category-actualidad","category-eventos","category-noticias","tag-fiesta-de-la-candelaria","tag-noticias","tag-pangal-del-laja","tag-yungay","tag-yungayino","tag-yungayinocl"],"_links":{"self":[{"href":"https:\/\/www.yungayino.cl\/noticias\/index.php?rest_route=\/wp\/v2\/posts\/17757","targetHints":{"allow":["GET"]}}],"collection":[{"href":"https:\/\/www.yungayino.cl\/noticias\/index.php?rest_route=\/wp\/v2\/posts"}],"about":[{"href":"https:\/\/www.yungayino.cl\/noticias\/index.php?rest_route=\/wp\/v2\/types\/post"}],"author":[{"embeddable":true,"href":"https:\/\/www.yungayino.cl\/noticias\/index.php?rest_route=\/wp\/v2\/users\/2"}],"replies":[{"embeddable":true,"href":"https:\/\/www.yungayino.cl\/noticias\/index.php?rest_route=%2Fwp%2Fv2%2Fcomments&post=17757"}],"version-history":[{"count":3,"href":"https:\/\/www.yungayino.cl\/noticias\/index.php?rest_route=\/wp\/v2\/posts\/17757\/revisions"}],"predecessor-version":[{"id":17761,"href":"https:\/\/www.yungayino.cl\/noticias\/index.php?rest_route=\/wp\/v2\/posts\/17757\/revisions\/17761"}],"wp:featuredmedia":[{"embeddable":true,"href":"https:\/\/www.yungayino.cl\/noticias\/index.php?rest_route=\/wp\/v2\/media\/17758"}],"wp:attachment":[{"href":"https:\/\/www.yungayino.cl\/noticias\/index.php?rest_route=%2Fwp%2Fv2%2Fmedia&parent=17757"}],"wp:term":[{"taxonomy":"category","embeddable":true,"href":"https:\/\/www.yungayino.cl\/noticias\/index.php?rest_route=%2Fwp%2Fv2%2Fcategories&post=17757"},{"taxonomy":"post_tag","embeddable":true,"href":"https:\/\/www.yungayino.cl\/noticias\/index.php?rest_route=%2Fwp%2Fv2%2Ftags&post=17757"}],"curies":[{"name":"wp","href":"https:\/\/api.w.org\/{rel}","templated":true}]}}