{"id":1776,"date":"2009-09-01T23:00:40","date_gmt":"2009-09-02T03:00:40","guid":{"rendered":"http:\/\/www.yungayino.cl\/noticias\/?p=1776"},"modified":"2009-09-02T16:55:41","modified_gmt":"2009-09-02T20:55:41","slug":"supermercado-bigger-abrira-sus-puertas-en-yungay","status":"publish","type":"post","link":"https:\/\/www.yungayino.cl\/noticias\/?p=1776","title":{"rendered":"Supermercado Bigger Abrir\u00e1 sus Puertas en Yungay"},"content":{"rendered":"<p><img decoding=\"async\" src=\"http:\/\/www.yungayino.cl\/imagenes\/bigger.jpg\" alt=\"Supermercado Bigger en Yungay\" \/><\/p>\n<p align=\"justify\"><font size=\"2\">El ex supermercado Keymarket lucir\u00e1 nueva cara a partir del jueves 03 de septiembre donde se inaugurar\u00e1 el nuevo supermercado que se llamara Bigger y que son parte de una cadena de supermercados propiedad de Inversiones del Sur, que promete entregar mayor calidad y bajos precios a los Yungayinos y visitantes. El nuevo local remozado forma parte de la cadena nacional Supermercados del Sur, que actualmente tienen presencia en Ciudades como Concepci\u00f3n, Chill\u00e1n, Temuco, Valdivia, Osorno y Puerto Montt. En una entrevista realizada al Gerente Regional de supermercados del Sur Ltda. Juan Gustavo Acu\u00f1a G., hizo un llamado a asistir a la inauguraci\u00f3n y poder disfrutar de precios bajos, amplia variaci\u00f3n de productos y un buen servicio a la comunidad.<br \/>\n<a href=\"http:\/\/www.yungayino.cl\/noticias\/?p=1776#comments\">Comente Aqu\u00ed<\/a><br \/>\n<object width=\"425\" height=\"344\"><param name=\"movie\" value=\"http:\/\/www.youtube.com\/v\/-GtPBE5gwbs&#038;hl=es&#038;fs=1&#038;\"><\/param><param name=\"allowFullScreen\" value=\"true\"><\/param><param name=\"allowscriptaccess\" value=\"always\"><\/param><embed src=\"http:\/\/www.youtube.com\/v\/-GtPBE5gwbs&#038;hl=es&#038;fs=1&#038;\" type=\"application\/x-shockwave-flash\" allowscriptaccess=\"always\" allowfullscreen=\"true\" width=\"425\" height=\"344\"><\/embed><\/object><\/a><\/font><\/p>\n","protected":false},"excerpt":{"rendered":"<p>El ex supermercado Keymarket lucir\u00e1 nueva cara a partir del jueves 03 de septiembre donde se inaugurar\u00e1 el nuevo supermercado que se llamara Bigger y que son parte de una cadena de supermercados propiedad&#46;&#46;&#46;<\/p>\n","protected":false},"author":2,"featured_media":15088,"comment_status":"open","ping_status":"open","sticky":false,"template":"","format":"standard","meta":{"footnotes":""},"categories":[1],"tags":[1115,8,6],"class_list":["post-1776","post","type-post","status-publish","format-standard","has-post-thumbnail","hentry","category-noticias","tag-noticias","tag-yungay","tag-yungayino"],"_links":{"self":[{"href":"https:\/\/www.yungayino.cl\/noticias\/index.php?rest_route=\/wp\/v2\/posts\/1776","targetHints":{"allow":["GET"]}}],"collection":[{"href":"https:\/\/www.yungayino.cl\/noticias\/index.php?rest_route=\/wp\/v2\/posts"}],"about":[{"href":"https:\/\/www.yungayino.cl\/noticias\/index.php?rest_route=\/wp\/v2\/types\/post"}],"author":[{"embeddable":true,"href":"https:\/\/www.yungayino.cl\/noticias\/index.php?rest_route=\/wp\/v2\/users\/2"}],"replies":[{"embeddable":true,"href":"https:\/\/www.yungayino.cl\/noticias\/index.php?rest_route=%2Fwp%2Fv2%2Fcomments&post=1776"}],"version-history":[{"count":17,"href":"https:\/\/www.yungayino.cl\/noticias\/index.php?rest_route=\/wp\/v2\/posts\/1776\/revisions"}],"predecessor-version":[{"id":1793,"href":"https:\/\/www.yungayino.cl\/noticias\/index.php?rest_route=\/wp\/v2\/posts\/1776\/revisions\/1793"}],"wp:featuredmedia":[{"embeddable":true,"href":"https:\/\/www.yungayino.cl\/noticias\/index.php?rest_route=\/wp\/v2\/media\/15088"}],"wp:attachment":[{"href":"https:\/\/www.yungayino.cl\/noticias\/index.php?rest_route=%2Fwp%2Fv2%2Fmedia&parent=1776"}],"wp:term":[{"taxonomy":"category","embeddable":true,"href":"https:\/\/www.yungayino.cl\/noticias\/index.php?rest_route=%2Fwp%2Fv2%2Fcategories&post=1776"},{"taxonomy":"post_tag","embeddable":true,"href":"https:\/\/www.yungayino.cl\/noticias\/index.php?rest_route=%2Fwp%2Fv2%2Ftags&post=1776"}],"curies":[{"name":"wp","href":"https:\/\/api.w.org\/{rel}","templated":true}]}}