{"id":17794,"date":"2017-04-10T20:00:04","date_gmt":"2017-04-10T23:00:04","guid":{"rendered":"http:\/\/www.yungayino.cl\/noticias\/?p=17794"},"modified":"2017-04-10T23:52:30","modified_gmt":"2017-04-11T02:52:30","slug":"liceo-de-yungay-realizo-ceremonia-de-lanzamiento-de-1-feria-de-innovacion-y-emprendimiento-incuba","status":"publish","type":"post","link":"https:\/\/www.yungayino.cl\/noticias\/?p=17794","title":{"rendered":"Liceo de Yungay Realizo Ceremonia de Lanzamiento de \u201c1\u00b0 Feria de Innovaci\u00f3n y Emprendimiento INCUBA\u201d"},"content":{"rendered":"<p><img loading=\"lazy\" decoding=\"async\" class=\"alignnone size-full wp-image-17795\" src=\"http:\/\/www.yungayino.cl\/noticias\/wp-content\/uploads\/2017\/04\/liceo_feria_incuba_201704.jpg\" alt=\"\" width=\"700\" height=\"350\" srcset=\"https:\/\/www.yungayino.cl\/noticias\/wp-content\/uploads\/2017\/04\/liceo_feria_incuba_201704.jpg 700w, https:\/\/www.yungayino.cl\/noticias\/wp-content\/uploads\/2017\/04\/liceo_feria_incuba_201704-300x150.jpg 300w\" sizes=\"auto, (max-width: 700px) 100vw, 700px\" \/><\/p>\n<p style=\"text-align: justify;\">Yungay, lunes 10 de abril 2017: En las dependencias del Liceo de Yungay se llev\u00f3 a cabo la Ceremonia de Lanzamiento de la \u201c1\u00b0 Feria de Innovaci\u00f3n y Emprendimiento INCUBA Liceo Yungay\u201d, la cual fue dise\u00f1ada por el Departamento T\u00e9cnico Profesional junto con el Consejo Asesor Empresarial.<\/p>\n<p style=\"text-align: justify;\">La ceremonia cont\u00f3 con la asistencia del Alcalde Rafael Cifuentes, Sr. Rodrigo Inostroza, Gerente de Aserraderos Arauco y Presidente del Consejo Asesor Empresarial, Sr. Mario Rivera, Ingeniero Comercial, Director de Proyectos y Representante del Colegio de Ingenieros, Sr. Sergio Villalobos, Director del Liceo Yungay, Concejales, Profesores, Estudiantes e Invitados Especiales, quienes entonaron el Himno Nacional para dar comienzo a tan solemne ceremonia.<\/p>\n<p style=\"text-align: justify;\">&nbsp;<\/p>\n<p style=\"text-align: justify;\">\n<iframe loading=\"lazy\" src=\"https:\/\/www.facebook.com\/plugins\/post.php?href=https:\/\/www.facebook.com\/media\/set\/?set=a.1641913339157032.1073743045.159561284058919&#038;type=1&#038;l=e8d96d6a4e&#038;l=a77e327dc6&#038;l=f5951f1994&#038;l=bfecbb8adf&#038;l=687b6bf5da&#038;width=500&#038;show_text=true&#038;height=691&#038;appId\" width=\"500\" height=\"691\" style=\"border:none;overflow:hidden\" scrolling=\"no\" frameborder=\"0\" allowTransparency=\"true\"><\/iframe>\n<\/p>\n<p style=\"text-align: justify;\">&nbsp;<\/p>\n<p style=\"text-align: justify;\">Destacar que este proyecto nace producto de la experiencia vivida el a\u00f1o 2016, cuando un grupo de estudiantes del Cuarto A\u00f1o T\u00e9cnico Profesional Modalidad Administraci\u00f3n, participaron en un concurso de emprendimiento e innovaci\u00f3n, organizado por Inacap Chill\u00e1n, y donde obtuvieron el primer lugar regional y luego representaron a la Sede en el Concurso Nacional realizado en la ciudad de Valpara\u00edso, donde los estudiantes se destacaron teniendo una participaci\u00f3n activa y provocando gran sensaci\u00f3n en los dem\u00e1s expositores, as\u00ed como tambi\u00e9n en el jurado.<\/p>\n<p style=\"text-align: justify;\"><strong>Rodrigo Inostroza<\/strong> <strong>Castro<\/strong>, Gerente de Aserraderos Arauco y Presidente del Consejo Asesor Empresarial se\u00f1al\u00f3 en su discurso a los estudiantes a participar en este concurso ya que es un desaf\u00edo para todos los alumnos a mostrar su ideas las cuales pueden dar grandes frutos, destacando tambi\u00e9n que la idea es que la Feria de Innovaci\u00f3n y Emprendimiento siga creciendo a\u00f1o tras a\u00f1o, por lo tanto el empresariado apoyara siempre este programa, y que ojala todos en el futuro se sientan orgullos y con grandes resultados en proyectos de innovaci\u00f3n, finalmente inst\u00f3 a participar a todos los alumnos y aprovechar las oportunidades.<\/p>\n<p style=\"text-align: justify;\"><strong>Mario Rivera<\/strong>, Representante del Colegio de Ingenieros fue el encargado de realizar una Charla Motivacional para los alumnos y presentes con la idea de apoyar con su experiencia para contagiarlos con el esp\u00edritu de la innovaci\u00f3n y el emprendimiento, adem\u00e1s de motivarlos para este hermoso desaf\u00edo como es la participaci\u00f3n de este concurso, y as\u00ed enfrentar nuevos caminos.<\/p>\n<p style=\"text-align: justify;\">La ceremonia termin\u00f3 con las palabras del Director, Sr. Sergio Villalobos, quien reiter\u00f3 el llamado a todos los alumnos aprovechar las oportunidades que se les ofrece con la participaci\u00f3n de este concurso, el cual les otorgar\u00e1 la posibilidad de crear, innovar y emprender en nuevos desaf\u00edos, tambi\u00e9n agradeci\u00f3 el apoyo de las autoridades y empresariado, finalmente los invitados compartieron un c\u00f3ctel.<\/p>\n<p style=\"text-align: justify;\">&nbsp;<\/p>\n<p style=\"text-align: justify;\">[su_button url=\u00bbhttps:\/\/www.facebook.com\/media\/set\/?set=a.1641913339157032.1073743045.159561284058919&amp;type=1&amp;l=e8d96d6a4e\u00bb target=\u00bbblank\u00bb size=\u00bb7&#8243; radius=\u00bbround\u00bb icon=\u00bbicon: facebook-square\u00bb]FOTOGRAF\u00cdAS &#8211; Liceo de Yungay Realiz\u00f3 Ceremonia de Lanzamiento de \u201c1\u00b0 Feria de Innovaci\u00f3n y Emprendimiento INCUBA\u201d[\/su_button]<\/p>\n","protected":false},"excerpt":{"rendered":"<p>Yungay, lunes 10 de abril 2017: En las dependencias del Liceo de Yungay se llev\u00f3 a cabo la Ceremonia de Lanzamiento de la \u201c1\u00b0 Feria de Innovaci\u00f3n y Emprendimiento INCUBA Liceo Yungay\u201d, la cual&#46;&#46;&#46;<\/p>\n","protected":false},"author":2,"featured_media":17795,"comment_status":"open","ping_status":"open","sticky":false,"template":"","format":"standard","meta":{"footnotes":""},"categories":[1],"tags":[684,1535,1536,89,1115,8,6,117],"class_list":["post-17794","post","type-post","status-publish","format-standard","has-post-thumbnail","hentry","category-noticias","tag-aserraderos-arauco","tag-feria-innovacion-y-emprendimiento","tag-incuba","tag-liceo-yungay","tag-noticias","tag-yungay","tag-yungayino","tag-yungayinocl"],"_links":{"self":[{"href":"https:\/\/www.yungayino.cl\/noticias\/index.php?rest_route=\/wp\/v2\/posts\/17794","targetHints":{"allow":["GET"]}}],"collection":[{"href":"https:\/\/www.yungayino.cl\/noticias\/index.php?rest_route=\/wp\/v2\/posts"}],"about":[{"href":"https:\/\/www.yungayino.cl\/noticias\/index.php?rest_route=\/wp\/v2\/types\/post"}],"author":[{"embeddable":true,"href":"https:\/\/www.yungayino.cl\/noticias\/index.php?rest_route=\/wp\/v2\/users\/2"}],"replies":[{"embeddable":true,"href":"https:\/\/www.yungayino.cl\/noticias\/index.php?rest_route=%2Fwp%2Fv2%2Fcomments&post=17794"}],"version-history":[{"count":2,"href":"https:\/\/www.yungayino.cl\/noticias\/index.php?rest_route=\/wp\/v2\/posts\/17794\/revisions"}],"predecessor-version":[{"id":17797,"href":"https:\/\/www.yungayino.cl\/noticias\/index.php?rest_route=\/wp\/v2\/posts\/17794\/revisions\/17797"}],"wp:featuredmedia":[{"embeddable":true,"href":"https:\/\/www.yungayino.cl\/noticias\/index.php?rest_route=\/wp\/v2\/media\/17795"}],"wp:attachment":[{"href":"https:\/\/www.yungayino.cl\/noticias\/index.php?rest_route=%2Fwp%2Fv2%2Fmedia&parent=17794"}],"wp:term":[{"taxonomy":"category","embeddable":true,"href":"https:\/\/www.yungayino.cl\/noticias\/index.php?rest_route=%2Fwp%2Fv2%2Fcategories&post=17794"},{"taxonomy":"post_tag","embeddable":true,"href":"https:\/\/www.yungayino.cl\/noticias\/index.php?rest_route=%2Fwp%2Fv2%2Ftags&post=17794"}],"curies":[{"name":"wp","href":"https:\/\/api.w.org\/{rel}","templated":true}]}}