{"id":17819,"date":"2017-04-28T11:00:01","date_gmt":"2017-04-28T14:00:01","guid":{"rendered":"http:\/\/www.yungayino.cl\/noticias\/?p=17819"},"modified":"2017-04-28T15:18:21","modified_gmt":"2017-04-28T18:18:21","slug":"90o-aniversario-de-carabineros-de-chile","status":"publish","type":"post","link":"https:\/\/www.yungayino.cl\/noticias\/?p=17819","title":{"rendered":"90\u00ba Aniversario de Carabineros de Chile"},"content":{"rendered":"<p><img loading=\"lazy\" decoding=\"async\" class=\"alignnone size-full wp-image-17824\" src=\"http:\/\/www.yungayino.cl\/noticias\/wp-content\/uploads\/2017\/04\/dia_carabinero_2017-1.jpg\" alt=\"\" width=\"700\" height=\"350\" srcset=\"https:\/\/www.yungayino.cl\/noticias\/wp-content\/uploads\/2017\/04\/dia_carabinero_2017-1.jpg 700w, https:\/\/www.yungayino.cl\/noticias\/wp-content\/uploads\/2017\/04\/dia_carabinero_2017-1-300x150.jpg 300w\" sizes=\"auto, (max-width: 700px) 100vw, 700px\" \/><\/p>\n<p style=\"text-align: justify;\">Yungay, viernes 28 de Abril 2017: Carabineros de Chile fue fundado el 27 de abril de 1927 por el entonces Vicepresidente de la Rep\u00fablica, Coronel de Ej\u00e9rcito Don Carlos Iba\u00f1ez del Campo, en este 90\u00ba Aniversario han puesto a disposici\u00f3n m\u00e1s informaci\u00f3n vinculada a la historia a trav\u00e9s de este sitio especial, <a href=\"http:\/\/www.carabineros.cl\/paginas\/Especiales\/assets\/Sitio90\/\">ver enlace.<\/a><\/p>\n<p style=\"text-align: justify;\">A nivel local, la ma\u00f1ana de ayer se desarroll\u00f3 en el frontis de la Cuarta Comisar\u00eda de Yungay un acto que se inici\u00f3 con los rendimientos de Honores de Reglamento por parte del Subteniente Sr. Juan Freedes al Comisario de la Unidad Mayor Sr. Rodrigo Rosales Cataldo, para luego continuar con la interpretaci\u00f3n del Himno Nacional e Izamiento del Pabell\u00f3n Nacional.<\/p>\n<p style=\"text-align: justify;\">&nbsp;<\/p>\n<p style=\"text-align: justify;\"><iframe loading=\"lazy\" style=\"border: none; overflow: hidden;\" src=\"https:\/\/www.facebook.com\/plugins\/post.php?href=https:\/\/www.facebook.com\/media\/set\/?set=a.1662643880417311.1073743048.159561284058919&amp;type=1&amp;l=cd06217219&amp;l=a77e327dc6&amp;l=f5951f1994&amp;l=bfecbb8adf&amp;l=687b6bf5da&amp;width=500&amp;show_text=true&amp;height=691&amp;appId\" scrolling=\"no\" width=\"500\" height=\"691\" frameborder=\"0\"><\/iframe><\/p>\n<p style=\"text-align: justify;\">&nbsp;<\/p>\n<p style=\"text-align: justify;\">El acto cont\u00f3 con la asistencia del Alcalde Rafael Cifuentes, Miembros del Concejo Municipal, Ex Funcionarios de Carabineros, Representantes de Bomberos, Gendarmer\u00eda e invitados especiales.<\/p>\n<p style=\"text-align: justify;\">En la ocasi\u00f3n el Mayor, Rodrigo Rosales Cataldo saludo a todo su personal a cargo tanto de Yungay, Campanario, El Carmen y Pemuco en este nuevo aniversario y los inst\u00f3 a sentirse orgullosos de pertenecer a esta gran instituci\u00f3n y a seguir trabajando para realizar una buena labor en prevenir el delito y resguardar la seguridad de toda la comunidad.<\/p>\n<p style=\"text-align: justify;\">Tambi\u00e9n es su discurso se refiri\u00f3 al complicado momento que vive Carabineros tras la defraudaci\u00f3n fiscal, y donde el General Bruno Villalobos expres\u00f3 en la ceremonia del 90\u00ba Aniversario de la Instituci\u00f3n donde se\u00f1alo \u201cPido perd\u00f3n a todos los chilenos y en especial a los verdaderos Carabineros\u201d.<\/p>\n<p style=\"text-align: justify;\">Finalizada la ceremonia con la entonaci\u00f3n del Himno de Carabineros, los asistentes pasaron al interior del casino institucional, donde disfrutaron de un desayuno de camarader\u00eda para luego trasladarse posteriormente a participar de un acto preparado por la comunidad escolar del Liceo de Campanario a las 12:00 horas.<\/p>\n<p style=\"text-align: justify;\">&nbsp;<\/p>\n<p style=\"text-align: justify;\">[su_button url=\u00bbhttps:\/\/www.facebook.com\/media\/set\/?set=a.1662643880417311.1073743048.159561284058919&amp;type=1&amp;l=cd06217219&#8243; target=\u00bbblank\u00bb size=\u00bb7&#8243; radius=\u00bbround\u00bb icon=\u00bbicon: facebook-square\u00bb]FOTOGRAF\u00cdAS \u2013 Acto Frontis Cuarta Comisar\u00eda de Yungay[\/su_button]<\/p>\n<p style=\"text-align: justify;\">&nbsp;<\/p>\n","protected":false},"excerpt":{"rendered":"<p>Yungay, viernes 28 de Abril 2017: Carabineros de Chile fue fundado el 27 de abril de 1927 por el entonces Vicepresidente de la Rep\u00fablica, Coronel de Ej\u00e9rcito Don Carlos Iba\u00f1ez del Campo, en este&#46;&#46;&#46;<\/p>\n","protected":false},"author":2,"featured_media":17824,"comment_status":"open","ping_status":"open","sticky":false,"template":"","format":"standard","meta":{"footnotes":""},"categories":[3,1],"tags":[1540,25,360,1115,8,6,117],"class_list":["post-17819","post","type-post","status-publish","format-standard","has-post-thumbnail","hentry","category-actualidad","category-noticias","tag-90-aniversario","tag-carabineros","tag-dia-del-carabinero","tag-noticias","tag-yungay","tag-yungayino","tag-yungayinocl"],"_links":{"self":[{"href":"https:\/\/www.yungayino.cl\/noticias\/index.php?rest_route=\/wp\/v2\/posts\/17819","targetHints":{"allow":["GET"]}}],"collection":[{"href":"https:\/\/www.yungayino.cl\/noticias\/index.php?rest_route=\/wp\/v2\/posts"}],"about":[{"href":"https:\/\/www.yungayino.cl\/noticias\/index.php?rest_route=\/wp\/v2\/types\/post"}],"author":[{"embeddable":true,"href":"https:\/\/www.yungayino.cl\/noticias\/index.php?rest_route=\/wp\/v2\/users\/2"}],"replies":[{"embeddable":true,"href":"https:\/\/www.yungayino.cl\/noticias\/index.php?rest_route=%2Fwp%2Fv2%2Fcomments&post=17819"}],"version-history":[{"count":5,"href":"https:\/\/www.yungayino.cl\/noticias\/index.php?rest_route=\/wp\/v2\/posts\/17819\/revisions"}],"predecessor-version":[{"id":17826,"href":"https:\/\/www.yungayino.cl\/noticias\/index.php?rest_route=\/wp\/v2\/posts\/17819\/revisions\/17826"}],"wp:featuredmedia":[{"embeddable":true,"href":"https:\/\/www.yungayino.cl\/noticias\/index.php?rest_route=\/wp\/v2\/media\/17824"}],"wp:attachment":[{"href":"https:\/\/www.yungayino.cl\/noticias\/index.php?rest_route=%2Fwp%2Fv2%2Fmedia&parent=17819"}],"wp:term":[{"taxonomy":"category","embeddable":true,"href":"https:\/\/www.yungayino.cl\/noticias\/index.php?rest_route=%2Fwp%2Fv2%2Fcategories&post=17819"},{"taxonomy":"post_tag","embeddable":true,"href":"https:\/\/www.yungayino.cl\/noticias\/index.php?rest_route=%2Fwp%2Fv2%2Ftags&post=17819"}],"curies":[{"name":"wp","href":"https:\/\/api.w.org\/{rel}","templated":true}]}}