{"id":17828,"date":"2017-05-01T18:00:48","date_gmt":"2017-05-01T21:00:48","guid":{"rendered":"http:\/\/www.yungayino.cl\/noticias\/?p=17828"},"modified":"2017-05-02T13:16:27","modified_gmt":"2017-05-02T16:16:27","slug":"liceo-de-campanario-realizo-acto-a-carabineros-en-el-aniversario-n-90-de-la-institucion","status":"publish","type":"post","link":"https:\/\/www.yungayino.cl\/noticias\/?p=17828","title":{"rendered":"Liceo de Campanario Realiz\u00f3 Acto a Carabineros en el Aniversario N\u00b0 90 de la Instituci\u00f3n"},"content":{"rendered":"<p><img loading=\"lazy\" decoding=\"async\" class=\"alignnone size-full wp-image-17829\" src=\"http:\/\/www.yungayino.cl\/noticias\/wp-content\/uploads\/2017\/05\/dia_carabinero_campanario_2017.jpg\" alt=\"\" width=\"700\" height=\"350\" srcset=\"https:\/\/www.yungayino.cl\/noticias\/wp-content\/uploads\/2017\/05\/dia_carabinero_campanario_2017.jpg 700w, https:\/\/www.yungayino.cl\/noticias\/wp-content\/uploads\/2017\/05\/dia_carabinero_campanario_2017-300x150.jpg 300w\" sizes=\"auto, (max-width: 700px) 100vw, 700px\" \/><\/p>\n<p style=\"text-align: justify;\">Campanario, lunes 01 de mayo 2017: En las dependencias del Liceo T\u00e9cnico Profesional de Campanario se llev\u00f3 a cabo un acto en conmemoraci\u00f3n del 90\u00b0 Aniversario de Carabineros de Chile el pasado jueves 27 de abril.<\/p>\n<p style=\"text-align: justify;\">La actividad que fue organizada por la Comunidad Escolar del Liceo T\u00e9cnico Profesional de Campanario, la cual cont\u00f3 con la asistencia del alcalde Rafael Cifuentes, el Mayor de Carabineros, Rodrigo Rosales Cataldo, la Jefa DAEM Yungay, Eugenia L\u00f3pez Hern\u00e1ndez, Miembros del Concejo Municipal, Funcionarios de Carabineros, adem\u00e1s de delegaciones de los diferentes establecimientos educacionales de la comuna yungayina e invitados especiales.<\/p>\n<p style=\"text-align: justify;\">El acto se inici\u00f3 con un saludo de bienvenida, para luego interpretar el Himno Nacional, continuando con una reflexi\u00f3n hist\u00f3rica en el marco de esta celebraci\u00f3n, adem\u00e1s de presentaciones de n\u00fameros art\u00edsticos especialmente preparados para la ocasi\u00f3n por los alumnos.<\/p>\n<p style=\"text-align: justify;\">&nbsp;<\/p>\n<p style=\"text-align: justify;\"><iframe loading=\"lazy\" style=\"border: none; overflow: hidden;\" src=\"https:\/\/www.facebook.com\/plugins\/post.php?href=https:\/\/www.facebook.com\/media\/set\/?set=a.1665869376761428.1073743050.159561284058919&amp;type=1&amp;l=b670492432&amp;l=a77e327dc6&amp;l=f5951f1994&amp;l=bfecbb8adf&amp;l=687b6bf5da&amp;width=500&amp;show_text=true&amp;height=691&amp;appId\" scrolling=\"no\" width=\"500\" height=\"691\" frameborder=\"0\"><\/iframe><\/p>\n<p style=\"text-align: justify;\">&nbsp;<\/p>\n<p style=\"text-align: justify;\"><strong>Carmen Panes Cid<\/strong>, Directora del Liceo T\u00e9cnico Profesional Campanario, se\u00f1alo al Equipo del Portal Yungayino.cl sus felicitaciones a Carabineros de Chile por este nuevo aniversario, destacando que el Liceo Campanario viene realizando hace varios a\u00f1os el acto comunal en homenaje a esta gran instituci\u00f3n, y a su gran labor que desempe\u00f1an, donde siempre han recibido como Liceo un gran apoyo por parte de carabineros, finalmente se\u00f1al\u00f3 que este acto fue preparado con mucha dedicaci\u00f3n por los docentes y estudiantes con el \u00fanico objetivo de rendir un homenaje a esta gran instituci\u00f3n.<\/p>\n<p style=\"text-align: justify;\"><strong>Rodrigo Rosales Cataldo, <\/strong>Mayor de Carabineros se\u00f1al\u00f3 que lleva 24 a\u00f1os de servicio de los cuales se siente muy orgulloso de formar parte de esta gran instituci\u00f3n valorando este hermoso acto, el cual lo emociona por la dedicaci\u00f3n de los profesores y toda la comunidad escolar, destacando que a pesar de los problemas que actualmente est\u00e1n pasando estas actividades lo motivan para seguir trabajando con m\u00e1s entusiasmo y hacer cada vez mejor su trabajo para estar siempre en los primeros lugares en el que siempre la gente lo ha querido, donde ellos son la frontera entre la delincuencia y la comunidad, adem\u00e1s de estar donde la gente m\u00e1s los necesita que es en la calle, y as\u00ed lo har\u00e1 siempre mientras yo sea el Comisario de la Cuarta Comisar\u00eda de Yungay.<\/p>\n<p style=\"text-align: justify;\">Finalmente el acto termin\u00f3 con la presentaci\u00f3n de la Orquesta Escolar e interpretaci\u00f3n del Himno del Carabinero.<\/p>\n<p style=\"text-align: justify;\">[su_button url=\u00bbhttps:\/\/www.facebook.com\/media\/set\/?set=a.1665869376761428.1073743050.159561284058919&amp;type=1&amp;l=b670492432&#8243; target=\u00bbblank\u00bb size=\u00bb7&#8243; radius=\u00bbround\u00bb icon=\u00bbicon: facebook-square\u00bb]FOTOGRAF\u00cdAS &#8211; Liceo de Campanario Realiz\u00f3 Acto a Carabineros en el Aniversario N\u00b0 90 de la Instituci\u00f3n[\/su_button]<\/p>\n","protected":false},"excerpt":{"rendered":"<p>Campanario, lunes 01 de mayo 2017: En las dependencias del Liceo T\u00e9cnico Profesional de Campanario se llev\u00f3 a cabo un acto en conmemoraci\u00f3n del 90\u00b0 Aniversario de Carabineros de Chile el pasado jueves 27&#46;&#46;&#46;<\/p>\n","protected":false},"author":2,"featured_media":17829,"comment_status":"open","ping_status":"open","sticky":false,"template":"","format":"standard","meta":{"footnotes":""},"categories":[1],"tags":[360,1115,8,6,117],"class_list":["post-17828","post","type-post","status-publish","format-standard","has-post-thumbnail","hentry","category-noticias","tag-dia-del-carabinero","tag-noticias","tag-yungay","tag-yungayino","tag-yungayinocl"],"_links":{"self":[{"href":"https:\/\/www.yungayino.cl\/noticias\/index.php?rest_route=\/wp\/v2\/posts\/17828","targetHints":{"allow":["GET"]}}],"collection":[{"href":"https:\/\/www.yungayino.cl\/noticias\/index.php?rest_route=\/wp\/v2\/posts"}],"about":[{"href":"https:\/\/www.yungayino.cl\/noticias\/index.php?rest_route=\/wp\/v2\/types\/post"}],"author":[{"embeddable":true,"href":"https:\/\/www.yungayino.cl\/noticias\/index.php?rest_route=\/wp\/v2\/users\/2"}],"replies":[{"embeddable":true,"href":"https:\/\/www.yungayino.cl\/noticias\/index.php?rest_route=%2Fwp%2Fv2%2Fcomments&post=17828"}],"version-history":[{"count":3,"href":"https:\/\/www.yungayino.cl\/noticias\/index.php?rest_route=\/wp\/v2\/posts\/17828\/revisions"}],"predecessor-version":[{"id":17833,"href":"https:\/\/www.yungayino.cl\/noticias\/index.php?rest_route=\/wp\/v2\/posts\/17828\/revisions\/17833"}],"wp:featuredmedia":[{"embeddable":true,"href":"https:\/\/www.yungayino.cl\/noticias\/index.php?rest_route=\/wp\/v2\/media\/17829"}],"wp:attachment":[{"href":"https:\/\/www.yungayino.cl\/noticias\/index.php?rest_route=%2Fwp%2Fv2%2Fmedia&parent=17828"}],"wp:term":[{"taxonomy":"category","embeddable":true,"href":"https:\/\/www.yungayino.cl\/noticias\/index.php?rest_route=%2Fwp%2Fv2%2Fcategories&post=17828"},{"taxonomy":"post_tag","embeddable":true,"href":"https:\/\/www.yungayino.cl\/noticias\/index.php?rest_route=%2Fwp%2Fv2%2Ftags&post=17828"}],"curies":[{"name":"wp","href":"https:\/\/api.w.org\/{rel}","templated":true}]}}