{"id":17846,"date":"2017-05-05T19:00:44","date_gmt":"2017-05-05T22:00:44","guid":{"rendered":"http:\/\/www.yungayino.cl\/noticias\/?p=17846"},"modified":"2017-05-05T21:35:15","modified_gmt":"2017-05-06T00:35:15","slug":"carabineros-de-yungay-realizo-ceremonia-de-premiacion-de-concurso-de-pintura","status":"publish","type":"post","link":"https:\/\/www.yungayino.cl\/noticias\/?p=17846","title":{"rendered":"Carabineros de Yungay Realiz\u00f3 Ceremonia de Premiaci\u00f3n de Concurso de Pintura"},"content":{"rendered":"<p><img loading=\"lazy\" decoding=\"async\" class=\"alignnone size-full wp-image-17847\" src=\"http:\/\/www.yungayino.cl\/noticias\/wp-content\/uploads\/2017\/05\/carabineros_concurso_pintura_201705.jpg\" alt=\"\" width=\"700\" height=\"351\" srcset=\"https:\/\/www.yungayino.cl\/noticias\/wp-content\/uploads\/2017\/05\/carabineros_concurso_pintura_201705.jpg 700w, https:\/\/www.yungayino.cl\/noticias\/wp-content\/uploads\/2017\/05\/carabineros_concurso_pintura_201705-300x150.jpg 300w, https:\/\/www.yungayino.cl\/noticias\/wp-content\/uploads\/2017\/05\/carabineros_concurso_pintura_201705-299x150.jpg 299w\" sizes=\"auto, (max-width: 700px) 100vw, 700px\" \/><\/p>\n<p style=\"text-align: justify;\">Yungay, jueves 05 de mayo 2017: En las dependencias de la Biblioteca P\u00fablica Oreste Montero, Carabineros de la Cuarta Comisaria de Yungay realiz\u00f3 la Ceremonia de Premiaci\u00f3n del Concurso de Pintura, denominado <strong>\u201cPinta a Tu Carabinero a Tu Pinta<\/strong>\u201d, en el marco del nonag\u00e9simo aniversario Institucional.<\/p>\n<p style=\"text-align: justify;\">El concurso que fue dirigido a los alumnos de los diferentes Establecimientos Educacionales de los Niveles Pre-B\u00e1sica, B\u00e1sica y Ense\u00f1anza Media, correspondientes a los Colegio de las Comunas de Yungay, El Carmen y Pemuco.<\/p>\n<p style=\"text-align: justify;\">Se\u00f1alar que la ceremonia cont\u00f3 con la asistencia del alcalde Rafael Cifuentes, el Mayor de Carabineros, Rodrigo Rosales Cataldo, el Presidente del C\u00edrculo de Alguacil de Yungay, Eduardo S\u00e1nchez Alegr\u00eda, la Jefa DAEM Yungay, Eugenia L\u00f3pez Hern\u00e1ndez, Miembros del Concejo Municipal, Funcionarios de Carabineros e invitados especiales.<\/p>\n<p style=\"text-align: justify;\">&nbsp;<\/p>\n<p style=\"text-align: justify;\"><iframe loading=\"lazy\" style=\"border: none; overflow: hidden;\" src=\"https:\/\/www.facebook.com\/plugins\/post.php?href=https:\/\/www.facebook.com\/media\/set\/?set=a.1670312526317113.1073743054.159561284058919&amp;type=1&amp;l=0a30a1ce32&amp;l=a77e327dc6&amp;l=f5951f1994&amp;l=bfecbb8adf&amp;l=687b6bf5da&amp;width=500&amp;show_text=true&amp;height=691&amp;appId\" scrolling=\"no\" width=\"500\" height=\"691\" frameborder=\"0\"><\/iframe><\/p>\n<p style=\"text-align: justify;\">&nbsp;<\/p>\n<p style=\"text-align: justify;\">Finalmente se procedi\u00f3 a la premiaci\u00f3n de los distintos Niveles:<\/p>\n<p style=\"text-align: justify;\"><strong><u>Ganadores Pre- B\u00e1sicos (Pre- K\u00ednder a K\u00ednder)<\/u><\/strong><\/p>\n<p style=\"text-align: justify;\">1\u00b0 Lugar, Valentina Ram\u00edrez Dihmes, Escuela Fernando Baquedano de Yungay<\/p>\n<p style=\"text-align: justify;\">2\u00b0 Lugar, Yarinela Cand\u00eda Monje, Escuela Fernando Baquedano de Yungay<\/p>\n<p style=\"text-align: justify;\">3\u00b0 Lugar, Agust\u00edn Contreras Contreras, Escuela Dafne Zapata de Pemuco<\/p>\n<p style=\"text-align: justify;\"><strong>&nbsp;<\/strong><\/p>\n<p style=\"text-align: justify;\"><strong><u>Ganadores B\u00e1sicos (1\u00b0 a 4\u00b0 B\u00e1sico)<\/u><\/strong><\/p>\n<p style=\"text-align: justify;\">1\u00b0 Lugar, Martin Saavedra Venegas, Colegio Divina Pastora de Yungay<\/p>\n<p style=\"text-align: justify;\">2\u00b0 Lugar, Josefa Pardo Gallardo, Colegio Nueva Esperanza de Yungay<\/p>\n<p style=\"text-align: justify;\">3\u00b0 Lugar, Paula Franco Rodr\u00edguez, Escuela Bernardo Mu\u00f1oz de El Carmen<\/p>\n<p style=\"text-align: justify;\">Menci\u00f3n Honrosa, Isolina C\u00f3rdova Pardo, Colegio Divina Pastora de Yungay<\/p>\n<p style=\"text-align: justify;\">Menci\u00f3n Honrosa, Kamila Anabalon Cabezas, Colegio Divina Pastora de Yungay<\/p>\n<p style=\"text-align: justify;\"><strong>&nbsp;<\/strong><\/p>\n<p style=\"text-align: justify;\"><strong><u>Ganadores B\u00e1sicos (5\u00b0 a 8\u00b0 B\u00e1sico)<\/u><\/strong><\/p>\n<p style=\"text-align: justify;\">1\u00b0 Lugar, Francisca Luna Cordero, Colegio Divina Pastora de Yungay<\/p>\n<p style=\"text-align: justify;\">2\u00b0 Lugar, Emanuel Soto del Carpio, Colegio Nueva Esperanza de Yungay<\/p>\n<p style=\"text-align: justify;\">3\u00b0 Lugar, Amaya Arias Mosqueira, Colegio Nueva Esperanza de Yungay<\/p>\n<p style=\"text-align: justify;\"><strong>&nbsp;<\/strong><\/p>\n<p style=\"text-align: justify;\"><strong><u>Ganadores Ense\u00f1anza Media (1 \u00b0 a 4 \u00b0 Medio)<\/u><\/strong><\/p>\n<p style=\"text-align: justify;\">1\u00b0 Lugar, Camila Campos Mart\u00ednez, Liceo Juvenal Hern\u00e1ndez de El Carmen<\/p>\n<p style=\"text-align: justify;\">2\u00b0 Lugar, Catalina Monsalve Garay, Liceo Juvenal Hern\u00e1ndez de El Carmen<\/p>\n<p style=\"text-align: justify;\">3\u00b0 Lugar, Andr\u00e9s Carrera Escobar, Colegio Nueva Esperanza de Yungay<\/p>\n<p style=\"text-align: justify;\">&nbsp;<\/p>\n<p style=\"text-align: justify;\">[su_button url=\u00bbhttps:\/\/www.facebook.com\/media\/set\/?set=a.1670312526317113.1073743054.159561284058919&amp;type=1&amp;l=0a30a1ce32&#8243; target=\u00bbblank\u00bb size=\u00bb7&#8243; radius=\u00bbround\u00bb icon=\u00bbicon: facebook-square\u00bb]FOTOGRAF\u00cdAS &#8211; Carabineros de Yungay Realiz\u00f3 Ceremonia de Premiaci\u00f3n de Concurso de Pintura[\/su_button]<\/p>\n","protected":false},"excerpt":{"rendered":"<p>Yungay, jueves 05 de mayo 2017: En las dependencias de la Biblioteca P\u00fablica Oreste Montero, Carabineros de la Cuarta Comisaria de Yungay realiz\u00f3 la Ceremonia de Premiaci\u00f3n del Concurso de Pintura, denominado \u201cPinta a&#46;&#46;&#46;<\/p>\n","protected":false},"author":2,"featured_media":17847,"comment_status":"open","ping_status":"open","sticky":false,"template":"","format":"standard","meta":{"footnotes":""},"categories":[1],"tags":[25,70,320,375,1194,190,1115,30,1542,8,6,117],"class_list":["post-17846","post","type-post","status-publish","format-standard","has-post-thumbnail","hentry","category-noticias","tag-carabineros","tag-colegio-divina-pastora","tag-colegio-nueva-esperanza","tag-concurso-pintura","tag-el-carmen","tag-escuela-fernando-baquedano","tag-noticias","tag-pemuco","tag-pinta-a-tu-carabinero-a-tu-pinta","tag-yungay","tag-yungayino","tag-yungayinocl"],"_links":{"self":[{"href":"https:\/\/www.yungayino.cl\/noticias\/index.php?rest_route=\/wp\/v2\/posts\/17846","targetHints":{"allow":["GET"]}}],"collection":[{"href":"https:\/\/www.yungayino.cl\/noticias\/index.php?rest_route=\/wp\/v2\/posts"}],"about":[{"href":"https:\/\/www.yungayino.cl\/noticias\/index.php?rest_route=\/wp\/v2\/types\/post"}],"author":[{"embeddable":true,"href":"https:\/\/www.yungayino.cl\/noticias\/index.php?rest_route=\/wp\/v2\/users\/2"}],"replies":[{"embeddable":true,"href":"https:\/\/www.yungayino.cl\/noticias\/index.php?rest_route=%2Fwp%2Fv2%2Fcomments&post=17846"}],"version-history":[{"count":3,"href":"https:\/\/www.yungayino.cl\/noticias\/index.php?rest_route=\/wp\/v2\/posts\/17846\/revisions"}],"predecessor-version":[{"id":17850,"href":"https:\/\/www.yungayino.cl\/noticias\/index.php?rest_route=\/wp\/v2\/posts\/17846\/revisions\/17850"}],"wp:featuredmedia":[{"embeddable":true,"href":"https:\/\/www.yungayino.cl\/noticias\/index.php?rest_route=\/wp\/v2\/media\/17847"}],"wp:attachment":[{"href":"https:\/\/www.yungayino.cl\/noticias\/index.php?rest_route=%2Fwp%2Fv2%2Fmedia&parent=17846"}],"wp:term":[{"taxonomy":"category","embeddable":true,"href":"https:\/\/www.yungayino.cl\/noticias\/index.php?rest_route=%2Fwp%2Fv2%2Fcategories&post=17846"},{"taxonomy":"post_tag","embeddable":true,"href":"https:\/\/www.yungayino.cl\/noticias\/index.php?rest_route=%2Fwp%2Fv2%2Ftags&post=17846"}],"curies":[{"name":"wp","href":"https:\/\/api.w.org\/{rel}","templated":true}]}}