{"id":17855,"date":"2017-05-07T20:00:50","date_gmt":"2017-05-07T23:00:50","guid":{"rendered":"http:\/\/www.yungayino.cl\/noticias\/?p=17855"},"modified":"2017-05-07T21:12:45","modified_gmt":"2017-05-08T00:12:45","slug":"pequenos-agricultores-de-yungay-inauguran-segunda-etapa-de-feria-prodesal-el-esfuerzo-campesino","status":"publish","type":"post","link":"https:\/\/www.yungayino.cl\/noticias\/?p=17855","title":{"rendered":"Peque\u00f1os Agricultores de Yungay Inauguran Segunda Etapa de Feria Prodesal \u201cEl Esfuerzo Campesino\u201d"},"content":{"rendered":"<p><img loading=\"lazy\" decoding=\"async\" class=\"alignnone size-full wp-image-17856\" src=\"http:\/\/www.yungayino.cl\/noticias\/wp-content\/uploads\/2017\/05\/feria_el_esfuerzo_campesino.jpg\" alt=\"\" width=\"700\" height=\"350\" srcset=\"https:\/\/www.yungayino.cl\/noticias\/wp-content\/uploads\/2017\/05\/feria_el_esfuerzo_campesino.jpg 700w, https:\/\/www.yungayino.cl\/noticias\/wp-content\/uploads\/2017\/05\/feria_el_esfuerzo_campesino-300x150.jpg 300w\" sizes=\"auto, (max-width: 700px) 100vw, 700px\" \/><\/p>\n<p style=\"text-align: justify;\">Yungay, domingo 07 de mayo 2017: Con mucha alegr\u00eda el pasado viernes 05 de mayo, 20 peque\u00f1os agricultores productores de los Prodesales de nuestra comuna inauguraron la Segunda Etapa de Feria Prodesal denominada, \u201cEl Esfuerzo Campesino\u201d, la cual se encuentra ubicada en la Calle Angamos.<\/p>\n<p style=\"text-align: justify;\">En su inauguraci\u00f3n y tradicional corte de cinta participaron el alcalde Rafael Cifuentes Rodr\u00edguez, el Diputado Carlos Abel Jarpa, el Director Regional de Sercotec, Daniel Cuevas, Representante de INDAP, los concejales Ang\u00e9lica Cabezas, Patricia Moncada y Juan Quezada, adem\u00e1s de los Equipos T\u00e9cnicos del Programa Prodesal INDAP de Yungay.<\/p>\n<p style=\"text-align: justify;\"><iframe loading=\"lazy\" style=\"border: none; overflow: hidden;\" src=\"https:\/\/www.facebook.com\/plugins\/post.php?href=https:\/\/www.facebook.com\/media\/set\/?set=a.1672330346115331.1073743056.159561284058919&amp;type=1&amp;l=77815b48f5&amp;l=a77e327dc6&amp;l=f5951f1994&amp;l=bfecbb8adf&amp;l=687b6bf5da&amp;width=500&amp;show_text=true&amp;height=691&amp;appId\" scrolling=\"no\" width=\"500\" height=\"691\" frameborder=\"0\"><\/iframe><\/p>\n<p style=\"text-align: justify;\">&nbsp;<\/p>\n<p style=\"text-align: justify;\"><strong>Roberto Cortez<\/strong>, Coordinador de los Prodesales de Yungay, se\u00f1alo al Equipo del Portal Yungayino.cl que hoy se inaugura la segunda etapa de la feria campesina, donde se contempla el mejoramiento de las instalaciones que estaban, como cierre de los stands para dar mayor seguridad, se inauguran ba\u00f1os, una bodega para que los peque\u00f1os agricultores guarden sus productos adem\u00e1s de una oficina. Tambi\u00e9n destac\u00f3 que aqu\u00ed se venden productos 100% campesinos, el cual significa un tremendo potencial como es mantener nuestras ra\u00edces campesinas que existen en Yungay con los productos tradicionales como la tortilla, el huevo de campo, el caf\u00e9 de trigo, miel, legumbres, hortalizas, artesan\u00eda, etc.<\/p>\n<p style=\"text-align: justify;\">Por su parte la Sra. <strong>Ana Inostroza Mu\u00f1oz<\/strong>, Presidenta de la Feria Campesina que abarca a 20 familias de la comuna, se\u00f1alo estar muy feliz y orgullosa por el gran paso que han dado hoy, ya que necesitaban de estas cosas para poder venir a trabajar con mayores comodidades lo que les permitir\u00e1 seguir creciendo como emprendedores y poder atender mejor al p\u00fablico que los visita, tambi\u00e9n agradeci\u00f3 la ayuda de Prodesal, Indap, Sercotec, Municipalidad y autoridades que los han apoyado siempre, finalmente reiter\u00f3 la invitaci\u00f3n a toda la comunidad a visitar y conocer la feria, la cual de ahora en adelante atender\u00e1 de lunes a viernes a partir de las 09:00 horas en Calle Angamos, entre las calles Huamachuco y Chorrillos.<\/p>\n<p style=\"text-align: justify;\">El <strong>Alcalde Rafael Cifuentes Rodr\u00edguez<\/strong>, destac\u00f3 la inauguraci\u00f3n de esta segunda etapa como un gran avance con estas nuevas infraestructuras, como lo es la bodega, ba\u00f1os y cierres de los stands, que se concretaron gracias a un proyecto asociativo entre Indap y la Municipalidad, adem\u00e1s de la ayuda de Bienes Nacionales con el terreno, donde destac\u00f3 la visita hace alguna semanas de la Ministra a Yungay, donde se concret\u00f3 la entrega del terreno inicialmente por 5 a\u00f1os para luego en un mes y medio m\u00e1s realizar el tr\u00e1mite por 10 a\u00f1os, para en la tercera etapa realizar la entrega definitiva de este terreno al Municipio, finalmente llamo a la comunidad yungayina a visitar y apoyar a estos peque\u00f1os agricultores que con mucho esfuerzo traen sus productos de muy buena calidad.<\/p>\n<p style=\"text-align: justify;\">Finalmente y luego del tradicional corte de cinta autoridades e invitados compartieron un coctel campesino para celebrar esta nueva etapa.<\/p>\n<p style=\"text-align: justify;\">&nbsp;<\/p>\n<p style=\"text-align: justify;\">[su_button url=\u00bbhttps:\/\/www.facebook.com\/media\/set\/?set=a.1672330346115331.1073743056.159561284058919&amp;type=1&amp;l=77815b48f5&#8243; target=\u00bbblank\u00bb size=\u00bb7&#8243; radius=\u00bbround\u00bb icon=\u00bbicon: facebook-square\u00bb]FOTOGRAF\u00cdAS &#8211; Peque\u00f1os Agricultores de Yungay Inauguran Segunda Etapa de Feria Prodesal \u201cEl Esfuerzo Campesino\u201d[\/su_button]<\/p>\n","protected":false},"excerpt":{"rendered":"<p>Yungay, domingo 07 de mayo 2017: Con mucha alegr\u00eda el pasado viernes 05 de mayo, 20 peque\u00f1os agricultores productores de los Prodesales de nuestra comuna inauguraron la Segunda Etapa de Feria Prodesal denominada, \u201cEl&#46;&#46;&#46;<\/p>\n","protected":false},"author":2,"featured_media":17856,"comment_status":"open","ping_status":"open","sticky":false,"template":"","format":"standard","meta":{"footnotes":""},"categories":[1],"tags":[1544,140,1115,8,6,117],"class_list":["post-17855","post","type-post","status-publish","format-standard","has-post-thumbnail","hentry","category-noticias","tag-feria-el-esfuerzo-campesino","tag-indap","tag-noticias","tag-yungay","tag-yungayino","tag-yungayinocl"],"_links":{"self":[{"href":"https:\/\/www.yungayino.cl\/noticias\/index.php?rest_route=\/wp\/v2\/posts\/17855","targetHints":{"allow":["GET"]}}],"collection":[{"href":"https:\/\/www.yungayino.cl\/noticias\/index.php?rest_route=\/wp\/v2\/posts"}],"about":[{"href":"https:\/\/www.yungayino.cl\/noticias\/index.php?rest_route=\/wp\/v2\/types\/post"}],"author":[{"embeddable":true,"href":"https:\/\/www.yungayino.cl\/noticias\/index.php?rest_route=\/wp\/v2\/users\/2"}],"replies":[{"embeddable":true,"href":"https:\/\/www.yungayino.cl\/noticias\/index.php?rest_route=%2Fwp%2Fv2%2Fcomments&post=17855"}],"version-history":[{"count":3,"href":"https:\/\/www.yungayino.cl\/noticias\/index.php?rest_route=\/wp\/v2\/posts\/17855\/revisions"}],"predecessor-version":[{"id":17859,"href":"https:\/\/www.yungayino.cl\/noticias\/index.php?rest_route=\/wp\/v2\/posts\/17855\/revisions\/17859"}],"wp:featuredmedia":[{"embeddable":true,"href":"https:\/\/www.yungayino.cl\/noticias\/index.php?rest_route=\/wp\/v2\/media\/17856"}],"wp:attachment":[{"href":"https:\/\/www.yungayino.cl\/noticias\/index.php?rest_route=%2Fwp%2Fv2%2Fmedia&parent=17855"}],"wp:term":[{"taxonomy":"category","embeddable":true,"href":"https:\/\/www.yungayino.cl\/noticias\/index.php?rest_route=%2Fwp%2Fv2%2Fcategories&post=17855"},{"taxonomy":"post_tag","embeddable":true,"href":"https:\/\/www.yungayino.cl\/noticias\/index.php?rest_route=%2Fwp%2Fv2%2Ftags&post=17855"}],"curies":[{"name":"wp","href":"https:\/\/api.w.org\/{rel}","templated":true}]}}