{"id":17889,"date":"2017-05-19T23:00:04","date_gmt":"2017-05-20T02:00:04","guid":{"rendered":"http:\/\/www.yungayino.cl\/noticias\/?p=17889"},"modified":"2017-05-20T15:39:39","modified_gmt":"2017-05-20T18:39:39","slug":"liceo-a-17-de-yungay-rindio-homenaje-con-motivo-del-dia-de-las-glorias-navales","status":"publish","type":"post","link":"https:\/\/www.yungayino.cl\/noticias\/?p=17889","title":{"rendered":"Liceo A-17 de Yungay Rindi\u00f3 Homenaje con Motivo del \u201cD\u00eda de las Glorias Navales\u201d"},"content":{"rendered":"<p><img loading=\"lazy\" decoding=\"async\" class=\"alignnone size-full wp-image-17890\" src=\"http:\/\/www.yungayino.cl\/noticias\/wp-content\/uploads\/2017\/05\/21_mayo_2017.jpg\" alt=\"\" width=\"700\" height=\"350\" srcset=\"https:\/\/www.yungayino.cl\/noticias\/wp-content\/uploads\/2017\/05\/21_mayo_2017.jpg 700w, https:\/\/www.yungayino.cl\/noticias\/wp-content\/uploads\/2017\/05\/21_mayo_2017-300x150.jpg 300w\" sizes=\"auto, (max-width: 700px) 100vw, 700px\" \/><\/p>\n<p style=\"text-align: justify;\">Yungay, viernes 19 de mayo 2017: En las dependencias de la Biblioteca P\u00fablica Oreste Montero se realiz\u00f3 un acto para rendir homenaje a las Glorias Navales, efem\u00e9ride Chilena que conmemora el Combate Naval de Iquique, ocurrido el 21 de mayo de 1879, donde muri\u00f3 el capit\u00e1n de fragata Arturo Prat Chac\u00f3n, junto a toda la plana mayor de la corbeta Esmeralda, la cual fue hundida en combate por el monitor peruano Hu\u00e1scar.<\/p>\n<p style=\"text-align: justify;\">El acto estuvo a cargo de la Comunidad Escolar del Liceo A -17 de Yungay, el cual fue liderado por su Director, Sergio Villalobos, la Jefa del Departamento de Educaci\u00f3n, Eugenia L\u00f3pez, el Mayor de Carabineros, Rodrigo Rosales Cataldo, Concejales Ang\u00e9lica Cabezas, Patricia Moncada, Juana Sandoval, Juan Quezada y Ricardo Ramos, adem\u00e1s de Directores de los Diferentes Establecimientos Educacionales de nuestra comuna e invitados especiales.<\/p>\n<p style=\"text-align: justify;\">\n<iframe loading=\"lazy\" src=\"https:\/\/www.facebook.com\/plugins\/post.php?href=https:\/\/www.facebook.com\/media\/set\/?set=a.1685681651446867.1073743065.159561284058919&#038;type=1&#038;l=62002afb6d&#038;l=a77e327dc6&#038;l=f5951f1994&#038;l=bfecbb8adf&#038;l=687b6bf5da&#038;width=500&#038;show_text=true&#038;height=691&#038;appId\" width=\"500\" height=\"691\" style=\"border:none;overflow:hidden\" scrolling=\"no\" frameborder=\"0\" allowTransparency=\"true\"><\/iframe>\n<\/p>\n<p style=\"text-align: justify;\">&nbsp;<\/p>\n<p style=\"text-align: justify;\">El acto se inici\u00f3 con la interpretaci\u00f3n del Himno Nacional, para luego escuchar una alocuci\u00f3n hist\u00f3rica realizada por el Sr. Claudio Sep\u00falveda, Jefe U.T.P Liceo Yungay y continuar con la participaci\u00f3n del Grupo Folcl\u00f3rico del Liceo, \u201dVerde Valle\u201d.<\/p>\n<p style=\"text-align: justify;\">Tambi\u00e9n en la ocasi\u00f3n se hizo entrega de un reconocimiento a la alumna <strong>Yhoana Ivette Bermedo San Martin<\/strong>, qui\u00e9n el a\u00f1o 2016 fue beneficiada con la Beca CORFO de Pasant\u00edas Escolares al Extranjero que desarrolla el Ministerio de Econom\u00eda y CORFO del \u201cPrograma Ping\u00fcinos sin Frontera\u201d y que le significo que viajara a Canad\u00e1 durante un semestre.<\/p>\n<p style=\"text-align: justify;\"><strong>Sergio Villalobos<\/strong>, Director del Liceo, se\u00f1alo que ya es tradicional celebrar las Glorias Navales, acontecimiento que est\u00e1 a cargo del Liceo, por lo tanto es gratificante desarrollar esta actividad con la presencia masiva de los estudiantes y los colegios de la comuna, evento que cont\u00f3 con puesta de n\u00fameros art\u00edsticos, adem\u00e1s destaco que en la actualidad somos un Liceo de Excelencia Acad\u00e9mica y que aprovecha la ocasi\u00f3n para informar a la comunidad que este a\u00f1o el Liceo de Yungay acaba de ingresar a la Red de Escuela Lideres del Pa\u00eds, donde no son m\u00e1s de 100, en la regi\u00f3n son solo 16, y en la provincia el tercer colegio que entra a esta Red de Escuela Lideres que es financiada por empresas privadas como es la Fundaci\u00f3n Escondida, Fundaci\u00f3n ARAUCO, Fundaci\u00f3n Chile, adem\u00e1s del el Mercurio.<\/p>\n<p style=\"text-align: justify;\">Finalmente las autoridades presentes se trasladaron a depositar a los pies del busto del Capit\u00e1n Arturo Prat una ofrenda floral.<\/p>\n<p style=\"text-align: justify;\">[su_button url=\u00bbhttps:\/\/www.facebook.com\/media\/set\/?set=a.1685681651446867.1073743065.159561284058919&amp;type=1&amp;l=62002afb6d\u00bb target=\u00bbblank\u00bb size=\u00bb7&#8243; radius=\u00bbround\u00bb icon=\u00bbicon: facebook-square\u00bb]FOTOGRAF\u00cdAS &#8211; Liceo A-17 de Yungay Rindi\u00f3 Homenaje con Motivo del \u201cD\u00eda de las Glorias Navales\u201d[\/su_button]<\/p>\n","protected":false},"excerpt":{"rendered":"<p>Yungay, viernes 19 de mayo 2017: En las dependencias de la Biblioteca P\u00fablica Oreste Montero se realiz\u00f3 un acto para rendir homenaje a las Glorias Navales, efem\u00e9ride Chilena que conmemora el Combate Naval de&#46;&#46;&#46;<\/p>\n","protected":false},"author":2,"featured_media":17890,"comment_status":"open","ping_status":"open","sticky":false,"template":"","format":"standard","meta":{"footnotes":""},"categories":[3,1],"tags":[493,89,1115,8,6,117],"class_list":["post-17889","post","type-post","status-publish","format-standard","has-post-thumbnail","hentry","category-actualidad","category-noticias","tag-21-mayo","tag-liceo-yungay","tag-noticias","tag-yungay","tag-yungayino","tag-yungayinocl"],"_links":{"self":[{"href":"https:\/\/www.yungayino.cl\/noticias\/index.php?rest_route=\/wp\/v2\/posts\/17889","targetHints":{"allow":["GET"]}}],"collection":[{"href":"https:\/\/www.yungayino.cl\/noticias\/index.php?rest_route=\/wp\/v2\/posts"}],"about":[{"href":"https:\/\/www.yungayino.cl\/noticias\/index.php?rest_route=\/wp\/v2\/types\/post"}],"author":[{"embeddable":true,"href":"https:\/\/www.yungayino.cl\/noticias\/index.php?rest_route=\/wp\/v2\/users\/2"}],"replies":[{"embeddable":true,"href":"https:\/\/www.yungayino.cl\/noticias\/index.php?rest_route=%2Fwp%2Fv2%2Fcomments&post=17889"}],"version-history":[{"count":2,"href":"https:\/\/www.yungayino.cl\/noticias\/index.php?rest_route=\/wp\/v2\/posts\/17889\/revisions"}],"predecessor-version":[{"id":17892,"href":"https:\/\/www.yungayino.cl\/noticias\/index.php?rest_route=\/wp\/v2\/posts\/17889\/revisions\/17892"}],"wp:featuredmedia":[{"embeddable":true,"href":"https:\/\/www.yungayino.cl\/noticias\/index.php?rest_route=\/wp\/v2\/media\/17890"}],"wp:attachment":[{"href":"https:\/\/www.yungayino.cl\/noticias\/index.php?rest_route=%2Fwp%2Fv2%2Fmedia&parent=17889"}],"wp:term":[{"taxonomy":"category","embeddable":true,"href":"https:\/\/www.yungayino.cl\/noticias\/index.php?rest_route=%2Fwp%2Fv2%2Fcategories&post=17889"},{"taxonomy":"post_tag","embeddable":true,"href":"https:\/\/www.yungayino.cl\/noticias\/index.php?rest_route=%2Fwp%2Fv2%2Ftags&post=17889"}],"curies":[{"name":"wp","href":"https:\/\/api.w.org\/{rel}","templated":true}]}}