{"id":17917,"date":"2017-05-29T20:00:48","date_gmt":"2017-05-29T23:00:48","guid":{"rendered":"http:\/\/www.yungayino.cl\/noticias\/?p=17917"},"modified":"2017-05-29T23:18:25","modified_gmt":"2017-05-30T02:18:25","slug":"vecinos-de-los-valles-de-atacalco-y-recinto-critican-rechazo-del-municipio-de-pinto-al-proyecto-mini-hidro-halcones","status":"publish","type":"post","link":"https:\/\/www.yungayino.cl\/noticias\/?p=17917","title":{"rendered":"Vecinos de los Valles de Atacalco y Recinto Critican Rechazo del Municipio de Pinto al Proyecto \u201cMini Hidro Halcones\u201d"},"content":{"rendered":"<p><img loading=\"lazy\" decoding=\"async\" class=\"alignnone size-full wp-image-17918\" src=\"http:\/\/www.yungayino.cl\/noticias\/wp-content\/uploads\/2017\/05\/mini_hidro_halcones.jpg\" alt=\"\" width=\"700\" height=\"350\" srcset=\"https:\/\/www.yungayino.cl\/noticias\/wp-content\/uploads\/2017\/05\/mini_hidro_halcones.jpg 700w, https:\/\/www.yungayino.cl\/noticias\/wp-content\/uploads\/2017\/05\/mini_hidro_halcones-300x150.jpg 300w\" sizes=\"auto, (max-width: 700px) 100vw, 700px\" \/><\/p>\n<p style=\"text-align: justify;\">Pinto, lunes 29 de mayo 2017: La iniciativa de energ\u00eda limpia ya cuenta con pronunciamientos positivos por parte del SAG y SERNAPESCA. Los pobladores reclaman presiones indebidas en el discurso que ha optado la autoridad municipal respecto al proyecto.<\/p>\n<p style=\"text-align: justify;\">Desaz\u00f3n, enojo y desesperanza son las mejores definiciones para representar el sentir de los vecinos de los Valles de Atacalco, Recinto y Los Lleuques, tras conocerse un nuevo oficio de la Municipalidad de Pinto en que rechaza el Proyecto de la Mini Hidro Halcones.&nbsp;<\/p>\n<p style=\"text-align: justify;\">Una declaraci\u00f3n municipal que anota una serie de imprecisiones en su formulaci\u00f3n y que tras revisar la \u00faltima agenda presentada por el proyecto hidroel\u00e9ctrico ante el Servicio de Evaluaci\u00f3n Ambiental (SEA), indica que sus medidas de mitigaci\u00f3n no guardan relaci\u00f3n estricta con los impactos provocados.<\/p>\n<p style=\"text-align: justify;\">Una primera inconsistencia en el documento emanado por la municipalidad radica en que el Proyecto <strong>\u201cMini Hidro Halcones\u201d,<\/strong> s\u00ed es compatible con el instrumento de planificaci\u00f3n territorial vigente en Pinto, tal como lo es la construcci\u00f3n de casas, hoteles y restaurantes. De hecho, cabe mencionar que la comuna de Pinto, es la \u00fanica en la Regi\u00f3n del Biob\u00edo que no cuenta con un Plan Regulador Comunal y actualmente se rige por el Plan Seccional Termas de Chill\u00e1n, bajo el cual se han construido una serie de edificaciones como complejos hoteleros que se encuentran en zona ZT-2.&nbsp;<\/p>\n<p style=\"text-align: justify;\"><iframe loading=\"lazy\" src=\"https:\/\/www.facebook.com\/plugins\/post.php?href=https:\/\/www.facebook.com\/media\/set\/?set=a.1695228770492155.1073743068.159561284058919&#038;type=1&#038;l=8d62a1eea6&#038;l=a77e327dc6&#038;l=f5951f1994&#038;l=bfecbb8adf&#038;l=687b6bf5da&#038;width=500&#038;show_text=true&#038;height=691&#038;appId\" width=\"500\" height=\"691\" style=\"border:none;overflow:hidden\" scrolling=\"no\" frameborder=\"0\" allowTransparency=\"true\"><\/iframe>\n<\/p>\n<p style=\"text-align: justify;\">&nbsp;<\/p>\n<p style=\"text-align: justify;\">Esta situaci\u00f3n es avalada por el concejal de Pinto Jorge Arias, quien puntualiza que \u201cno concuerdo con el oficio presentado, sobre todo cuando hace menci\u00f3n al Plan de Desarrollo Comunal. De qu\u00e9 PLADECO estamos hablando, sino tenemos un Plan de Desarrollo Comunal en Pinto. Como concejales, hemos sido los primeros en solicitar la pronta licitaci\u00f3n para el PLADECO y se nos ha dicho que est\u00e1 pronto a adjudicarse y que se est\u00e1 resolviendo el tema de los costos. En la zona, cuando se habla de turismo, esto s\u00f3lo se remite a Las Trancas y Las Termas. El resto de los sectores est\u00e1 en pa\u00f1ales. A nosotros como concejales no nos han entregado mayor informaci\u00f3n respecto a este oficio. Esta opini\u00f3n a nivel de municipio es la visi\u00f3n del encargado de Medio Ambiente y que, en este caso, estar\u00eda siendo respaldada por el Alcalde\u201d.<\/p>\n<p style=\"text-align: justify;\">Respecto al programa de mitigaciones, el proyecto Halcones implementar\u00e1 medidas de compensaci\u00f3n que son muy superiores a las presentadas por otros proyectos en la comuna y que, a su vez, sentar\u00e1n un precedente para futuros desarrollos. As\u00ed lo confirma Pedro Matthei, titular del proyecto, quien puntualiza que \u201cpor primera vez en la historia de la comuna, un proyecto destinar\u00e1 una superficie de 300 hect\u00e1reas y se generar\u00e1 informaci\u00f3n cient\u00edfica sobre el huemul para su conservaci\u00f3n. Adem\u00e1s formaremos a operadores en turismo de fines especiales, lo que corresponde a una forma de educaci\u00f3n ambiental. Es m\u00e1s, de los 11 ejemplares de Lleuque que se afectar\u00e1n, se trasplantar\u00e1n 10 y se plantar\u00e1n 130 individuos nuevos. Adem\u00e1s, crearemos una zona de protecci\u00f3n del Lleuque de 5 hect\u00e1reas, con senderos y se\u00f1al\u00e9tica para visitantes. Esto es muy positivo para la biodiversidad y el desarrollo tur\u00edstico de la comuna, en especial del sector de Atacalco\u201d.<\/p>\n<p style=\"text-align: justify;\"><strong>Las Presiones Detr\u00e1s de la Decisi\u00f3n Municipal <\/strong><\/p>\n<p style=\"text-align: justify;\">Tras conocerse el documento emanado por la autoridad municipal de Pinto, los vecinos y las agrupaciones sociales de la zona fueron las primeras en levantar su voz, entendiendo que con esta medida nuevamente se postergan los anhelos de crecimiento y desarrollo esperados por a\u00f1os por parte de los residentes en la zona. <strong>C\u00e9sar Oyarce<\/strong>, Presidente de la Junta de Vecinos de Los Lleuques Bajo Camino Macal, se\u00f1al\u00f3 que \u201cnuestra fuerza est\u00e1 puesta en que todos apoyen el proyecto Halcones, ya que sabemos que el sector de Las Trancas es el que tiene el mayor potencial econ\u00f3mico, porque son los capitalistas de la zona. Siempre son los que terminan oponi\u00e9ndose a cualquier tipo de proyecto en el resto de los sectores aleda\u00f1os, presionando a las autoridades\u201d.<\/p>\n<p style=\"text-align: justify;\">Una opini\u00f3n que es compartida por <strong>Ram\u00f3n Rivas<\/strong>, presidente de la Agrupaci\u00f3n de Arrieros y Criadores del Valle de Atacalco, quien puntualiza que \u201cla gente ac\u00e1 est\u00e1 contenta con el proyecto de la mini hidroel\u00e9ctrica. Nosotros ya firmamos para apoyar la iniciativa y esperamos que salga adelante lo m\u00e1s pronto posible. Va a ser una gran fuente de trabajo para nosotros. Lo que piensa la gente de m\u00e1s arriba, espec\u00edficamente de Las Trancas, no nos importa mucho porque son precisamente ellos los que han secado el R\u00edo Renegado, extrayendo el agua de forma ilegal y sin pagar ning\u00fan derecho por ello. Han cortado todos los afluentes que llegan al r\u00edo e instalan mangueras para desviar el cauce. En verano es cuando todos nosotros ac\u00e1 en Atacalco sufrimos las consecuencias, ya que hay meses como enero y febrero en que no tenemos agua para regar. Son aguas que ellos capturan de forma clandestina y que ni siquiera las tienen inscritas\u201d.&nbsp;<\/p>\n<p style=\"text-align: justify;\">Con fecha 25 de mayo, tanto el SAG como SERNAPESCA se manifestaron conformes con la tercera agenda presentada por la Peque\u00f1a Central Hidroel\u00e9ctrica de Pasada Halcones, considerando que el titular dio respuestas adecuadas y consistentes a las apreciaciones presentadas por estos servicios.&nbsp;<\/p>\n<p style=\"text-align: justify;\"><strong>Una Deuda Pendiente con los Vecinos de los Valles <\/strong><\/p>\n<p style=\"text-align: justify;\"><strong>Mar\u00eda V\u00e9jar<\/strong>, secretaria de la Junta de Vecinos del Valle de Recinto, hace un llamado a la autoridad municipal y especifica que \u201cen todo Pinto se sabe que los vecinos de la zona estamos a favor del proyecto Halcones. Molesta mucho que no nos tomen en cuenta. La municipalidad s\u00f3lo favorece el turismo en Las Trancas porque all\u00e1 existe un mayor poder econ\u00f3mico, es como un barrio alto de la comuna. Pero tambi\u00e9n es importante que en sus decisiones el Alcalde tome el parecer&nbsp; de nosotros, que somos los residentes de la zona. La municipalidad tiene una deuda pendiente con el desarrollo del Valle de Atacalco y nosotros vamos a seguir alzando la voz\u201d.<\/p>\n<p style=\"text-align: justify;\">Otro actor que rubrica el llamado al edil pinte\u00f1o es Jos\u00e9 Parra, presidente de la Junta de Vecinos del Valle de Recinto, quien comenta que \u201cno estamos para nada de acuerdo con el Alcalde cuando rechaza el proyectos Halcones, porque este va a traer adelantos para la comunidad, trabajo para la gente y mejoras en los caminos, que es otro tema de los que la municipalidad no se hace cargo. Es un bien para toda nuestra comunidad, por los turistas que van a llegar y los beneficios que esto va a tener para los vecinos que tienen negocios ac\u00e1. Tambi\u00e9n nos gustar\u00eda poder beneficiarnos de la energ\u00eda que va a generar la mini hidro, ya que en Pinto podr\u00edan bajar las cuentas de luz si se realizan este tipo de proyectos. Ser\u00eda muy positivo que se construyera la central de pasada, porque es un adelanto para todos y la empresa ha trabajado desde hace ya dos a\u00f1os con nosotros. Solucionando nuestros problemas y fomentando nuestras sedes, la municipalidad tiene una deuda pendiente con el desarrollo del Valle de Atacalco y nosotros vamos a seguir alzando la voz\u201d.<\/p>\n<p style=\"text-align: justify;\">[su_button url=\u00bbhttps:\/\/www.facebook.com\/media\/set\/?set=a.1695228770492155.1073743068.159561284058919&amp;type=1&amp;l=8d62a1eea6&#8243; target=\u00bbblank\u00bb size=\u00bb7&#8243; radius=\u00bbround\u00bb icon=\u00bbicon: facebook-square\u00bb]FOTOGRAF\u00cdAS &#8211; Vecinos de los Valles de Atacalco y Recinto Critican Rechazo del Municipio de Pinto al Proyecto \u201cMini Hidro Halcones\u201d[\/su_button]<\/p>\n","protected":false},"excerpt":{"rendered":"<p>Pinto, lunes 29 de mayo 2017: La iniciativa de energ\u00eda limpia ya cuenta con pronunciamientos positivos por parte del SAG y SERNAPESCA. Los pobladores reclaman presiones indebidas en el discurso que ha optado la&#46;&#46;&#46;<\/p>\n","protected":false},"author":2,"featured_media":17918,"comment_status":"open","ping_status":"open","sticky":false,"template":"","format":"standard","meta":{"footnotes":""},"categories":[1],"tags":[1552,1555,1115,1149,1554,1553,8,6,117],"class_list":["post-17917","post","type-post","status-publish","format-standard","has-post-thumbnail","hentry","category-noticias","tag-las-trancas","tag-mini-hidro-halcones","tag-noticias","tag-pinto","tag-recinto","tag-valle-atacalto","tag-yungay","tag-yungayino","tag-yungayinocl"],"_links":{"self":[{"href":"https:\/\/www.yungayino.cl\/noticias\/index.php?rest_route=\/wp\/v2\/posts\/17917","targetHints":{"allow":["GET"]}}],"collection":[{"href":"https:\/\/www.yungayino.cl\/noticias\/index.php?rest_route=\/wp\/v2\/posts"}],"about":[{"href":"https:\/\/www.yungayino.cl\/noticias\/index.php?rest_route=\/wp\/v2\/types\/post"}],"author":[{"embeddable":true,"href":"https:\/\/www.yungayino.cl\/noticias\/index.php?rest_route=\/wp\/v2\/users\/2"}],"replies":[{"embeddable":true,"href":"https:\/\/www.yungayino.cl\/noticias\/index.php?rest_route=%2Fwp%2Fv2%2Fcomments&post=17917"}],"version-history":[{"count":2,"href":"https:\/\/www.yungayino.cl\/noticias\/index.php?rest_route=\/wp\/v2\/posts\/17917\/revisions"}],"predecessor-version":[{"id":17920,"href":"https:\/\/www.yungayino.cl\/noticias\/index.php?rest_route=\/wp\/v2\/posts\/17917\/revisions\/17920"}],"wp:featuredmedia":[{"embeddable":true,"href":"https:\/\/www.yungayino.cl\/noticias\/index.php?rest_route=\/wp\/v2\/media\/17918"}],"wp:attachment":[{"href":"https:\/\/www.yungayino.cl\/noticias\/index.php?rest_route=%2Fwp%2Fv2%2Fmedia&parent=17917"}],"wp:term":[{"taxonomy":"category","embeddable":true,"href":"https:\/\/www.yungayino.cl\/noticias\/index.php?rest_route=%2Fwp%2Fv2%2Fcategories&post=17917"},{"taxonomy":"post_tag","embeddable":true,"href":"https:\/\/www.yungayino.cl\/noticias\/index.php?rest_route=%2Fwp%2Fv2%2Ftags&post=17917"}],"curies":[{"name":"wp","href":"https:\/\/api.w.org\/{rel}","templated":true}]}}