{"id":17921,"date":"2017-05-29T21:00:47","date_gmt":"2017-05-30T00:00:47","guid":{"rendered":"http:\/\/www.yungayino.cl\/noticias\/?p=17921"},"modified":"2017-05-29T23:25:53","modified_gmt":"2017-05-30T02:25:53","slug":"red-de-turismo-de-yungay-participo-en-capacitacion-de-diseno-corporativo-realizado-en-quillon","status":"publish","type":"post","link":"https:\/\/www.yungayino.cl\/noticias\/?p=17921","title":{"rendered":"Red de Turismo de Yungay Particip\u00f3 en Capacitaci\u00f3n de \u201cDise\u00f1o Corporativo\u201d Realizado en Quill\u00f3n"},"content":{"rendered":"<p><img loading=\"lazy\" decoding=\"async\" class=\"alignnone size-full wp-image-17922\" src=\"http:\/\/www.yungayino.cl\/noticias\/wp-content\/uploads\/2017\/05\/red_turismo_capacitacion_quillon.jpg\" alt=\"\" width=\"700\" height=\"350\" srcset=\"https:\/\/www.yungayino.cl\/noticias\/wp-content\/uploads\/2017\/05\/red_turismo_capacitacion_quillon.jpg 700w, https:\/\/www.yungayino.cl\/noticias\/wp-content\/uploads\/2017\/05\/red_turismo_capacitacion_quillon-300x150.jpg 300w\" sizes=\"auto, (max-width: 700px) 100vw, 700px\" \/><\/p>\n<p style=\"text-align: justify;\">Quill\u00f3n, lunes 29 de mayo 2017: La Red de Turismo de Yungay particip\u00f3 activamente de una Capacitaci\u00f3n realizada en la comuna de Quill\u00f3n, donde m\u00e1s de 80 productores participaron en la jornada que buscaba potenciar la imagen de sus productos y del territorio.<\/p>\n<p style=\"text-align: justify;\"><iframe loading=\"lazy\" style=\"border: none; overflow: hidden;\" src=\"https:\/\/www.facebook.com\/plugins\/post.php?href=https:\/\/www.facebook.com\/media\/set\/?set=a.1695234387158260.1073743069.159561284058919&amp;type=1&amp;l=ed0f92dd9e&amp;l=a77e327dc6&amp;l=f5951f1994&amp;l=bfecbb8adf&amp;l=687b6bf5da&amp;width=500&amp;show_text=true&amp;height=691&amp;appId\" width=\"500\" height=\"691\" frameborder=\"0\" scrolling=\"no\"><\/iframe><\/p>\n<p style=\"text-align: justify;\">&nbsp;<\/p>\n<p style=\"text-align: justify;\"><strong>Luz Alejandra Melgarejo<\/strong>, Jefa Provincial de Sernatur \u00d1uble, qui\u00e9n se\u00f1al\u00f3 al Equipo del Portal Yungayino.cl, estar muy contenta con esta actividad realizada en Quill\u00f3n, donde destac\u00f3 la muy buena asistencia y participaci\u00f3n, donde se cont\u00f3 con alrededor de 80 personas tanto del Valle del Itata como comunas vecinas como fue el caso de <strong>Yungay<\/strong>, destacando que es un encuentro para prepararse para los desaf\u00edos que tiene el turismo en la regi\u00f3n para el futuro, adem\u00e1s de sumarse a lo que se est\u00e1 haciendo a nivel nacional, de c\u00f3mo aportar a los productos locales, darles mayor identidad y diferencia a otros productos con los que se encuentra el turista cuando llega a nuestra zona a visitarnos. Tambi\u00e9n se\u00f1alo que en esta oportunidad se cont\u00f3 con la participaci\u00f3n del relator Marcelo \u00c1lvarez Bravo, facilitador y documentador grafico internacional con 23 a\u00f1os de experiencia en dise\u00f1o de envases y marcas. \u201cEn general estamos muy contentos con la participaci\u00f3n y el alto inter\u00e9s de los productores en aprender esos aspectos t\u00e9cnicos que pueden llevarlos a encontrar nuevos nichos de mercado\u201d, se\u00f1alo la Jefa Provincial de Sernatur \u00d1uble.<\/p>\n<p style=\"text-align: justify;\">Finalmente destacar que fue una jornada completa de actividades te\u00f3ricas y pr\u00e1cticas organizada por la Direcci\u00f3n Regional de Sernatur Biob\u00edo y el Programa Zona de Rezago, financiada por los FNDR, aprobado por el Gobierno Regional para trabajar especialmente con el Valle del Itata, y donde participaron emprendedores de la zona de \u00d1uble que actualmente son parte de las iniciativas por fortalecer al Valle del Itata como destino tur\u00edstico.<\/p>\n<p style=\"text-align: justify;\">[su_button url=\u00bbhttps:\/\/www.facebook.com\/media\/set\/?set=a.1695234387158260.1073743069.159561284058919&amp;type=1&amp;l=ed0f92dd9e\u00bb target=\u00bbblank\u00bb size=\u00bb7&#8243; radius=\u00bbround\u00bb icon=\u00bbicon: facebook-square\u00bb]FOTOGRAF\u00cdAS &#8211; Red de Turismo de Yungay Particip\u00f3 en Capacitaci\u00f3n de \u201cDise\u00f1o Corporativo\u201d Realizado en Quill\u00f3n[\/su_button]<\/p>\n","protected":false},"excerpt":{"rendered":"<p>Quill\u00f3n, lunes 29 de mayo 2017: La Red de Turismo de Yungay particip\u00f3 activamente de una Capacitaci\u00f3n realizada en la comuna de Quill\u00f3n, donde m\u00e1s de 80 productores participaron en la jornada que buscaba&#46;&#46;&#46;<\/p>\n","protected":false},"author":2,"featured_media":17922,"comment_status":"open","ping_status":"open","sticky":false,"template":"","format":"standard","meta":{"footnotes":""},"categories":[1,15],"tags":[1115,1227,1343,8,6,117],"class_list":["post-17921","post","type-post","status-publish","format-standard","has-post-thumbnail","hentry","category-noticias","category-turismo","tag-noticias","tag-quillon","tag-red-de-turismo","tag-yungay","tag-yungayino","tag-yungayinocl"],"_links":{"self":[{"href":"https:\/\/www.yungayino.cl\/noticias\/index.php?rest_route=\/wp\/v2\/posts\/17921","targetHints":{"allow":["GET"]}}],"collection":[{"href":"https:\/\/www.yungayino.cl\/noticias\/index.php?rest_route=\/wp\/v2\/posts"}],"about":[{"href":"https:\/\/www.yungayino.cl\/noticias\/index.php?rest_route=\/wp\/v2\/types\/post"}],"author":[{"embeddable":true,"href":"https:\/\/www.yungayino.cl\/noticias\/index.php?rest_route=\/wp\/v2\/users\/2"}],"replies":[{"embeddable":true,"href":"https:\/\/www.yungayino.cl\/noticias\/index.php?rest_route=%2Fwp%2Fv2%2Fcomments&post=17921"}],"version-history":[{"count":3,"href":"https:\/\/www.yungayino.cl\/noticias\/index.php?rest_route=\/wp\/v2\/posts\/17921\/revisions"}],"predecessor-version":[{"id":17925,"href":"https:\/\/www.yungayino.cl\/noticias\/index.php?rest_route=\/wp\/v2\/posts\/17921\/revisions\/17925"}],"wp:featuredmedia":[{"embeddable":true,"href":"https:\/\/www.yungayino.cl\/noticias\/index.php?rest_route=\/wp\/v2\/media\/17922"}],"wp:attachment":[{"href":"https:\/\/www.yungayino.cl\/noticias\/index.php?rest_route=%2Fwp%2Fv2%2Fmedia&parent=17921"}],"wp:term":[{"taxonomy":"category","embeddable":true,"href":"https:\/\/www.yungayino.cl\/noticias\/index.php?rest_route=%2Fwp%2Fv2%2Fcategories&post=17921"},{"taxonomy":"post_tag","embeddable":true,"href":"https:\/\/www.yungayino.cl\/noticias\/index.php?rest_route=%2Fwp%2Fv2%2Ftags&post=17921"}],"curies":[{"name":"wp","href":"https:\/\/api.w.org\/{rel}","templated":true}]}}