{"id":17926,"date":"2017-06-01T15:00:48","date_gmt":"2017-06-01T18:00:48","guid":{"rendered":"http:\/\/www.yungayino.cl\/noticias\/?p=17926"},"modified":"2017-06-01T22:49:38","modified_gmt":"2017-06-02T01:49:38","slug":"celebracion-dia-del-patrimonio-cultural-en-yungay","status":"publish","type":"post","link":"https:\/\/www.yungayino.cl\/noticias\/?p=17926","title":{"rendered":"Celebraci\u00f3n \u201cD\u00eda del Patrimonio Cultural\u201d en Yungay"},"content":{"rendered":"<p><img loading=\"lazy\" decoding=\"async\" class=\"alignnone size-full wp-image-17927\" src=\"http:\/\/www.yungayino.cl\/noticias\/wp-content\/uploads\/2017\/06\/dia_patrimonio_2017.jpg\" alt=\"\" width=\"700\" height=\"350\" srcset=\"https:\/\/www.yungayino.cl\/noticias\/wp-content\/uploads\/2017\/06\/dia_patrimonio_2017.jpg 700w, https:\/\/www.yungayino.cl\/noticias\/wp-content\/uploads\/2017\/06\/dia_patrimonio_2017-300x150.jpg 300w\" sizes=\"auto, (max-width: 700px) 100vw, 700px\" \/><\/p>\n<p style=\"text-align: justify;\">Yungay, 01 de Junio de 2017: En la Biblioteca P\u00fablica Oreste Montero se dieron cita un centenar de personas para la celebraci\u00f3n comunal del D\u00eda del Patrimonio Cultural, el cual se celebra desde el a\u00f1o 2000 en Chile, cada \u00faltimo domingo de mayo, con el objetivo de realizar una jornada festiva y de reflexi\u00f3n sobre los valores, el rol y el significado de nuestra herencia cultural.<\/p>\n<p style=\"text-align: justify;\">Es por eso que la Biblioteca P\u00fablica de Yungay por cuarto a\u00f1o consecutivo abri\u00f3 sus puertas este domingo 28 de mayo desde las 12:00 hasta las 18:00 horas, donde realizaron diversas actividades como teatro de t\u00edteres, talleres, obra de teatro, juegos cl\u00e1sicos, pr\u00e9stamos de libros, inscripciones, etc. con motivo de la celebraci\u00f3n de esta gran fiesta cultural.<\/p>\n<p style=\"text-align: justify;\">&nbsp;<\/p>\n<p style=\"text-align: justify;\"><iframe loading=\"lazy\" style=\"border: none; overflow: hidden;\" src=\"https:\/\/www.facebook.com\/plugins\/post.php?href=https:\/\/www.facebook.com\/media\/set\/?set=a.1698242180190814.1073743070.159561284058919&amp;type=1&amp;l=684922bcdf&amp;l=a77e327dc6&amp;l=f5951f1994&amp;l=bfecbb8adf&amp;l=687b6bf5da&amp;width=500&amp;show_text=true&amp;height=691&amp;appId\" width=\"500\" height=\"691\" frameborder=\"0\" scrolling=\"no\"><\/iframe><\/p>\n<p style=\"text-align: justify;\">&nbsp;<\/p>\n<p style=\"text-align: justify;\">Tambi\u00e9n destacar que los asistentes pudieron disfrutar en el segundo piso de una muestra fotogr\u00e1fica que nos llev\u00f3 a recordar \u201cNuestro Yungay de Ayer\u201d, aquellas historias e hitos de anta\u00f1o fueron plasmados en cada una de las im\u00e1genes, donde se retrataba la historia tanto de lugares, familias y personajes que han marcado una parte importante de nuestra comuna.<\/p>\n<p style=\"text-align: justify;\">Finalmente como Equipo del Portal Yungayino.cl, quisi\u00e9ramos felicitar a todo el Equipo de la Biblioteca P\u00fablica Oreste Montero de Yungay liderado por su Jefa se\u00f1ora Paulina \u00c1vila Pinto y al Encargado de Turismo y Cultura de la Ilustre Municipalidad se\u00f1or Miguel Mart\u00ednez, por el excelente trabajo realizado el pasado domingo 28 de mayo en el D\u00eda del Patrimonio Cultural en Yungay.<\/p>\n<p style=\"text-align: justify;\">&nbsp;<\/p>\n<p style=\"text-align: justify;\">[su_button url=\u00bbhttps:\/\/www.facebook.com\/media\/set\/?set=a.1698242180190814.1073743070.159561284058919&amp;type=1&amp;l=684922bcdf\u00bb target=\u00bbblank\u00bb size=\u00bb7&#8243; radius=\u00bbround\u00bb icon=\u00bbicon: facebook-square\u00bb]FOTOGRAF\u00cdAS &#8211; Celebraci\u00f3n \u201cD\u00eda del Patrimonio Cultural\u201d en Yungay[\/su_button]<\/p>\n","protected":false},"excerpt":{"rendered":"<p>Yungay, 01 de Junio de 2017: En la Biblioteca P\u00fablica Oreste Montero se dieron cita un centenar de personas para la celebraci\u00f3n comunal del D\u00eda del Patrimonio Cultural, el cual se celebra desde el&#46;&#46;&#46;<\/p>\n","protected":false},"author":2,"featured_media":17927,"comment_status":"open","ping_status":"open","sticky":false,"template":"","format":"standard","meta":{"footnotes":""},"categories":[1],"tags":[453,1556,1115,8,6,117],"class_list":["post-17926","post","type-post","status-publish","format-standard","has-post-thumbnail","hentry","category-noticias","tag-biblioteca-yungay","tag-dia-patrimonio","tag-noticias","tag-yungay","tag-yungayino","tag-yungayinocl"],"_links":{"self":[{"href":"https:\/\/www.yungayino.cl\/noticias\/index.php?rest_route=\/wp\/v2\/posts\/17926","targetHints":{"allow":["GET"]}}],"collection":[{"href":"https:\/\/www.yungayino.cl\/noticias\/index.php?rest_route=\/wp\/v2\/posts"}],"about":[{"href":"https:\/\/www.yungayino.cl\/noticias\/index.php?rest_route=\/wp\/v2\/types\/post"}],"author":[{"embeddable":true,"href":"https:\/\/www.yungayino.cl\/noticias\/index.php?rest_route=\/wp\/v2\/users\/2"}],"replies":[{"embeddable":true,"href":"https:\/\/www.yungayino.cl\/noticias\/index.php?rest_route=%2Fwp%2Fv2%2Fcomments&post=17926"}],"version-history":[{"count":3,"href":"https:\/\/www.yungayino.cl\/noticias\/index.php?rest_route=\/wp\/v2\/posts\/17926\/revisions"}],"predecessor-version":[{"id":17930,"href":"https:\/\/www.yungayino.cl\/noticias\/index.php?rest_route=\/wp\/v2\/posts\/17926\/revisions\/17930"}],"wp:featuredmedia":[{"embeddable":true,"href":"https:\/\/www.yungayino.cl\/noticias\/index.php?rest_route=\/wp\/v2\/media\/17927"}],"wp:attachment":[{"href":"https:\/\/www.yungayino.cl\/noticias\/index.php?rest_route=%2Fwp%2Fv2%2Fmedia&parent=17926"}],"wp:term":[{"taxonomy":"category","embeddable":true,"href":"https:\/\/www.yungayino.cl\/noticias\/index.php?rest_route=%2Fwp%2Fv2%2Fcategories&post=17926"},{"taxonomy":"post_tag","embeddable":true,"href":"https:\/\/www.yungayino.cl\/noticias\/index.php?rest_route=%2Fwp%2Fv2%2Ftags&post=17926"}],"curies":[{"name":"wp","href":"https:\/\/api.w.org\/{rel}","templated":true}]}}