{"id":17931,"date":"2017-06-01T18:00:02","date_gmt":"2017-06-01T21:00:02","guid":{"rendered":"http:\/\/www.yungayino.cl\/noticias\/?p=17931"},"modified":"2017-06-07T15:17:57","modified_gmt":"2017-06-07T18:17:57","slug":"servicio-de-salud-nuble-fortalece-educacion-para-prevenir-el-cancer","status":"publish","type":"post","link":"https:\/\/www.yungayino.cl\/noticias\/?p=17931","title":{"rendered":"Servicio de Salud \u00d1uble Fortalece Educaci\u00f3n Para Prevenir el C\u00e1ncer"},"content":{"rendered":"<p><img loading=\"lazy\" decoding=\"async\" class=\"alignnone size-full wp-image-17934\" src=\"http:\/\/www.yungayino.cl\/noticias\/wp-content\/uploads\/2017\/06\/salud_cancer.jpg\" alt=\"\" width=\"700\" height=\"350\" srcset=\"https:\/\/www.yungayino.cl\/noticias\/wp-content\/uploads\/2017\/06\/salud_cancer.jpg 700w, https:\/\/www.yungayino.cl\/noticias\/wp-content\/uploads\/2017\/06\/salud_cancer-300x150.jpg 300w\" sizes=\"auto, (max-width: 700px) 100vw, 700px\" \/><\/p>\n<p style=\"text-align: justify;\">Yungay, jueves 01 de junio 2017: A trav\u00e9s de talleres de capacitaci\u00f3n dirigidos a los funcionarios, la instituci\u00f3n refuerza su estrategia de promover la importancia de los factores protectores de esta patolog\u00eda.<\/p>\n<p style=\"text-align: justify;\">Estad\u00edsticas del Ministerio de Salud indican que cerca de un 40% de los casos de C\u00e1ncer se pueden prevenir a trav\u00e9s de estilos de vida saludables. Teniendo en cuenta esta cifra y la prevalencia de la enfermedad en la provincia, el Servicio de Salud \u00d1uble desarrolla jornadas de capacitaci\u00f3n, cuyo objetivo es fortalecer las competencias de los profesionales que se desempe\u00f1an en la red asistencial y de esta forma, mejorar la detecci\u00f3n de los riesgos y potenciar los factores protectores en la prevenci\u00f3n de esta patolog\u00eda.<\/p>\n<p style=\"text-align: justify;\">&nbsp;<iframe loading=\"lazy\" style=\"border: none; overflow: hidden;\" src=\"https:\/\/www.facebook.com\/plugins\/post.php?href=https:\/\/www.facebook.com\/media\/set\/?set=a.1698254746856224.1073743071.159561284058919&amp;type=1&amp;l=f1abe00fa5&amp;l=a77e327dc6&amp;l=f5951f1994&amp;l=bfecbb8adf&amp;l=687b6bf5da&amp;width=500&amp;show_text=true&amp;height=691&amp;appId\" width=\"500\" height=\"691\" frameborder=\"0\" scrolling=\"no\"><\/iframe><\/p>\n<p style=\"text-align: justify;\">&nbsp;Seg\u00fan explic\u00f3 Andrea Hern\u00e1ndez, Jefa del Departamento de Garant\u00edas Expl\u00edcitas en Salud, este taller busca \u201capoyar a los equipos para que aborden la atenci\u00f3n de salud de forma integral, no s\u00f3lo enfoc\u00e1ndose en el aspecto cl\u00ednico, sino que tambi\u00e9n, realizando actividades de educaci\u00f3n, fomentando la importancia del autocuidado en las personas\u201d.<\/p>\n<p style=\"text-align: justify;\">La iniciativa, agreg\u00f3 la profesional, sigue la l\u00ednea de la estrategia que se viene trabajando desde hace algunos a\u00f1os en la red de salud y que apunta a que a trav\u00e9s de medidas que est\u00e1n al alcance de todas las personas, se puede reducir la probabilidad de desarrollar esta enfermedad\u201d.<\/p>\n<p style=\"text-align: justify;\">Andrea Hern\u00e1ndez enfatiz\u00f3 en que \u201chay factores que inciden en el C\u00e1ncer que no podemos cambiar, como son los gen\u00e9ticos, pero hay otros que s\u00ed podemos modificar a trav\u00e9s de la adopci\u00f3n de estilos de vida saludables. Por ello, es necesario sensibilizar a la poblaci\u00f3n en su conjunto, informando sobre el c\u00e1ncer y posicionando la promoci\u00f3n de salud, lo que sin duda contribuir\u00e1 en reducir su incidencia y, a trav\u00e9s de la detecci\u00f3n precoz y tratamientos oportunos, disminuir la mortalidad precoz\u201d, agreg\u00f3 la profesional.<\/p>\n<p style=\"text-align: justify;\"><strong>&nbsp;\u00bfC\u00f3mo Prevenir?<\/strong><\/p>\n<p style=\"text-align: justify;\">Se estima que en nuestra provincia, un 23% de los fallecimientos en \u00d1uble es por c\u00e1nceres, siendo superada en mortalidad s\u00f3lo por las enfermedades cardiovasculares.<\/p>\n<p style=\"text-align: justify;\">Una de las principales recomendaciones para evitar el desarrollo de esta patolog\u00eda es comer sano. Para ello, el consejo es aumentar el consumo de frutas y verduras; evitando al m\u00e1ximo las comidas ricas en grasas saturadas. Esto va ligado a la incorporaci\u00f3n de la actividad f\u00edsica regularmente.<\/p>\n<p style=\"text-align: justify;\">Por otra parte, es relevante limitar la ingesta de bebidas alcoh\u00f3licas y no fumar. A su vez, es fundamental asistir a controles m\u00e9dicos preventivos, por lo menos una vez al a\u00f1o<\/p>\n<p style=\"text-align: justify;\"><strong>\u201cEl Rol de los Alimentos Funcionales\u201d<\/strong><\/p>\n<p style=\"text-align: justify;\">Los alimentos funcionales son aquellos que, en forma natural o procesada, contienen componentes que ejercen efectos beneficiosos para la salud que van m\u00e1s all\u00e1 de la nutrici\u00f3n. Entre este tipo de productos se encuentra el Tomate, que al tener licopeno, reduce el riesgo de c\u00e1ncer a la pr\u00f3stata e infarto al coraz\u00f3n.<\/p>\n<p style=\"text-align: justify;\">Otro alimento funcional es el br\u00f3coli que al estar compuesto de sulforatano, disminuye el riesgo de c\u00e1ncer, lo mismo que la zanahoria, el ajo y la c\u00farcuma.<\/p>\n<p style=\"text-align: justify;\">Asimismo, el t\u00e9, reduce el riesgo de enfermedades coronarias y algunos c\u00e1nceres, al igual que las berries como las fresas, frambuesas y ar\u00e1ndanos que al tener un alto contenido de antioxidantes, ayudan en la prevenci\u00f3n del c\u00e1ncer de boca, es\u00f3fago y colon.<\/p>\n<p style=\"text-align: justify;\">&nbsp;<\/p>\n<p style=\"text-align: justify;\">[su_button url=\u00bbhttps:\/\/www.facebook.com\/media\/set\/?set=a.1698254746856224.1073743071.159561284058919&amp;type=1&amp;l=f1abe00fa5&#8243; target=\u00bbblank\u00bb size=\u00bb7&#8243; radius=\u00bbround\u00bb icon=\u00bbicon: facebook-square\u00bb]FOTOGRAF\u00cdAS &#8211; Servicio de Salud \u00d1uble Fortalece Educaci\u00f3n Para Prevenir el C\u00e1ncer[\/su_button]<\/p>\n","protected":false},"excerpt":{"rendered":"<p>Yungay, jueves 01 de junio 2017: A trav\u00e9s de talleres de capacitaci\u00f3n dirigidos a los funcionarios, la instituci\u00f3n refuerza su estrategia de promover la importancia de los factores protectores de esta patolog\u00eda. Estad\u00edsticas del&#46;&#46;&#46;<\/p>\n","protected":false},"author":2,"featured_media":17934,"comment_status":"open","ping_status":"open","sticky":false,"template":"","format":"standard","meta":{"footnotes":""},"categories":[1],"tags":[1557,1115,8,6,117],"class_list":["post-17931","post","type-post","status-publish","format-standard","has-post-thumbnail","hentry","category-noticias","tag-cancer","tag-noticias","tag-yungay","tag-yungayino","tag-yungayinocl"],"_links":{"self":[{"href":"https:\/\/www.yungayino.cl\/noticias\/index.php?rest_route=\/wp\/v2\/posts\/17931","targetHints":{"allow":["GET"]}}],"collection":[{"href":"https:\/\/www.yungayino.cl\/noticias\/index.php?rest_route=\/wp\/v2\/posts"}],"about":[{"href":"https:\/\/www.yungayino.cl\/noticias\/index.php?rest_route=\/wp\/v2\/types\/post"}],"author":[{"embeddable":true,"href":"https:\/\/www.yungayino.cl\/noticias\/index.php?rest_route=\/wp\/v2\/users\/2"}],"replies":[{"embeddable":true,"href":"https:\/\/www.yungayino.cl\/noticias\/index.php?rest_route=%2Fwp%2Fv2%2Fcomments&post=17931"}],"version-history":[{"count":3,"href":"https:\/\/www.yungayino.cl\/noticias\/index.php?rest_route=\/wp\/v2\/posts\/17931\/revisions"}],"predecessor-version":[{"id":17967,"href":"https:\/\/www.yungayino.cl\/noticias\/index.php?rest_route=\/wp\/v2\/posts\/17931\/revisions\/17967"}],"wp:featuredmedia":[{"embeddable":true,"href":"https:\/\/www.yungayino.cl\/noticias\/index.php?rest_route=\/wp\/v2\/media\/17934"}],"wp:attachment":[{"href":"https:\/\/www.yungayino.cl\/noticias\/index.php?rest_route=%2Fwp%2Fv2%2Fmedia&parent=17931"}],"wp:term":[{"taxonomy":"category","embeddable":true,"href":"https:\/\/www.yungayino.cl\/noticias\/index.php?rest_route=%2Fwp%2Fv2%2Fcategories&post=17931"},{"taxonomy":"post_tag","embeddable":true,"href":"https:\/\/www.yungayino.cl\/noticias\/index.php?rest_route=%2Fwp%2Fv2%2Ftags&post=17931"}],"curies":[{"name":"wp","href":"https:\/\/api.w.org\/{rel}","templated":true}]}}