{"id":17971,"date":"2017-06-07T10:00:51","date_gmt":"2017-06-07T13:00:51","guid":{"rendered":"http:\/\/www.yungayino.cl\/noticias\/?p=17971"},"modified":"2017-06-07T15:28:31","modified_gmt":"2017-06-07T18:28:31","slug":"ministro-de-obras-publicas-visito-yungay","status":"publish","type":"post","link":"https:\/\/www.yungayino.cl\/noticias\/?p=17971","title":{"rendered":"Ministro de Obras P\u00fablicas Visit\u00f3 Yungay"},"content":{"rendered":"<p><img loading=\"lazy\" decoding=\"async\" class=\"alignnone size-full wp-image-17972\" src=\"http:\/\/www.yungayino.cl\/noticias\/wp-content\/uploads\/2017\/06\/ministro_obras_publicas_yungay_201706.jpg\" alt=\"\" width=\"700\" height=\"350\" srcset=\"https:\/\/www.yungayino.cl\/noticias\/wp-content\/uploads\/2017\/06\/ministro_obras_publicas_yungay_201706.jpg 700w, https:\/\/www.yungayino.cl\/noticias\/wp-content\/uploads\/2017\/06\/ministro_obras_publicas_yungay_201706-300x150.jpg 300w\" sizes=\"auto, (max-width: 700px) 100vw, 700px\" \/><\/p>\n<p style=\"text-align: justify;\">Yungay, mi\u00e9rcoles 07 de junio 2017: Tal como se hab\u00eda comprometido, el Ministro de Obras P\u00fablicas, Alberto Undurraga Vicu\u00f1a, visit\u00f3 nuestra comuna para anunciar importantes avances para la conectividad vial de Yungay y sus alrededores.<\/p>\n<p style=\"text-align: justify;\"><iframe loading=\"lazy\" src=\"https:\/\/www.facebook.com\/plugins\/post.php?href=https:\/\/www.facebook.com\/media\/set\/?set=a.1704785239536508.1073743074.159561284058919&#038;type=1&#038;l=f201bfaef5&#038;l=a77e327dc6&#038;l=f5951f1994&#038;l=bfecbb8adf&#038;l=687b6bf5da&#038;width=500&#038;show_text=true&#038;height=691&#038;appId\" width=\"500\" height=\"691\" style=\"border:none;overflow:hidden\" scrolling=\"no\" frameborder=\"0\" allowTransparency=\"true\"><\/iframe>\n<\/p>\n<p style=\"text-align: justify;\">Los proyectos que contemplan el mejoramiento de las Rutas N-901 y N-945. La primera incluye la pavimentaci\u00f3n de los sectores poblados de Rinconada Itata, San Miguel del Itata, el camino al Salto del Itata y Ranchillos Bajos, en total m\u00e1s de 6 kil\u00f3metros de asfalto para mejorar la calidad de vida de los vecinos.<\/p>\n<p style=\"text-align: justify;\">La segunda, que une el Sector de Tres Esquinas con Cholgu\u00e1n Norte, abarca la pavimentaci\u00f3n de m\u00e1s de dos kil\u00f3metros del camino Los Nogales, obras que se iniciar\u00e1n durante el \u00faltimo trimestre de este a\u00f1o.<\/p>\n<p style=\"text-align: justify;\">Finalmente en la instancia, el ministro tambi\u00e9n present\u00f3 el plan de mejoramiento de la Ruta que une Chill\u00e1n con Yungay, conocida por ser una de las m\u00e1s peligrosas de la regi\u00f3n.<\/p>\n<p style=\"text-align: justify;\">&nbsp;<\/p>\n<p style=\"text-align: justify;\">[su_button url=\u00bbhttps:\/\/www.facebook.com\/media\/set\/?set=a.1704785239536508.1073743074.159561284058919&amp;type=1&amp;l=f201bfaef5&#8243; target=\u00bbblank\u00bb size=\u00bb7&#8243; radius=\u00bbround\u00bb icon=\u00bbicon: facebook-square\u00bb]FOTOGRAF\u00cdAS &#8211; Ministro de Obras P\u00fablicas Visit\u00f3 Yungay[\/su_button]<\/p>\n","protected":false},"excerpt":{"rendered":"<p>Yungay, mi\u00e9rcoles 07 de junio 2017: Tal como se hab\u00eda comprometido, el Ministro de Obras P\u00fablicas, Alberto Undurraga Vicu\u00f1a, visit\u00f3 nuestra comuna para anunciar importantes avances para la conectividad vial de Yungay y sus&#46;&#46;&#46;<\/p>\n","protected":false},"author":2,"featured_media":17972,"comment_status":"open","ping_status":"open","sticky":false,"template":"","format":"standard","meta":{"footnotes":""},"categories":[3,1],"tags":[1561,1115,8,117,1096],"class_list":["post-17971","post","type-post","status-publish","format-standard","has-post-thumbnail","hentry","category-actualidad","category-noticias","tag-ministro-obras-publicas","tag-noticias","tag-yungay","tag-yungayinocl","tag-yungaytino"],"_links":{"self":[{"href":"https:\/\/www.yungayino.cl\/noticias\/index.php?rest_route=\/wp\/v2\/posts\/17971","targetHints":{"allow":["GET"]}}],"collection":[{"href":"https:\/\/www.yungayino.cl\/noticias\/index.php?rest_route=\/wp\/v2\/posts"}],"about":[{"href":"https:\/\/www.yungayino.cl\/noticias\/index.php?rest_route=\/wp\/v2\/types\/post"}],"author":[{"embeddable":true,"href":"https:\/\/www.yungayino.cl\/noticias\/index.php?rest_route=\/wp\/v2\/users\/2"}],"replies":[{"embeddable":true,"href":"https:\/\/www.yungayino.cl\/noticias\/index.php?rest_route=%2Fwp%2Fv2%2Fcomments&post=17971"}],"version-history":[{"count":3,"href":"https:\/\/www.yungayino.cl\/noticias\/index.php?rest_route=\/wp\/v2\/posts\/17971\/revisions"}],"predecessor-version":[{"id":17975,"href":"https:\/\/www.yungayino.cl\/noticias\/index.php?rest_route=\/wp\/v2\/posts\/17971\/revisions\/17975"}],"wp:featuredmedia":[{"embeddable":true,"href":"https:\/\/www.yungayino.cl\/noticias\/index.php?rest_route=\/wp\/v2\/media\/17972"}],"wp:attachment":[{"href":"https:\/\/www.yungayino.cl\/noticias\/index.php?rest_route=%2Fwp%2Fv2%2Fmedia&parent=17971"}],"wp:term":[{"taxonomy":"category","embeddable":true,"href":"https:\/\/www.yungayino.cl\/noticias\/index.php?rest_route=%2Fwp%2Fv2%2Fcategories&post=17971"},{"taxonomy":"post_tag","embeddable":true,"href":"https:\/\/www.yungayino.cl\/noticias\/index.php?rest_route=%2Fwp%2Fv2%2Ftags&post=17971"}],"curies":[{"name":"wp","href":"https:\/\/api.w.org\/{rel}","templated":true}]}}