{"id":17996,"date":"2017-06-10T09:00:22","date_gmt":"2017-06-10T12:00:22","guid":{"rendered":"http:\/\/www.yungayino.cl\/noticias\/?p=17996"},"modified":"2017-06-10T13:20:16","modified_gmt":"2017-06-10T16:20:16","slug":"campus-arauco-obtuvo-importante-premio-internacional-de-diseno-y-arquitectura","status":"publish","type":"post","link":"https:\/\/www.yungayino.cl\/noticias\/?p=17996","title":{"rendered":"Campus Arauco Obtuvo Importante Premio Internacional de Dise\u00f1o y Arquitectura"},"content":{"rendered":"<p><img loading=\"lazy\" decoding=\"async\" class=\"alignnone size-full wp-image-17997\" src=\"http:\/\/www.yungayino.cl\/noticias\/wp-content\/uploads\/2017\/06\/arauco_campus_duoc.jpg\" alt=\"\" width=\"700\" height=\"350\" srcset=\"https:\/\/www.yungayino.cl\/noticias\/wp-content\/uploads\/2017\/06\/arauco_campus_duoc.jpg 700w, https:\/\/www.yungayino.cl\/noticias\/wp-content\/uploads\/2017\/06\/arauco_campus_duoc-300x150.jpg 300w\" sizes=\"auto, (max-width: 700px) 100vw, 700px\" \/><\/p>\n<p style=\"text-align: justify;\">Yungay, S\u00e1bado 10 de junio 2017<strong>: <\/strong>El edificio que alberga al Campus Arauco, centro de formaci\u00f3n ubicado en la comuna del mismo nombre, obtuvo la menci\u00f3n Plata del Premio Internacional de dise\u00f1o&nbsp;\u201cA\u2019 Design Award\u201d, en la categor\u00eda Arquitectura, Construcci\u00f3n y Dise\u00f1o Estructural. La ceremonia de premiaci\u00f3n se llev\u00f3 a cabo la ma\u00f1ana del viernes 9 de junio en el Lago di Como, en Italia.<\/p>\n<p style=\"text-align: justify;\">Los participantes fueron evaluados por un jurado de influencia internacional, compuesto por destacados acad\u00e9micos, periodistas, profesionales del dise\u00f1o, creativos y empresarios con amplia experiencia en temas de dise\u00f1o, arquitectura y nuevos proyectos.<\/p>\n<p style=\"text-align: justify;\">Los 2.550 metros cuadrados que dan vida a este campus fueron dise\u00f1ados por los&nbsp;arquitectos \u00c1lvaro Vel\u00e1squez y Mauricio Nachmann, socios del estudio&nbsp;<a href=\"https:\/\/www.linkedin.com\/vsearch\/p?company=GDN+Architects+Global+Design+Network&amp;trk=prof-exp-company-name%20%5Co%20Busca%20otros%20usuarios%20que%20hayan%20trabajado%20en%20esta%20empresa\">GDN Architects<\/a>,&nbsp;a quienes se les encomend\u00f3&nbsp;la misi\u00f3n&nbsp;de utilizar madera de la empresa ARAUCO para el proceso de dise\u00f1o y posterior construcci\u00f3n.<\/p>\n<p style=\"text-align: justify;\"><iframe loading=\"lazy\" style=\"border: none; overflow: hidden;\" src=\"https:\/\/www.facebook.com\/plugins\/post.php?href=https:\/\/www.facebook.com\/media\/set\/?set=a.1708131369201895.1073743079.159561284058919&amp;type=1&amp;l=29b4856cbd&amp;l=a77e327dc6&amp;l=f5951f1994&amp;l=bfecbb8adf&amp;l=687b6bf5da&amp;width=500&amp;show_text=true&amp;height=691&amp;appId\" width=\"500\" height=\"691\" frameborder=\"0\" scrolling=\"no\"><\/iframe><\/p>\n<p style=\"text-align: justify;\">&nbsp;<\/p>\n<p style=\"text-align: justify;\">&nbsp;<strong>Innovaci\u00f3n Aplicada<\/strong><\/p>\n<p style=\"text-align: justify;\">\u201cPara el dise\u00f1o de Campus nos propusimos utilizar toda la innovaci\u00f3n posible aplicada en los materiales. Esa es una caracter\u00edstica que posee la madera de ARAUCO y que nos permiti\u00f3 contar con una amplia gama de productos y tratamientos para la madera, que no solo contribuyen en un sentido est\u00e9tico sino tambi\u00e9n en uno funcional\u201d, explica \u00c1lvaro Vel\u00e1squez.<\/p>\n<p style=\"text-align: justify;\">En esa l\u00ednea, el edificio del Campus Arauco, iniciativa conjunta de la Empresa ARAUCO y Duoc UC, consta de dos edificios que en su dise\u00f1o rescatan lo mejor de las \u00faltimas tecnolog\u00edas aplicadas a la construcci\u00f3n de la madera, teniendo como referencia la l\u00ednea constructiva aplicada principalmente en pa\u00edses europeos. Uno de los recintos posee siete aulas de clases, tres talleres y cuatro laboratorios, mientras que el otro alberga oficinas, sala de profesores y reuniones, la biblioteca, una cafeter\u00eda y una capilla.<\/p>\n<p style=\"text-align: justify;\">Considerando las exigencias del proyecto, desde su origen se desarroll\u00f3 un minucioso trabajo de tratamiento de la madera que incluy\u00f3 el uso de esc\u00e1ner y software de modelamiento de la madera en tres dimensiones, tecnolog\u00eda pocas veces empleada en nuestro pa\u00eds, pero que permite importantes ahorros en el tiempo de montaje y los costos la madera laminada reforzada.<\/p>\n<p style=\"text-align: justify;\"><strong>Entorno<\/strong><\/p>\n<p style=\"text-align: justify;\">Por su parte, Patricio Eyzaguirre,&nbsp; Sub Gerente de Asuntos P\u00fablicos de ARAUCO, valor\u00f3 el resultado alcanzado por los arquitectos, y destaca el rol que jug\u00f3 el material al momento de darle vida al proyecto: \u201cLa arquitectura de Campus consider\u00f3 especialmente el entorno donde se emplaza, porque estamos hablando de un edificio de madera en una zona eminentemente forestal. Para la compa\u00f1\u00eda era simb\u00f3lico que se utilizara un recurso renovable para dar vida a un proyecto que nace como respuesta a necesidades de la comunidad de la zona\u201d.<\/p>\n<p style=\"text-align: justify;\">La ceremonia de premiaci\u00f3n de \u201cA\u2019 Design Awards\u201d se llev\u00f3 a cabo ayer viernes 9 de junio en el Lago di Como en Italia y pone en valor los distintos proyectos cuyo com\u00fan denominador es su funcionalidad, modernidad y uso eficiente del espacio y materiales. A\u2019 Design es un concepto \u00fanico que ofrece como parte del premio publicidad masiva y entrega a los dise\u00f1adores herramientas para potenciar proyectos de alto est\u00e1ndar internacional.<\/p>\n<p style=\"text-align: justify;\">[su_button url=\u00bbhttps:\/\/www.facebook.com\/media\/set\/?set=a.1708131369201895.1073743079.159561284058919&amp;type=1&amp;l=29b4856cbd\u00bb target=\u00bbblank\u00bb size=\u00bb7&#8243; radius=\u00bbround\u00bb icon=\u00bbicon: facebook-square\u00bb]FOTOGRAF\u00cdAS &#8211; Campus Arauco Obtuvo Importante Premio Internacional de Dise\u00f1o y Arquitectura[\/su_button]<\/p>\n","protected":false},"excerpt":{"rendered":"<p>Yungay, S\u00e1bado 10 de junio 2017: El edificio que alberga al Campus Arauco, centro de formaci\u00f3n ubicado en la comuna del mismo nombre, obtuvo la menci\u00f3n Plata del Premio Internacional de dise\u00f1o&nbsp;\u201cA\u2019 Design Award\u201d,&#46;&#46;&#46;<\/p>\n","protected":false},"author":2,"featured_media":17997,"comment_status":"open","ping_status":"open","sticky":false,"template":"","format":"standard","meta":{"footnotes":""},"categories":[3,1],"tags":[350,1569,1115,1570,8,6,117],"class_list":["post-17996","post","type-post","status-publish","format-standard","has-post-thumbnail","hentry","category-actualidad","category-noticias","tag-arauco","tag-duoc-uc","tag-noticias","tag-premio-internacional-diseno-y-arquitectura","tag-yungay","tag-yungayino","tag-yungayinocl"],"_links":{"self":[{"href":"https:\/\/www.yungayino.cl\/noticias\/index.php?rest_route=\/wp\/v2\/posts\/17996","targetHints":{"allow":["GET"]}}],"collection":[{"href":"https:\/\/www.yungayino.cl\/noticias\/index.php?rest_route=\/wp\/v2\/posts"}],"about":[{"href":"https:\/\/www.yungayino.cl\/noticias\/index.php?rest_route=\/wp\/v2\/types\/post"}],"author":[{"embeddable":true,"href":"https:\/\/www.yungayino.cl\/noticias\/index.php?rest_route=\/wp\/v2\/users\/2"}],"replies":[{"embeddable":true,"href":"https:\/\/www.yungayino.cl\/noticias\/index.php?rest_route=%2Fwp%2Fv2%2Fcomments&post=17996"}],"version-history":[{"count":3,"href":"https:\/\/www.yungayino.cl\/noticias\/index.php?rest_route=\/wp\/v2\/posts\/17996\/revisions"}],"predecessor-version":[{"id":18000,"href":"https:\/\/www.yungayino.cl\/noticias\/index.php?rest_route=\/wp\/v2\/posts\/17996\/revisions\/18000"}],"wp:featuredmedia":[{"embeddable":true,"href":"https:\/\/www.yungayino.cl\/noticias\/index.php?rest_route=\/wp\/v2\/media\/17997"}],"wp:attachment":[{"href":"https:\/\/www.yungayino.cl\/noticias\/index.php?rest_route=%2Fwp%2Fv2%2Fmedia&parent=17996"}],"wp:term":[{"taxonomy":"category","embeddable":true,"href":"https:\/\/www.yungayino.cl\/noticias\/index.php?rest_route=%2Fwp%2Fv2%2Fcategories&post=17996"},{"taxonomy":"post_tag","embeddable":true,"href":"https:\/\/www.yungayino.cl\/noticias\/index.php?rest_route=%2Fwp%2Fv2%2Ftags&post=17996"}],"curies":[{"name":"wp","href":"https:\/\/api.w.org\/{rel}","templated":true}]}}