{"id":18025,"date":"2017-06-19T18:00:32","date_gmt":"2017-06-19T21:00:32","guid":{"rendered":"http:\/\/www.yungayino.cl\/noticias\/?p=18025"},"modified":"2017-06-19T21:56:30","modified_gmt":"2017-06-20T00:56:30","slug":"importante-reunion-se-llevo-a-cabo-para-formar-club-de-discapacidad-en-yungay","status":"publish","type":"post","link":"https:\/\/www.yungayino.cl\/noticias\/?p=18025","title":{"rendered":"Importante Reuni\u00f3n se Llev\u00f3 a Cabo Para Formar Club de Discapacidad en Yungay"},"content":{"rendered":"<p><img loading=\"lazy\" decoding=\"async\" class=\"alignnone size-full wp-image-18026\" src=\"http:\/\/www.yungayino.cl\/noticias\/wp-content\/uploads\/2017\/06\/discapacitados_reunion_muni.jpg\" alt=\"\" width=\"700\" height=\"350\" srcset=\"https:\/\/www.yungayino.cl\/noticias\/wp-content\/uploads\/2017\/06\/discapacitados_reunion_muni.jpg 700w, https:\/\/www.yungayino.cl\/noticias\/wp-content\/uploads\/2017\/06\/discapacitados_reunion_muni-300x150.jpg 300w\" sizes=\"auto, (max-width: 700px) 100vw, 700px\" \/><\/p>\n<p style=\"text-align: justify;\">Yungay, lunes 19 de junio 2017: Una muy importante reuni\u00f3n se llev\u00f3 a cabo el pasado mi\u00e9rcoles 14 de junio en la Sala del Casino Municipal, la cual fue liderada por la Jefa del Departamento Social, Asistente Social y Encargada de Discapacidad de la comuna Sra. Tania Jorquera Castillo, donde asistieron varias personas adultas de nuestra comuna que tienen alguna discapacidad.<\/p>\n<p style=\"text-align: justify;\"><iframe loading=\"lazy\" src=\"https:\/\/www.facebook.com\/plugins\/post.php?href=https:\/\/www.facebook.com\/media\/set\/?set=a.1719522211396144.1073743084.159561284058919&#038;type=1&#038;l=04fc60c645&#038;l=a77e327dc6&#038;l=f5951f1994&#038;l=bfecbb8adf&#038;l=687b6bf5da&#038;width=500&#038;show_text=true&#038;height=691&#038;appId\" width=\"500\" height=\"691\" style=\"border:none;overflow:hidden\" scrolling=\"no\" frameborder=\"0\" allowTransparency=\"true\"><\/iframe>\n<\/p>\n<p style=\"text-align: justify;\">En la instancia se escucharon varias opiniones y situaciones que afectan hoy en d\u00eda a las personas discapacitadas de nuestra comuna, as\u00ed como tambi\u00e9n las ganas y entusiasmo de poder formar un Club de Discapacidad.<\/p>\n<p style=\"text-align: justify;\"><strong>Tania Jorquera Castillo<\/strong>, Jefa del Departamento Social, Asistente Social y Encargada de Discapacidad de la comuna, converso y se\u00f1alo al Equipo del Portal Yungayino.cl que esta importante reuni\u00f3n se llev\u00f3 a cabo con la idea de empezar a conformar un Club de Discapacidad en Yungay, con el objetivo de agrupar a todos los adultos que tengan una discapacidad e incentivarlos para que saquen su credencial de discapacidad y as\u00ed formar esta organizaci\u00f3n para que en el futuro puedan postular a proyectos, y tambi\u00e9n para que accedan a algunos beneficios para ellos, finalmente la Sra. Tania Jorquera Castillo reiter\u00f3 un llamado a todos quienes quieran conformar de este club de discapacitados a asistir el viernes 30 de junio a las 11:00 horas a la Biblioteca P\u00fablica de Yungay, donde se conformar\u00e1 y sacaran la personalidad jur\u00eddica del club.<\/p>\n<p style=\"text-align: justify;\">[su_button url=\u00bbhttps:\/\/www.facebook.com\/media\/set\/?set=a.1719522211396144.1073743084.159561284058919&amp;type=1&amp;l=04fc60c645&#8243; target=\u00bbblank\u00bb size=\u00bb7&#8243; radius=\u00bbround\u00bb icon=\u00bbicon: facebook-square\u00bb]FOTOGRAF\u00cdAS &#8211; Importante Reuni\u00f3n se Llev\u00f3 a Cabo para Formar Club de Discapacidad en Yungay[\/su_button]<\/p>\n","protected":false},"excerpt":{"rendered":"<p>Yungay, lunes 19 de junio 2017: Una muy importante reuni\u00f3n se llev\u00f3 a cabo el pasado mi\u00e9rcoles 14 de junio en la Sala del Casino Municipal, la cual fue liderada por la Jefa del&#46;&#46;&#46;<\/p>\n","protected":false},"author":2,"featured_media":18026,"comment_status":"open","ping_status":"open","sticky":false,"template":"","format":"standard","meta":{"footnotes":""},"categories":[1],"tags":[1574,1115,8,6,117],"class_list":["post-18025","post","type-post","status-publish","format-standard","has-post-thumbnail","hentry","category-noticias","tag-discapacidad","tag-noticias","tag-yungay","tag-yungayino","tag-yungayinocl"],"_links":{"self":[{"href":"https:\/\/www.yungayino.cl\/noticias\/index.php?rest_route=\/wp\/v2\/posts\/18025","targetHints":{"allow":["GET"]}}],"collection":[{"href":"https:\/\/www.yungayino.cl\/noticias\/index.php?rest_route=\/wp\/v2\/posts"}],"about":[{"href":"https:\/\/www.yungayino.cl\/noticias\/index.php?rest_route=\/wp\/v2\/types\/post"}],"author":[{"embeddable":true,"href":"https:\/\/www.yungayino.cl\/noticias\/index.php?rest_route=\/wp\/v2\/users\/2"}],"replies":[{"embeddable":true,"href":"https:\/\/www.yungayino.cl\/noticias\/index.php?rest_route=%2Fwp%2Fv2%2Fcomments&post=18025"}],"version-history":[{"count":3,"href":"https:\/\/www.yungayino.cl\/noticias\/index.php?rest_route=\/wp\/v2\/posts\/18025\/revisions"}],"predecessor-version":[{"id":18029,"href":"https:\/\/www.yungayino.cl\/noticias\/index.php?rest_route=\/wp\/v2\/posts\/18025\/revisions\/18029"}],"wp:featuredmedia":[{"embeddable":true,"href":"https:\/\/www.yungayino.cl\/noticias\/index.php?rest_route=\/wp\/v2\/media\/18026"}],"wp:attachment":[{"href":"https:\/\/www.yungayino.cl\/noticias\/index.php?rest_route=%2Fwp%2Fv2%2Fmedia&parent=18025"}],"wp:term":[{"taxonomy":"category","embeddable":true,"href":"https:\/\/www.yungayino.cl\/noticias\/index.php?rest_route=%2Fwp%2Fv2%2Fcategories&post=18025"},{"taxonomy":"post_tag","embeddable":true,"href":"https:\/\/www.yungayino.cl\/noticias\/index.php?rest_route=%2Fwp%2Fv2%2Ftags&post=18025"}],"curies":[{"name":"wp","href":"https:\/\/api.w.org\/{rel}","templated":true}]}}