{"id":18032,"date":"2017-06-21T10:00:05","date_gmt":"2017-06-21T13:00:05","guid":{"rendered":"http:\/\/www.yungayino.cl\/noticias\/?p=18032"},"modified":"2017-06-21T15:35:20","modified_gmt":"2017-06-21T18:35:20","slug":"servicio-de-salud-nuble-entrego-nueva-ambulancia-al-cesfam-de-pemuco","status":"publish","type":"post","link":"https:\/\/www.yungayino.cl\/noticias\/?p=18032","title":{"rendered":"Servicio de Salud \u00d1uble Entreg\u00f3 Nueva Ambulancia al Cesfam de Pemuco"},"content":{"rendered":"<p><img loading=\"lazy\" decoding=\"async\" class=\"alignnone size-full wp-image-18033\" src=\"http:\/\/www.yungayino.cl\/noticias\/wp-content\/uploads\/2017\/06\/pemuco_ambulancia_2017.jpg\" alt=\"\" width=\"700\" height=\"352\" srcset=\"https:\/\/www.yungayino.cl\/noticias\/wp-content\/uploads\/2017\/06\/pemuco_ambulancia_2017.jpg 700w, https:\/\/www.yungayino.cl\/noticias\/wp-content\/uploads\/2017\/06\/pemuco_ambulancia_2017-300x151.jpg 300w, https:\/\/www.yungayino.cl\/noticias\/wp-content\/uploads\/2017\/06\/pemuco_ambulancia_2017-298x150.jpg 298w\" sizes=\"auto, (max-width: 700px) 100vw, 700px\" \/><\/p>\n<p style=\"text-align: justify;\">Yungay, mi\u00e9rcoles 21 de junio 2017: En el Centro de Salud Familiar de Pemuco se congregaron autoridades y representantes de la comunidad local para recibir de parte del Director del Servicio de Salud \u00d1uble, doctor Iv\u00e1n Paul, la nueva ambulancia con la que desde hoy cuenta el Cesfam.<\/p>\n<p style=\"text-align: justify;\">El veh\u00edculo de atenci\u00f3n prehospitalaria es marca Mercedes Benz 4&#215;4 y beneficiar\u00e1 a m\u00e1s de 9 mil personas de la comuna y sectores aleda\u00f1os. Su adquisici\u00f3n contempl\u00f3 una inversi\u00f3n cercana a los $67 millones, financiados por el Ministerio de Salud.<\/p>\n<p style=\"text-align: justify;\"><iframe loading=\"lazy\" style=\"border: none; overflow: hidden;\" src=\"https:\/\/www.facebook.com\/plugins\/post.php?href=https:\/\/www.facebook.com\/media\/set\/?set=a.1721353044546394.1073743085.159561284058919&amp;type=1&amp;l=f9f150db65&amp;l=a77e327dc6&amp;l=f5951f1994&amp;l=bfecbb8adf&amp;l=687b6bf5da&amp;width=500&amp;show_text=true&amp;height=691&amp;appId\" width=\"500\" height=\"691\" frameborder=\"0\" scrolling=\"no\"><\/iframe><\/p>\n<p style=\"text-align: justify;\">Seg\u00fan explic\u00f3 Iv\u00e1n Paul, \u201ccon este nuevo m\u00f3vil damos respuesta a una necesidad muy sentida por la comunidad y adem\u00e1s estamos renovando equipamiento que beneficiar\u00e1 a m\u00e1s de 9 mil personas. El moderno veh\u00edculo est\u00e1 dise\u00f1ado para el transporte pero tambi\u00e9n el rescate de pacientes que requieren de reanimaci\u00f3n y cuidados b\u00e1sicos, desde o hacia establecimientos de mayor complejidad, o a centros de salud que brinden apoyo terap\u00e9utico y diagn\u00f3stico\u201d.<\/p>\n<p style=\"text-align: justify;\">\u201cDe esta forma, los pacientes pueden recibir la primera atenci\u00f3n y ser trasladados en condiciones de calidad y seguridad si es que requieren atenci\u00f3n en un centro de mayor complejidad\u201d, agreg\u00f3 el facultativo.<\/p>\n<p style=\"text-align: justify;\">Esta adquisici\u00f3n, se suma a un sinn\u00famero de avances que est\u00e1n ocurriendo en la Red de Salud de \u00d1uble y buscan acercar y mejorar las prestaciones de salud de las personas. En esa l\u00ednea, el director del Servicio de Salud comparti\u00f3 otras noticias con la comunidad, entre ellas, la ampliaci\u00f3n del Servicio de Atenci\u00f3n M\u00e9dica de Urgencia, que este 2017 concretar\u00e1 la instalaci\u00f3n de nuevas bases SAMU en las comunas de Yungay, El Carmen, Coelemu y Quirihue.<\/p>\n<p style=\"text-align: justify;\">Al respecto, Paul se\u00f1al\u00f3 que esta expansi\u00f3n \u201cnos permitir\u00e1 brindar una atenci\u00f3n prehospitalaria m\u00e1s oportuna, ampliar su cobertura y mejorar los tiempos de respuesta ante una emergencia vital, lo que es fundamental ante casos de urgencia\u201d.<\/p>\n<p style=\"text-align: justify;\">El director enfatiz\u00f3 en que estas inversiones dan cuenta del compromiso del gobierno con el fortalecer a atenci\u00f3n primaria de salud y mejorar la calidad de vida de las personas.<\/p>\n<p style=\"text-align: justify;\">[su_button url=\u00bbhttps:\/\/www.facebook.com\/media\/set\/?set=a.1721353044546394.1073743085.159561284058919&amp;type=1&amp;l=f9f150db65&#8243; target=\u00bbblank\u00bb size=\u00bb7&#8243; radius=\u00bbround\u00bb icon=\u00bbicon: facebook-square\u00bb]FOTOGRAF\u00cdAS &#8211; Servicio de Salud \u00d1uble Entreg\u00f3 Nueva Ambulancia al Cesfam de Pemuco[\/su_button]<\/p>\n","protected":false},"excerpt":{"rendered":"<p>Yungay, mi\u00e9rcoles 21 de junio 2017: En el Centro de Salud Familiar de Pemuco se congregaron autoridades y representantes de la comunidad local para recibir de parte del Director del Servicio de Salud \u00d1uble,&#46;&#46;&#46;<\/p>\n","protected":false},"author":2,"featured_media":18033,"comment_status":"open","ping_status":"open","sticky":false,"template":"","format":"standard","meta":{"footnotes":""},"categories":[1,32],"tags":[1115,30,6,117],"class_list":["post-18032","post","type-post","status-publish","format-standard","has-post-thumbnail","hentry","category-noticias","category-servicios","tag-noticias","tag-pemuco","tag-yungayino","tag-yungayinocl"],"_links":{"self":[{"href":"https:\/\/www.yungayino.cl\/noticias\/index.php?rest_route=\/wp\/v2\/posts\/18032","targetHints":{"allow":["GET"]}}],"collection":[{"href":"https:\/\/www.yungayino.cl\/noticias\/index.php?rest_route=\/wp\/v2\/posts"}],"about":[{"href":"https:\/\/www.yungayino.cl\/noticias\/index.php?rest_route=\/wp\/v2\/types\/post"}],"author":[{"embeddable":true,"href":"https:\/\/www.yungayino.cl\/noticias\/index.php?rest_route=\/wp\/v2\/users\/2"}],"replies":[{"embeddable":true,"href":"https:\/\/www.yungayino.cl\/noticias\/index.php?rest_route=%2Fwp%2Fv2%2Fcomments&post=18032"}],"version-history":[{"count":2,"href":"https:\/\/www.yungayino.cl\/noticias\/index.php?rest_route=\/wp\/v2\/posts\/18032\/revisions"}],"predecessor-version":[{"id":18035,"href":"https:\/\/www.yungayino.cl\/noticias\/index.php?rest_route=\/wp\/v2\/posts\/18032\/revisions\/18035"}],"wp:featuredmedia":[{"embeddable":true,"href":"https:\/\/www.yungayino.cl\/noticias\/index.php?rest_route=\/wp\/v2\/media\/18033"}],"wp:attachment":[{"href":"https:\/\/www.yungayino.cl\/noticias\/index.php?rest_route=%2Fwp%2Fv2%2Fmedia&parent=18032"}],"wp:term":[{"taxonomy":"category","embeddable":true,"href":"https:\/\/www.yungayino.cl\/noticias\/index.php?rest_route=%2Fwp%2Fv2%2Fcategories&post=18032"},{"taxonomy":"post_tag","embeddable":true,"href":"https:\/\/www.yungayino.cl\/noticias\/index.php?rest_route=%2Fwp%2Fv2%2Ftags&post=18032"}],"curies":[{"name":"wp","href":"https:\/\/api.w.org\/{rel}","templated":true}]}}