{"id":18053,"date":"2017-06-27T13:00:51","date_gmt":"2017-06-27T16:00:51","guid":{"rendered":"http:\/\/www.yungayino.cl\/noticias\/?p=18053"},"modified":"2017-06-27T16:24:21","modified_gmt":"2017-06-27T19:24:21","slug":"jardin-infantil-rayo-de-luna-de-yungay-celebro-el-dia-de-la-familia","status":"publish","type":"post","link":"https:\/\/www.yungayino.cl\/noticias\/?p=18053","title":{"rendered":"Jard\u00edn Infantil Rayo de Luna de Yungay Celebr\u00f3 el \u201cD\u00eda de la Familia\u201d"},"content":{"rendered":"<p><img loading=\"lazy\" decoding=\"async\" class=\"alignnone size-full wp-image-18054\" src=\"http:\/\/www.yungayino.cl\/noticias\/wp-content\/uploads\/2017\/06\/dia_familia_jardin_rayo_de_luna.jpg\" alt=\"\" width=\"700\" height=\"700\" srcset=\"https:\/\/www.yungayino.cl\/noticias\/wp-content\/uploads\/2017\/06\/dia_familia_jardin_rayo_de_luna.jpg 700w, https:\/\/www.yungayino.cl\/noticias\/wp-content\/uploads\/2017\/06\/dia_familia_jardin_rayo_de_luna-150x150.jpg 150w, https:\/\/www.yungayino.cl\/noticias\/wp-content\/uploads\/2017\/06\/dia_familia_jardin_rayo_de_luna-300x300.jpg 300w, https:\/\/www.yungayino.cl\/noticias\/wp-content\/uploads\/2017\/06\/dia_familia_jardin_rayo_de_luna-160x160.jpg 160w, https:\/\/www.yungayino.cl\/noticias\/wp-content\/uploads\/2017\/06\/dia_familia_jardin_rayo_de_luna-320x320.jpg 320w\" sizes=\"auto, (max-width: 700px) 100vw, 700px\" \/><\/p>\n<p style=\"text-align: justify;\">Yungay, martes 27 de junio 2017: En las dependencias del Hogar Oreste Montero la Comunidad del Jard\u00edn Infantil Rayo de Luna de Yungay celebr\u00f3 ayer viernes 23 de junio a partir de las 15:00 horas el <strong>\u201cD\u00eda de la Familia\u201d.<\/strong><\/p>\n<p style=\"text-align: justify;\">La actividad cont\u00f3 con una gran asistencia de padres, apoderados, abuelitos e invitados especiales, quienes compartieron una jornada en que hubo m\u00fasica, desfile de modas y escenograf\u00eda para poner de relieve la importancia de la familia en la formaci\u00f3n de las nuevas generaciones, todo preparado con mucho cari\u00f1os por todo el Equipo Multifuncional que compone el Jard\u00edn.<\/p>\n<p style=\"text-align: justify;\"><iframe loading=\"lazy\" style=\"border: none; overflow: hidden;\" src=\"https:\/\/www.facebook.com\/plugins\/post.php?href=https:\/\/www.facebook.com\/media\/set\/?set=a.1728166500531715.1073743089.159561284058919&amp;type=1&amp;l=95a63d141d&amp;l=a77e327dc6&amp;l=f5951f1994&amp;l=bfecbb8adf&amp;l=687b6bf5da&amp;width=500&amp;show_text=true&amp;height=691&amp;appId\" width=\"500\" height=\"691\" frameborder=\"0\" scrolling=\"no\"><\/iframe><\/p>\n<p style=\"text-align: justify;\"><strong>Yenny Cuiti\u00f1o O\u00f1ate<\/strong>, Directora del Jard\u00edn Infantil \u201cRayo de Luna\u201d, se\u00f1alo al Equipo del Portal Yungayino.cl, su alegr\u00eda y satisfacci\u00f3n por esta gran jornada, donde se pudo ver una gran participaci\u00f3n de los ni\u00f1os y ni\u00f1as de los diferentes niveles del Jard\u00edn, quienes con mucho entusiasmo realizaron un desfile de modas con trajes hechos por los propios padres con materiales reciclables, tambi\u00e9n agradeci\u00f3 el apoyo de todas las t\u00edas del jard\u00edn y apoderados para poder realizar esta celebraci\u00f3n que buscaba que los padres compartieran y se conocieran entre ellos.<\/p>\n<p style=\"text-align: justify;\">Destacar que tambi\u00e9n se cont\u00f3 con la participaci\u00f3n del Grupo de Tunas del Magisterio de Chill\u00e1n, que con sus vestimentas antiguas y temas musicales de car\u00e1cter alegre y p\u00edcaro del folclore Europeo e Hispanoamericano mostraron su espect\u00e1culo a los asistentes.<\/p>\n<p style=\"text-align: justify;\">Finalmente la jornada termin\u00f3 con un gran c\u00f3ctel, donde todos los asistentes compartieron para celebrar esta hermosa actividad.<\/p>\n<p style=\"text-align: justify;\">[su_button url=\u00bbhttps:\/\/www.facebook.com\/media\/set\/?set=a.1728166500531715.1073743089.159561284058919&amp;type=1&amp;l=95a63d141d\u00bb target=\u00bbblank\u00bb size=\u00bb7&#8243; radius=\u00bbround\u00bb icon=\u00bbicon: facebook-square\u00bb]FOTOGRAF\u00cdAS &#8211; Jard\u00edn Infantil Rayo de Luna de Yungay Celebr\u00f3 el \u201cD\u00eda de la Familia\u201d[\/su_button]<\/p>\n","protected":false},"excerpt":{"rendered":"<p>Yungay, martes 27 de junio 2017: En las dependencias del Hogar Oreste Montero la Comunidad del Jard\u00edn Infantil Rayo de Luna de Yungay celebr\u00f3 ayer viernes 23 de junio a partir de las 15:00&#46;&#46;&#46;<\/p>\n","protected":false},"author":2,"featured_media":18054,"comment_status":"open","ping_status":"open","sticky":false,"template":"","format":"standard","meta":{"footnotes":""},"categories":[1],"tags":[1581,362,1115,1435,8,6,117],"class_list":["post-18053","post","type-post","status-publish","format-standard","has-post-thumbnail","hentry","category-noticias","tag-dia-de-la-familia","tag-jardin-infantil","tag-noticias","tag-rayo-de-luna","tag-yungay","tag-yungayino","tag-yungayinocl"],"_links":{"self":[{"href":"https:\/\/www.yungayino.cl\/noticias\/index.php?rest_route=\/wp\/v2\/posts\/18053","targetHints":{"allow":["GET"]}}],"collection":[{"href":"https:\/\/www.yungayino.cl\/noticias\/index.php?rest_route=\/wp\/v2\/posts"}],"about":[{"href":"https:\/\/www.yungayino.cl\/noticias\/index.php?rest_route=\/wp\/v2\/types\/post"}],"author":[{"embeddable":true,"href":"https:\/\/www.yungayino.cl\/noticias\/index.php?rest_route=\/wp\/v2\/users\/2"}],"replies":[{"embeddable":true,"href":"https:\/\/www.yungayino.cl\/noticias\/index.php?rest_route=%2Fwp%2Fv2%2Fcomments&post=18053"}],"version-history":[{"count":3,"href":"https:\/\/www.yungayino.cl\/noticias\/index.php?rest_route=\/wp\/v2\/posts\/18053\/revisions"}],"predecessor-version":[{"id":18057,"href":"https:\/\/www.yungayino.cl\/noticias\/index.php?rest_route=\/wp\/v2\/posts\/18053\/revisions\/18057"}],"wp:featuredmedia":[{"embeddable":true,"href":"https:\/\/www.yungayino.cl\/noticias\/index.php?rest_route=\/wp\/v2\/media\/18054"}],"wp:attachment":[{"href":"https:\/\/www.yungayino.cl\/noticias\/index.php?rest_route=%2Fwp%2Fv2%2Fmedia&parent=18053"}],"wp:term":[{"taxonomy":"category","embeddable":true,"href":"https:\/\/www.yungayino.cl\/noticias\/index.php?rest_route=%2Fwp%2Fv2%2Fcategories&post=18053"},{"taxonomy":"post_tag","embeddable":true,"href":"https:\/\/www.yungayino.cl\/noticias\/index.php?rest_route=%2Fwp%2Fv2%2Ftags&post=18053"}],"curies":[{"name":"wp","href":"https:\/\/api.w.org\/{rel}","templated":true}]}}